{"id":191734,"date":"2008-01-04T03:04:12","date_gmt":"2008-01-04T03:04:12","guid":{"rendered":"http:\/\/diariodominicano.ddns.net\/?p=191734"},"modified":"2008-01-04T03:04:12","modified_gmt":"2008-01-04T03:04:12","slug":"pura-demagogia-de-millonario-propuesta-de-rossello","status":"publish","type":"post","link":"https:\/\/diariodominicano.com\/?p=191734","title":{"rendered":"\u201cPura demagogia de millonario\u201d, propuesta de Rossell\u00f3"},"content":{"rendered":"<p><body><\/p>\n<p align=\"justify\"> <span class=\"titulogrande1\">\u201cPura demagogia de millonario\u201d, propuesta de Rossell\u00f3<\/span><br \/>&#13;<br \/>\n  <br \/>&#13;<br \/>\n    <strong>As\u00ed describi\u00f3 Acevedo Vil\u00e1 la promesa en que el senador asegura que, de ganar las elecciones, reducir\u00eda en un 10% su salario y el de los jefes de agencia.<\/strong><\/p>\n<p>&#13;<\/p>\n<p align=\"justify\" class=\"text1noticias\"><strong>SAN JUAN.-<\/strong> El gobernador An\u00edbal Acevedo Vil\u00e1 rechaz\u00f3 hoy tajantemente una iniciativa del aspirante novoprogresista a la gobernaci\u00f3n Pedro Rossell\u00f3, quien asegur\u00f3 que, de ganar las elecciones generales, se reducir\u00eda su salario y el de los jefes de agencia en un 10%.<br \/>&#13;<br \/>\n  <br \/>&#13;<br \/>\n\u201cYo creo que eso es pura demagogia de un millonario que quiere volver a ser gobernador\u201d, se limit\u00f3 a decir Acevedo Vil\u00e1 cuando se le pregunt\u00f3 si \u00e9l acoger\u00eda la propuesta o propondr\u00eda otra cosa.<\/p>\n<p>&#13;<\/p>\n<p align=\"justify\" class=\"text1noticias\">El mandatario tambi\u00e9n rechaz\u00f3 de golpe y porrazo la abortada iniciativa del representante novoprogresista Rolando Crespo, quien propuso que se aumente el salario del gobernante a partir de 2009 a cambio de que La Fortaleza ya no sea la residencia de la primera familia.<br \/>&#13;<br \/>\n  <br \/>&#13;<br \/>\n\u201cEste pa\u00eds tiene otros asuntos much\u00edsimo m\u00e1s importantes en qu\u00e9 dedicar nuestras energ\u00edas y yo no voy a perder ni un minuto en eso\u201d, sostuvo Acevedo Vil\u00e1 en una conferencia de prensa.<br \/>&#13;<br \/>\n<br \/>&#13;<br \/>\nLa propuesta de Crespo se hizo sal y agua luego que Rossell\u00f3, presidente del Partido Nuevo Progresista (PNP), rechazara la medida.<br \/>&#13;<br \/>\n<br \/>&#13;<br \/>\n\u201cHe determinado no atender el aumento sugerido y s\u00ed radicar inmediatamente la propuesta para que La Fortaleza se convierta en un museo\u201d, dijo Crespo en un comunicado.<br \/>&#13;<br \/>\n<br \/>&#13;<br \/>\nEl legislador de la mayor\u00eda parlamentaria propone que se convierta el Palacio de Santa Catalina en un museo y que ya no sea la residencia los gobernantes de la isla.<br \/>&#13;<br \/>\n<br \/>&#13;<br \/>\n  La Fortaleza ha sido la residencia del mandatario de Puerto Rico desde el siglo 16.<br \/>&#13;<br \/>\n  <br \/>&#13;<br \/>\n  Crespo asegur\u00f3 que su propuesta est\u00e1 contemplada dentro del programa vigente del PNP en la secci\u00f3n 19.23, donde establece que el Palacio de Santa Catalina, mejor conocido como La Fortaleza se convertir\u00e1 en el Museo Hist\u00f3rico de Puerto Rico.<br \/>&#13;<br \/>\n  <br \/>&#13;<br \/>\n  La Fortaleza fue construida entre 1533 a 1540 y es la mansi\u00f3n ejecutiva m\u00e1s antigua en uso continuo en el hemisferio occidental. El tercer piso de la hist\u00f3rica estructura sirve de residencia al gobernante y su familia.<br \/>&#13;<br \/>\n  <br \/>&#13;<br \/>\n  Originalmente, serv\u00eda para vigilar la entrada a la bah\u00eda de San Juan. Ha sido remodelada varias veces para servir de residencia de los oficiales de la corona espa\u00f1ola y para guardar documentos de Hacienda.<br \/>&#13;<br \/>\n  <br \/>&#13;<br \/>\n  Por Manuel Ernesto Rivera (AP) <br \/>&#13;\n<\/p>\n<p>&#13;<\/p>\n<h6> 2008-01-04 03:04:12 <\/h6>\n<p><!--\n<link rel=\"stylesheet\" href=\"css\/bootstrap.min.css\">\n\n\n<ul class=\"pagination\">\n\t    \n\t\n\n<li >\n\t<a href='?page_no=34481'>Previous<\/a>\n\t<\/li>\n\n\n       \n    \n\n<li><a href='?page_no=1'>1<\/a><\/li>\n\n\n\n<li><a href='?page_no=2'>2<\/a><\/li>\n\n\n\n<li><a>...<\/a><\/li>\n\n\n\n<li><a href='?page_no=34480'>34480<\/a><\/li>\n\n\n\n<li><a href='?page_no=34481'>34481<\/a><\/li>\n\n\n\n<li class='active'><a>34482<\/a><\/li>\n\n\n\n<li><a href='?page_no=34483'>34483<\/a><\/li>\n\n\n\n<li><a href='?page_no=34484'>34484<\/a><\/li>\n\n\n\n<li><a>...<\/a><\/li>\n\n\n\n<li><a href='?page_no=36999'>36999<\/a><\/li>\n\n\n\n<li><a href='?page_no=37000'>37000<\/a><\/li>\n\n    \n\t\n\n<li >\n\t<a href='?page_no=34483'>Next<\/a>\n\t<\/li>\n\n\n    \n\n<li><a href='?page_no=37000'>Last &rsaquo;&rsaquo;<\/a><\/li>\n\n<\/ul>\n\n\n--><br \/>\n<\/body><\/p>\n","protected":false},"excerpt":{"rendered":"<p>\u201cPura demagogia de millonario\u201d, propuesta de Rossell\u00f3&#13; &#13; As\u00ed describi\u00f3 Acevedo Vil\u00e1 la promesa en que el senador asegura que, de ganar las elecciones, reducir\u00eda en un 10% su salario y el de los jefes de agencia. &#13; SAN JUAN.- El gobernador An\u00edbal Acevedo Vil\u00e1 rechaz\u00f3 hoy tajantemente una iniciativa del aspirante novoprogresista a la [&hellip;]<\/p>\n","protected":false},"author":3,"featured_media":0,"comment_status":"open","ping_status":"open","sticky":false,"template":"","format":"standard","meta":{"footnotes":""},"categories":[22],"tags":[],"class_list":["post-191734","post","type-post","status-publish","format-standard","hentry","category-politica"],"_links":{"self":[{"href":"https:\/\/diariodominicano.com\/index.php?rest_route=\/wp\/v2\/posts\/191734","targetHints":{"allow":["GET"]}}],"collection":[{"href":"https:\/\/diariodominicano.com\/index.php?rest_route=\/wp\/v2\/posts"}],"about":[{"href":"https:\/\/diariodominicano.com\/index.php?rest_route=\/wp\/v2\/types\/post"}],"author":[{"embeddable":true,"href":"https:\/\/diariodominicano.com\/index.php?rest_route=\/wp\/v2\/users\/3"}],"replies":[{"embeddable":true,"href":"https:\/\/diariodominicano.com\/index.php?rest_route=%2Fwp%2Fv2%2Fcomments&post=191734"}],"version-history":[{"count":0,"href":"https:\/\/diariodominicano.com\/index.php?rest_route=\/wp\/v2\/posts\/191734\/revisions"}],"wp:attachment":[{"href":"https:\/\/diariodominicano.com\/index.php?rest_route=%2Fwp%2Fv2%2Fmedia&parent=191734"}],"wp:term":[{"taxonomy":"category","embeddable":true,"href":"https:\/\/diariodominicano.com\/index.php?rest_route=%2Fwp%2Fv2%2Fcategories&post=191734"},{"taxonomy":"post_tag","embeddable":true,"href":"https:\/\/diariodominicano.com\/index.php?rest_route=%2Fwp%2Fv2%2Ftags&post=191734"}],"curies":[{"name":"wp","href":"https:\/\/api.w.org\/{rel}","templated":true}]}}