{"id":191731,"date":"2008-01-04T17:06:14","date_gmt":"2008-01-04T17:06:14","guid":{"rendered":"http:\/\/diariodominicano.ddns.net\/?p=191731"},"modified":"2008-01-04T17:06:14","modified_gmt":"2008-01-04T17:06:14","slug":"pld-inaugurara-dia-7-su-local-nacional-de-campana","status":"publish","type":"post","link":"https:\/\/diariodominicano.com\/?p=191731","title":{"rendered":"PLD inaugurar\u00e1 d\u00eda 7 su  local nacional de campa\u00f1a"},"content":{"rendered":"<p><body><\/p>\n<p class=\"titulogrande1\">PLD inaugurar\u00e1 d\u00eda 7 su\u00a0 local nacional de campa\u00f1a<\/p>\n<p>&#13;<\/p>\n<p align=\"justify\" class=\"text1noticias\"><strong><img loading=\"lazy\" decoding=\"async\" src=\"http:\/\/localhost:8080\/pictures\/pld269.jpg\" width=\"269\" height=\"210\" hspace=\"4\" align=\"left\" \/>SANTO DOMINGO.-<\/strong> La apertura inaugural del local donde  funcionar\u00e1 el Comit\u00e9 Nacional de Campa\u00f1a del Partido de la Liberaci\u00f3n Dominicana  (PLD) ser\u00e1 el inicio de un programa de actividades que culminar\u00e1 con la  proclamaci\u00f3n formal de la candidatura presidencial del doctor Leonel Fern\u00e1ndez. <br \/>&#13;<br \/>\n  <br \/>&#13;<br \/>\n  Melanio Paredes, miembro del Comit\u00e9 Central de la  organizaci\u00f3n pol\u00edtica,\u00a0 reiter\u00f3 que dicha  inauguraci\u00f3n est\u00e1 pautada para el 7\u00a0de enero en la Avenida Bol\u00edvar  esquina Tiradentes. <br \/>&#13;<br \/>\n  <br \/>&#13;<br \/>\n\u00abE iniciaremos nuestras actividades que implican  m\u00faltiples iniciativas hasta que el candidato sea proclamado el pr\u00f3ximo 27 de  enero\u00bb, enfatiz\u00f3 Paredes en rese\u00f1a divulgada por la Secretar\u00eda de  Comunicaciones del LD. <br \/>&#13;<br \/>\n<br \/>&#13;<br \/>\nAdelant\u00f3 que habr\u00e1 una programaci\u00f3n de actividades  semanales y continuas que se extender\u00e1 hasta las proximidades del 16 de mayo,  cuando por ley deben cesar todas las modalidades de propaganda. <br \/>&#13;<br \/>\n<br \/>&#13;<br \/>\nProclam\u00f3 que todas las condiciones est\u00e1n dadas para  que se produzca un triunfo electoral en \u00fanica vuelta, fruto del excelente  posicionamiento del Partido de la Liberaci\u00f3n Dominicana  y de su presidente y candidato, Leonel Fern\u00e1ndez. <br \/>&#13;<br \/>\n<br \/>&#13;<br \/>\nIndic\u00f3 que Fern\u00e1ndez ha centrado su accionar de los  \u00faltimos meses en sus responsabilidades de Estado como titular del Poder  Ejecutivo, resignando su condici\u00f3n de candidato presidencial del PLD hasta que  se produzca su proclamaci\u00f3n oficial. <br \/>&#13;<br \/>\n<br \/>&#13;<br \/>\nInsisti\u00f3 en que ser\u00e1 a partir del d\u00eda 7 del presente  mes cuando las estructuras de coordinaci\u00f3n y operativa de campa\u00f1a comenzar\u00e1n a  perfilar el trabajo pol\u00edtico con miras a retener la presidencia de la Rep\u00fablica en las  elecciones de mayo. <br \/>&#13;<br \/>\n<br \/>&#13;<br \/>\nRecord\u00f3 que en noviembre pasado la direcci\u00f3n del  Partido de la   Liberaci\u00f3n Dominicana decidi\u00f3 suspender el proselitismo, tras  el paso de la tormenta Noel, luego por la tormenta Olga y durante todo el  per\u00edodo navide\u00f1o y a\u00f1o nuevo por la petici\u00f3n que en ese sentido hiciera la Iglesia Cat\u00f3lica  a trav\u00e9s del obispado dominicano. <\/p>\n<p>&#13;<\/p>\n<h6> 2008-01-04 17:06:14 <\/h6>\n<p><!--\n<link rel=\"stylesheet\" href=\"css\/bootstrap.min.css\">\n\n\n<ul class=\"pagination\">\n\t    \n\t\n\n<li >\n\t<a href='?page_no=34478'>Previous<\/a>\n\t<\/li>\n\n\n       \n    \n\n<li><a href='?page_no=1'>1<\/a><\/li>\n\n\n\n<li><a href='?page_no=2'>2<\/a><\/li>\n\n\n\n<li><a>...<\/a><\/li>\n\n\n\n<li><a href='?page_no=34477'>34477<\/a><\/li>\n\n\n\n<li><a href='?page_no=34478'>34478<\/a><\/li>\n\n\n\n<li class='active'><a>34479<\/a><\/li>\n\n\n\n<li><a href='?page_no=34480'>34480<\/a><\/li>\n\n\n\n<li><a href='?page_no=34481'>34481<\/a><\/li>\n\n\n\n<li><a>...<\/a><\/li>\n\n\n\n<li><a href='?page_no=36999'>36999<\/a><\/li>\n\n\n\n<li><a href='?page_no=37000'>37000<\/a><\/li>\n\n    \n\t\n\n<li >\n\t<a href='?page_no=34480'>Next<\/a>\n\t<\/li>\n\n\n    \n\n<li><a href='?page_no=37000'>Last &rsaquo;&rsaquo;<\/a><\/li>\n\n<\/ul>\n\n\n--><br \/>\n<\/body><\/p>\n","protected":false},"excerpt":{"rendered":"<p>PLD inaugurar\u00e1 d\u00eda 7 su\u00a0 local nacional de campa\u00f1a &#13; SANTO DOMINGO.- La apertura inaugural del local donde funcionar\u00e1 el Comit\u00e9 Nacional de Campa\u00f1a del Partido de la Liberaci\u00f3n Dominicana (PLD) ser\u00e1 el inicio de un programa de actividades que culminar\u00e1 con la proclamaci\u00f3n formal de la candidatura presidencial del doctor Leonel Fern\u00e1ndez. &#13; &#13; [&hellip;]<\/p>\n","protected":false},"author":3,"featured_media":0,"comment_status":"open","ping_status":"open","sticky":false,"template":"","format":"standard","meta":{"footnotes":""},"categories":[22],"tags":[],"class_list":["post-191731","post","type-post","status-publish","format-standard","hentry","category-politica"],"_links":{"self":[{"href":"https:\/\/diariodominicano.com\/index.php?rest_route=\/wp\/v2\/posts\/191731","targetHints":{"allow":["GET"]}}],"collection":[{"href":"https:\/\/diariodominicano.com\/index.php?rest_route=\/wp\/v2\/posts"}],"about":[{"href":"https:\/\/diariodominicano.com\/index.php?rest_route=\/wp\/v2\/types\/post"}],"author":[{"embeddable":true,"href":"https:\/\/diariodominicano.com\/index.php?rest_route=\/wp\/v2\/users\/3"}],"replies":[{"embeddable":true,"href":"https:\/\/diariodominicano.com\/index.php?rest_route=%2Fwp%2Fv2%2Fcomments&post=191731"}],"version-history":[{"count":0,"href":"https:\/\/diariodominicano.com\/index.php?rest_route=\/wp\/v2\/posts\/191731\/revisions"}],"wp:attachment":[{"href":"https:\/\/diariodominicano.com\/index.php?rest_route=%2Fwp%2Fv2%2Fmedia&parent=191731"}],"wp:term":[{"taxonomy":"category","embeddable":true,"href":"https:\/\/diariodominicano.com\/index.php?rest_route=%2Fwp%2Fv2%2Fcategories&post=191731"},{"taxonomy":"post_tag","embeddable":true,"href":"https:\/\/diariodominicano.com\/index.php?rest_route=%2Fwp%2Fv2%2Ftags&post=191731"}],"curies":[{"name":"wp","href":"https:\/\/api.w.org\/{rel}","templated":true}]}}