{"id":191728,"date":"2008-01-04T23:41:56","date_gmt":"2008-01-04T23:41:56","guid":{"rendered":"http:\/\/diariodominicano.ddns.net\/?p=191728"},"modified":"2008-01-04T23:41:56","modified_gmt":"2008-01-04T23:41:56","slug":"ptd-reconoce-esfuezos-del-gobierno-por-la-recuperacion-nacional","status":"publish","type":"post","link":"https:\/\/diariodominicano.com\/?p=191728","title":{"rendered":"PTD reconoce esfuezos del Gobierno por la Recuperacion Nacional"},"content":{"rendered":"<p><body><\/p>\n<p class=\"titulogrande1\"><strong>PTD reconoce esfuezos  del Gobierno por la Recuperacion Nacional<\/strong><\/p>\n<p>&#13;<\/p>\n<p align=\"justify\" class=\"text1noticias\"><strong><img loading=\"lazy\" decoding=\"async\" src=\"http:\/\/localhost:8080\/pictures\/gonzalez espinosa.jpg\" width=\"269\" height=\"264\" hspace=\"4\" align=\"left\" \/>BARAHONA.-<\/strong> La  actuaci\u00f3n del Gobierno dominicano, y espec\u00edficamente la del Presidente de la Rep\u00fablica doctor Leonel  Fern\u00e1ndez, ante las consecuencias\u00a0 de las tormentas Noel y Olga, fue  reconocida\u00a0 por  el Partido de los Trabajadores Dominicanos (PTD). <br \/>&#13;<br \/>\n  <br \/>&#13;<br \/>\n  La  valoraci\u00f3n del PTD fue realizada por el Presidente de esa organizaci\u00f3n, Jos\u00e9 Gonz\u00e1lez  Espinosa, durante una sesi\u00f3n de la Comisi\u00f3n Pol\u00edtica Nacional, celebrada el pasado  jueves, y por el Vicesecretario General, licenciado Francisco Luciano,\u00a0 en un art\u00edculo  del\u00a0\u00a0  bolet\u00edn \u201cMente Libre\u201d. <\/p>\n<p>&#13;<\/p>\n<p align=\"justify\" class=\"text1noticias\"> Gonz\u00e1lez  Espinosa dijo que el mandatario actu\u00f3 de manera solidaria y correcta, llevando  apoyo y aliento a los miles de\u00a0 damnificados y resalt\u00f3 que las  medidas tomadas\u00a0  han conducido a\u00a0 una\u00a0 r\u00e1pida recuperaci\u00f3n en varios  aspectos b\u00e1sicos\u00a0  de la vida nacional, incluyendo la apropiaci\u00f3n de fondos  extraordinarios a organismos como las Secretar\u00edas de Agricultura\u00a0 y Obras  P\u00fablicas, Banco Agr\u00edcola, INAVI, INDRHI, entre otros. <\/p>\n<p>&#13;<\/p>\n<p align=\"justify\" class=\"text1noticias\">La Comisi\u00f3n   Pol\u00edtica respald\u00f3 de manera  un\u00e1nime los juicios del\u00a0 Presidente  del PTD. <br \/>&#13;<br \/>\n  <br \/>&#13;<br \/>\n  Por  su parte Luciano, en su art\u00edculo en el \u00f3rgano oficial del PTD, Mente Libre,  resalt\u00f3 la responsabilidad y entereza del mandatario frente a una situaci\u00f3n  tr\u00e1gica, disponiendo la r\u00e1pida reconstrucci\u00f3n de miles de viviendas. <br \/>&#13;<br \/>\n  <br \/>&#13;<br \/>\n  La  eficiencia del\u00a0  gobierno \u201cse expres\u00f3 en el esfuerzo por guarecer a  la gente en lugares seguros, con un fluido suministro de alimentos y medicinas  a los afectados y la intervenci\u00f3n r\u00e1pida para recuperar el sistema el\u00e9ctrico,  restaurar caminos, puentes y acueductos\u201d. <\/p>\n<p>&#13;<\/p>\n<p align=\"justify\" class=\"text1noticias\">Leonel Fern\u00e1ndez se creci\u00f3 ante  la adversidad respondiendo a\u00a0 la confianza que generan su  carisma y su liderazgo, a juicio de Luciano. La edici\u00f3n n\u00famero 8 del bolet\u00edn  Mente Libre fue puesta en circulaci\u00f3n recientemente por la Secretar\u00eda de  Comunicaciones del PTD. <\/p>\n<p>&#13;<\/p>\n<h6> 2008-01-04 23:41:56 <\/h6>\n<p><!--\n<link rel=\"stylesheet\" href=\"css\/bootstrap.min.css\">\n\n\n<ul class=\"pagination\">\n\t    \n\t\n\n<li >\n\t<a href='?page_no=34475'>Previous<\/a>\n\t<\/li>\n\n\n       \n    \n\n<li><a href='?page_no=1'>1<\/a><\/li>\n\n\n\n<li><a href='?page_no=2'>2<\/a><\/li>\n\n\n\n<li><a>...<\/a><\/li>\n\n\n\n<li><a href='?page_no=34474'>34474<\/a><\/li>\n\n\n\n<li><a href='?page_no=34475'>34475<\/a><\/li>\n\n\n\n<li class='active'><a>34476<\/a><\/li>\n\n\n\n<li><a href='?page_no=34477'>34477<\/a><\/li>\n\n\n\n<li><a href='?page_no=34478'>34478<\/a><\/li>\n\n\n\n<li><a>...<\/a><\/li>\n\n\n\n<li><a href='?page_no=36999'>36999<\/a><\/li>\n\n\n\n<li><a href='?page_no=37000'>37000<\/a><\/li>\n\n    \n\t\n\n<li >\n\t<a href='?page_no=34477'>Next<\/a>\n\t<\/li>\n\n\n    \n\n<li><a href='?page_no=37000'>Last &rsaquo;&rsaquo;<\/a><\/li>\n\n<\/ul>\n\n\n--><br \/>\n<\/body><\/p>\n","protected":false},"excerpt":{"rendered":"<p>PTD reconoce esfuezos del Gobierno por la Recuperacion Nacional &#13; BARAHONA.- La actuaci\u00f3n del Gobierno dominicano, y espec\u00edficamente la del Presidente de la Rep\u00fablica doctor Leonel Fern\u00e1ndez, ante las consecuencias\u00a0 de las tormentas Noel y Olga, fue reconocida\u00a0 por el Partido de los Trabajadores Dominicanos (PTD). &#13; &#13; La valoraci\u00f3n del PTD fue realizada por [&hellip;]<\/p>\n","protected":false},"author":3,"featured_media":0,"comment_status":"open","ping_status":"open","sticky":false,"template":"","format":"standard","meta":{"footnotes":""},"categories":[22],"tags":[],"class_list":["post-191728","post","type-post","status-publish","format-standard","hentry","category-politica"],"_links":{"self":[{"href":"https:\/\/diariodominicano.com\/index.php?rest_route=\/wp\/v2\/posts\/191728","targetHints":{"allow":["GET"]}}],"collection":[{"href":"https:\/\/diariodominicano.com\/index.php?rest_route=\/wp\/v2\/posts"}],"about":[{"href":"https:\/\/diariodominicano.com\/index.php?rest_route=\/wp\/v2\/types\/post"}],"author":[{"embeddable":true,"href":"https:\/\/diariodominicano.com\/index.php?rest_route=\/wp\/v2\/users\/3"}],"replies":[{"embeddable":true,"href":"https:\/\/diariodominicano.com\/index.php?rest_route=%2Fwp%2Fv2%2Fcomments&post=191728"}],"version-history":[{"count":0,"href":"https:\/\/diariodominicano.com\/index.php?rest_route=\/wp\/v2\/posts\/191728\/revisions"}],"wp:attachment":[{"href":"https:\/\/diariodominicano.com\/index.php?rest_route=%2Fwp%2Fv2%2Fmedia&parent=191728"}],"wp:term":[{"taxonomy":"category","embeddable":true,"href":"https:\/\/diariodominicano.com\/index.php?rest_route=%2Fwp%2Fv2%2Fcategories&post=191728"},{"taxonomy":"post_tag","embeddable":true,"href":"https:\/\/diariodominicano.com\/index.php?rest_route=%2Fwp%2Fv2%2Ftags&post=191728"}],"curies":[{"name":"wp","href":"https:\/\/api.w.org\/{rel}","templated":true}]}}