{"id":191727,"date":"2008-01-04T23:48:04","date_gmt":"2008-01-04T23:48:04","guid":{"rendered":"http:\/\/diariodominicano.ddns.net\/?p=191727"},"modified":"2008-01-04T23:48:04","modified_gmt":"2008-01-04T23:48:04","slug":"alfredo-pacheco-considera-alto-costo-de-la-vida-perjudicara-a-reeleccion","status":"publish","type":"post","link":"https:\/\/diariodominicano.com\/?p=191727","title":{"rendered":"Alfredo Pacheco considera alto costo de la vida, perjudicar\u00e1 a reelecci\u00f3n"},"content":{"rendered":"<p><body><\/p>\n<p align=\"justify\" class=\"titulogrande1\">Alfredo  Pacheco considera alto costo de la vida, perjudicar\u00e1 a reelecci\u00f3n<\/p>\n<p>&#13;<\/p>\n<p align=\"justify\" class=\"text1noticias\"><strong>Santo Domingo.- <\/strong>El director  pol\u00edtico de la   Campa\u00f1a Electoral del Partido Revolucionario Dominicano (PRD),  Alfredo Pacheco, asegur\u00f3 \u00a0que el pa\u00eds  vive en un ambiente de quejas por el alto costo de la vida, lo que a su  entender no favorecer\u00e1 la reelecci\u00f3n del presidente Leonel Fern\u00e1ndez, en los  pr\u00f3ximos comicios. <br \/>&#13;<br \/>\n  <br \/>&#13;<br \/>\n  Indic\u00f3 que \u00abel ambiente que se respira en los principales centros de la Rep\u00fablica Dominicana,  donde hay participaci\u00f3n de personas, no se percibe la consolidaci\u00f3n del  presidente Leonel Fern\u00e1ndez para las pr\u00f3ximas elecciones\u00bb. <br \/>&#13;<br \/>\n  <br \/>&#13;<br \/>\n  Precis\u00f3 que un 62% de los dominicanos se muestra inconforme, por la manera en  que el presidente est\u00e1 aplicando la pol\u00edtica actual, lo que \u00abha provocado que  la valoraci\u00f3n de este haya descendido estrepitosamente\u00bb.<br \/>&#13;<br \/>\n  <br \/>&#13;<br \/>\n  Expres\u00f3 que \u00abcon esa situaci\u00f3n, ning\u00fan candidato puede llegar a  reelegirse, ya que su positivo y negativo est\u00e1 en un 47% de negatividad y no es  verdad que con ese porcentaje ning\u00fan candidato puede obtener la presidencia de la Rep\u00fablica\u00bb. <br \/>&#13;<br \/>\n  <br \/>&#13;<br \/>\n  Indic\u00f3 que su partido posee una gran cantidad de votos en gran parte de las  provincias, lo que considera marcar\u00e1 el primer lugar de Miguel Vargas  Maldonado, en la preferencia del electorado para el 16 de mayo. <br \/>&#13;<br \/>\n  <br \/>&#13;<br \/>\n  Consider\u00f3 que su organismo pol\u00edtico, ha salido con buen pie, este a\u00f1o y que  tienen todo un programa de actividades que le permitir\u00e1 consolidar la presencia  del candidato Miguel Vargas Maldonado, en el electorado nacional. <br \/>&#13;<br \/>\n  <br \/>&#13;<br \/>\n  Revel\u00f3 que a partir de ahora, trabajaran en la campa\u00f1a que inicia, como si  estuvieran en una posici\u00f3n de mucha desventaja, que a su entender \u00abno es  la situaci\u00f3n\u00bb.<br \/>&#13;<br \/>\n  <br \/>&#13;<br \/>\n\u00abNosotros estamos hoy d\u00eda, encima en las 14 provincias del Cibao, y  tenemos el Sur del pa\u00eds donde estamos tambi\u00e9n muy bien posicionado y la mayor  desventaja que est\u00e1n en el Este, no son precisamente del presidente Fern\u00e1ndez\u00bb,  manifest\u00f3.<br \/>&#13;<br \/>\n  <br \/>&#13;<br \/>\n  Dijo que en el Distrito Nacional, todav\u00eda no han podido decir que est\u00e1n en el  primer lugar, mientras que en la provincia Santo Domingo, asegur\u00f3 que las  encuestas destacan un empate con dos puntos arriba para Vargas Maldonado.<br \/>&#13;<br \/>\n  <br \/>&#13;<br \/>\n  Se\u00f1al\u00f3 que el Distrito Maldonado, conformar\u00e1 Comisi\u00f3n presidencial, para  dirigir una parte de los trabajos de campa\u00f1a de la Capital, para lo cual ha  colocado enfrente a Milagros Ortiz Bosch. <br \/>&#13;<br \/>\n  <br \/>&#13;<br \/>\n\u00abCon esta estrategia, no tengo ning\u00fan tipo de duda, de que la situaci\u00f3n en  el distrito a t\u00e9rmino de los pr\u00f3ximos 30 d\u00edas tendr\u00e1 que cambiar, porque  adem\u00e1s, aqu\u00ed es donde hay m\u00e1s inconformidad pro el costo de la vida y el tema  del metro\u00bb.<\/p>\n<p>&#13;<\/p>\n<h6> 2008-01-04 23:48:04 <\/h6>\n<p><!--\n<link rel=\"stylesheet\" href=\"css\/bootstrap.min.css\">\n\n\n<ul class=\"pagination\">\n\t    \n\t\n\n<li >\n\t<a href='?page_no=34474'>Previous<\/a>\n\t<\/li>\n\n\n       \n    \n\n<li><a href='?page_no=1'>1<\/a><\/li>\n\n\n\n<li><a href='?page_no=2'>2<\/a><\/li>\n\n\n\n<li><a>...<\/a><\/li>\n\n\n\n<li><a href='?page_no=34473'>34473<\/a><\/li>\n\n\n\n<li><a href='?page_no=34474'>34474<\/a><\/li>\n\n\n\n<li class='active'><a>34475<\/a><\/li>\n\n\n\n<li><a href='?page_no=34476'>34476<\/a><\/li>\n\n\n\n<li><a href='?page_no=34477'>34477<\/a><\/li>\n\n\n\n<li><a>...<\/a><\/li>\n\n\n\n<li><a href='?page_no=36999'>36999<\/a><\/li>\n\n\n\n<li><a href='?page_no=37000'>37000<\/a><\/li>\n\n    \n\t\n\n<li >\n\t<a href='?page_no=34476'>Next<\/a>\n\t<\/li>\n\n\n    \n\n<li><a href='?page_no=37000'>Last &rsaquo;&rsaquo;<\/a><\/li>\n\n<\/ul>\n\n\n--><br \/>\n<\/body><\/p>\n","protected":false},"excerpt":{"rendered":"<p>Alfredo Pacheco considera alto costo de la vida, perjudicar\u00e1 a reelecci\u00f3n &#13; Santo Domingo.- El director pol\u00edtico de la Campa\u00f1a Electoral del Partido Revolucionario Dominicano (PRD), Alfredo Pacheco, asegur\u00f3 \u00a0que el pa\u00eds vive en un ambiente de quejas por el alto costo de la vida, lo que a su entender no favorecer\u00e1 la reelecci\u00f3n del [&hellip;]<\/p>\n","protected":false},"author":3,"featured_media":0,"comment_status":"open","ping_status":"open","sticky":false,"template":"","format":"standard","meta":{"footnotes":""},"categories":[22],"tags":[],"class_list":["post-191727","post","type-post","status-publish","format-standard","hentry","category-politica"],"_links":{"self":[{"href":"https:\/\/diariodominicano.com\/index.php?rest_route=\/wp\/v2\/posts\/191727","targetHints":{"allow":["GET"]}}],"collection":[{"href":"https:\/\/diariodominicano.com\/index.php?rest_route=\/wp\/v2\/posts"}],"about":[{"href":"https:\/\/diariodominicano.com\/index.php?rest_route=\/wp\/v2\/types\/post"}],"author":[{"embeddable":true,"href":"https:\/\/diariodominicano.com\/index.php?rest_route=\/wp\/v2\/users\/3"}],"replies":[{"embeddable":true,"href":"https:\/\/diariodominicano.com\/index.php?rest_route=%2Fwp%2Fv2%2Fcomments&post=191727"}],"version-history":[{"count":0,"href":"https:\/\/diariodominicano.com\/index.php?rest_route=\/wp\/v2\/posts\/191727\/revisions"}],"wp:attachment":[{"href":"https:\/\/diariodominicano.com\/index.php?rest_route=%2Fwp%2Fv2%2Fmedia&parent=191727"}],"wp:term":[{"taxonomy":"category","embeddable":true,"href":"https:\/\/diariodominicano.com\/index.php?rest_route=%2Fwp%2Fv2%2Fcategories&post=191727"},{"taxonomy":"post_tag","embeddable":true,"href":"https:\/\/diariodominicano.com\/index.php?rest_route=%2Fwp%2Fv2%2Ftags&post=191727"}],"curies":[{"name":"wp","href":"https:\/\/api.w.org\/{rel}","templated":true}]}}