{"id":191726,"date":"2008-01-04T23:54:42","date_gmt":"2008-01-04T23:54:42","guid":{"rendered":"http:\/\/diariodominicano.ddns.net\/?p=191726"},"modified":"2008-01-04T23:54:42","modified_gmt":"2008-01-04T23:54:42","slug":"reformistas-proclamaran-a-presidente-fernandez-en-club-san-carlos","status":"publish","type":"post","link":"https:\/\/diariodominicano.com\/?p=191726","title":{"rendered":"Reformistas proclamar\u00e1n a presidente Fern\u00e1ndez en Club San Carlos"},"content":{"rendered":"<p><body><\/p>\n<p align=\"justify\"><span class=\"titulogrande1\">Reformistas proclamar\u00e1n a Fern\u00e1ndez en Club San Carlos<\/span><br \/>&#13;<br \/>\n  <br \/>&#13;<br \/>\n    <span class=\"text1noticias\">El movimiento \u201cPrimera Vuelta con  Leonel\u201d, que integran reformistas disidentes, realizar\u00e1 el pr\u00f3ximo tres de  febrero un acto masivo de proclamaci\u00f3n del presidente Leonel  Fern\u00e1ndez.<br \/>&#13;<br \/>\n    <br \/>&#13;<br \/>\n    La informaci\u00f3n la ofrecieron H\u00e9ctor  Rodr\u00edguez Pimentel Tito Hern\u00e1ndez junto a un grupo de dirigentes del Movimiento,  durante una rueda de prensa, en la que explic\u00f3 que el acto de proclamaci\u00f3n  se realizar\u00e1 el domingo tres de febrero en el Club San Carlos de la  capital,\u00a0\u00a0 a las 10:00 de la ma\u00f1ana.<br \/>&#13;<br \/>\n    <br \/>&#13;<br \/>\n  Informaron\u00a0 que los reformistas-balagueristas que apoyan  al Presidente Leonel Fern\u00e1ndez, est\u00e1n unificando  esfuerzos para lograr el triunfo en la primera vuelta y adelant\u00f3 que al acto  asistir\u00e1n delegaciones de Nueva York, Nueva Jersey, Miami, Boston, Lawrence,  Puerto Rico, Espa\u00f1a, Panam\u00e1 y Suiza.<br \/>&#13;<br \/>\n  <br \/>&#13;<br \/>\n  Las palabras de bienvenida a la rueda de  prensa, fueron pronunciadas por el Ingeniero Rodr\u00edguez Pimentel, Presidente  del Movimiento Leonel en Primera Vuelta, quien anticip\u00f3 que el acto de  proclamaci\u00f3n ser\u00e1 exitoso, porque el mismo sellar\u00e1 la victoria del Doctor  Leonel Fern\u00e1ndez el pr\u00f3ximo 16 de mayo de 2008.<br \/>&#13;<br \/>\n  <br \/>&#13;<br \/>\n  Rodr\u00edguez Pimentel dijo que \u00abm\u00e1s  del 90 por ciento de los reformistas-balagueristas tienen ya a  Leonel como su candidato presidencial\u00bb, indicando que  \u00abLeonel es ya el nuevo l\u00edder del reformismo y por eso lo vamos a proclamar como  nuestro candidato, en un acto masivo, donde se manifieste la militancia  balaguerista de todo el pa\u00eds\u00bb.<br \/>&#13;<br \/>\n  <br \/>&#13;<br \/>\n  Para la organizaci\u00f3n del acto de  proclamaci\u00f3n del Doctor Leonel Fern\u00e1ndez como candidato oficial de los  reformistas que lo apoyan, qued\u00f3 constituida una comisi\u00f3n encabezada por \u00e9l ingeniero  Rodr\u00edguez Pimentel e integrada por Tito Hern\u00e1ndez, Salvador G\u00f3mez Gil,  Modesto Guzm\u00e1n, Gilberto L\u00f3pez, H\u00e9ctor Marte, Lu\u00eds Bogaert y Milagros D\u00edaz,  entre otros dirigentes.<\/span><br \/>&#13;\n<\/p>\n<p>&#13;<\/p>\n<h6> 2008-01-04 23:54:42 <\/h6>\n<p><!--\n<link rel=\"stylesheet\" href=\"css\/bootstrap.min.css\">\n\n\n<ul class=\"pagination\">\n\t    \n\t\n\n<li >\n\t<a href='?page_no=34473'>Previous<\/a>\n\t<\/li>\n\n\n       \n    \n\n<li><a href='?page_no=1'>1<\/a><\/li>\n\n\n\n<li><a href='?page_no=2'>2<\/a><\/li>\n\n\n\n<li><a>...<\/a><\/li>\n\n\n\n<li><a href='?page_no=34472'>34472<\/a><\/li>\n\n\n\n<li><a href='?page_no=34473'>34473<\/a><\/li>\n\n\n\n<li class='active'><a>34474<\/a><\/li>\n\n\n\n<li><a href='?page_no=34475'>34475<\/a><\/li>\n\n\n\n<li><a href='?page_no=34476'>34476<\/a><\/li>\n\n\n\n<li><a>...<\/a><\/li>\n\n\n\n<li><a href='?page_no=36999'>36999<\/a><\/li>\n\n\n\n<li><a href='?page_no=37000'>37000<\/a><\/li>\n\n    \n\t\n\n<li >\n\t<a href='?page_no=34475'>Next<\/a>\n\t<\/li>\n\n\n    \n\n<li><a href='?page_no=37000'>Last &rsaquo;&rsaquo;<\/a><\/li>\n\n<\/ul>\n\n\n--><br \/>\n<\/body><\/p>\n","protected":false},"excerpt":{"rendered":"<p>Reformistas proclamar\u00e1n a Fern\u00e1ndez en Club San Carlos&#13; &#13; El movimiento \u201cPrimera Vuelta con Leonel\u201d, que integran reformistas disidentes, realizar\u00e1 el pr\u00f3ximo tres de febrero un acto masivo de proclamaci\u00f3n del presidente Leonel Fern\u00e1ndez.&#13; &#13; La informaci\u00f3n la ofrecieron H\u00e9ctor Rodr\u00edguez Pimentel Tito Hern\u00e1ndez junto a un grupo de dirigentes del Movimiento, durante una rueda [&hellip;]<\/p>\n","protected":false},"author":3,"featured_media":0,"comment_status":"open","ping_status":"open","sticky":false,"template":"","format":"standard","meta":{"footnotes":""},"categories":[22],"tags":[],"class_list":["post-191726","post","type-post","status-publish","format-standard","hentry","category-politica"],"_links":{"self":[{"href":"https:\/\/diariodominicano.com\/index.php?rest_route=\/wp\/v2\/posts\/191726","targetHints":{"allow":["GET"]}}],"collection":[{"href":"https:\/\/diariodominicano.com\/index.php?rest_route=\/wp\/v2\/posts"}],"about":[{"href":"https:\/\/diariodominicano.com\/index.php?rest_route=\/wp\/v2\/types\/post"}],"author":[{"embeddable":true,"href":"https:\/\/diariodominicano.com\/index.php?rest_route=\/wp\/v2\/users\/3"}],"replies":[{"embeddable":true,"href":"https:\/\/diariodominicano.com\/index.php?rest_route=%2Fwp%2Fv2%2Fcomments&post=191726"}],"version-history":[{"count":0,"href":"https:\/\/diariodominicano.com\/index.php?rest_route=\/wp\/v2\/posts\/191726\/revisions"}],"wp:attachment":[{"href":"https:\/\/diariodominicano.com\/index.php?rest_route=%2Fwp%2Fv2%2Fmedia&parent=191726"}],"wp:term":[{"taxonomy":"category","embeddable":true,"href":"https:\/\/diariodominicano.com\/index.php?rest_route=%2Fwp%2Fv2%2Fcategories&post=191726"},{"taxonomy":"post_tag","embeddable":true,"href":"https:\/\/diariodominicano.com\/index.php?rest_route=%2Fwp%2Fv2%2Ftags&post=191726"}],"curies":[{"name":"wp","href":"https:\/\/api.w.org\/{rel}","templated":true}]}}