{"id":191725,"date":"2008-01-05T01:12:05","date_gmt":"2008-01-05T01:12:05","guid":{"rendered":"http:\/\/diariodominicano.ddns.net\/?p=191725"},"modified":"2008-01-05T01:12:05","modified_gmt":"2008-01-05T01:12:05","slug":"pri-deplora-aumentos-en-comestibles","status":"publish","type":"post","link":"https:\/\/diariodominicano.com\/?p=191725","title":{"rendered":"PRI deplora aumentos en comestibles"},"content":{"rendered":"<p><body><\/p>\n<p class=\"titulogrande1\">PRI deplora aumentos en comestibles<\/p>\n<p>&#13;<\/p>\n<p align=\"justify\" class=\"text1noticias\"><strong>Santo Domingo.- <\/strong>El  candidato presidencial del Partido Revolucionario Independiente (PRI), Trajano  Santana, deplor\u00f3 los aumentos entre un 10 y un 25 por ciento, en los precios  del pan, los pl\u00e1tanos, los huevos, el ajo, la cebolla, la yuca y otros  art\u00edculos de primera necesidad.<\/p>\n<p>&#13;<\/p>\n<p align=\"justify\" class=\"text1noticias\">El candidato del PRI  atribuy\u00f3 esos aumentos a la incapacidad del presidente Leonel Fern\u00e1ndez para  manejar el desastre provocado en el campo dominicano por las tormentas Noel y  Olga.<\/p>\n<p>&#13;<\/p>\n<p align=\"justify\" class=\"text1noticias\">Se quej\u00f3 Trajano Santana  de que, mientras los precios de los art\u00edculos b\u00e1sicos y los servicios  experimentan una alza vertiginosa, los salarios de los trabajadores se  mantienen invariables.<\/p>\n<p>&#13;<\/p>\n<p align=\"justify\" class=\"text1noticias\">Expres\u00f3 que los altos  precios y los estancamientos de los salarios disminuyen el poder de compra\u00a0 de las mayor\u00edas nacionales y aumenta la  miseria.<\/p>\n<p>&#13;<\/p>\n<p align=\"justify\" class=\"text1noticias\">Dijo que la situaci\u00f3n de  los pobres del pa\u00eds y de la clase media se agrava porque m\u00e1s del 40 por ciento  de la poblaci\u00f3n carece de empleos.<\/p>\n<p>&#13;<\/p>\n<p align=\"justify\" class=\"text1noticias\">\u201cEl Gobierno abandon\u00f3 el  aparato productivo nacional, mientras permite la entrada masiva de productos  importados y el contrabando, para facilitar el enriquecimiento de sus  funcionarios\u201d, expres\u00f3.<\/p>\n<p>&#13;<\/p>\n<p align=\"justify\" class=\"text1noticias\">Record\u00f3 que los  productores de pollo, huevos, arroz y otros productos denuncian constantemente  la competencia desleal que sufren a causa de la importaci\u00f3n ilegal de esos  comestibles.<\/p>\n<p>&#13;<\/p>\n<p align=\"justify\" class=\"text1noticias\">Manifest\u00f3  que mientras el mercado nacional se llena de productos importados, los  productores son castigados con financiamientos de hasta en 36 por ciento. <\/p>\n<p>&#13;<\/p>\n<p align=\"justify\" class=\"text1noticias\">Consider\u00f3 que, en el marco el modelo econ\u00f3mico  neoliberal que implementa el Gobierno de Fern\u00e1ndez, no hay posibilidad de  mejorar las condiciones de vida y humana de las grandes mayor\u00edas nacionales ni  de desarrollar el aparato productivo de las naciones.<\/p>\n<p>&#13;<\/p>\n<p align=\"justify\" class=\"text1noticias\">Trajano Santana afirma que un presidente que  admite que la econom\u00eda nacional est\u00e1 intervenida es una aceptaci\u00f3n de que su  gesti\u00f3n de gobierno fracas\u00f3 y confirma que la naci\u00f3n dominicana amerita un  gobierno que garantice a la poblaci\u00f3n paz, tranquilidad, educaci\u00f3n, trabajo y salarios  que se correspondan con el costo de la vida.<\/p>\n<p>&#13;<\/p>\n<h6> 2008-01-05 01:12:05 <\/h6>\n<p><!--\n<link rel=\"stylesheet\" href=\"css\/bootstrap.min.css\">\n\n\n<ul class=\"pagination\">\n\t    \n\t\n\n<li >\n\t<a href='?page_no=34472'>Previous<\/a>\n\t<\/li>\n\n\n       \n    \n\n<li><a href='?page_no=1'>1<\/a><\/li>\n\n\n\n<li><a href='?page_no=2'>2<\/a><\/li>\n\n\n\n<li><a>...<\/a><\/li>\n\n\n\n<li><a href='?page_no=34471'>34471<\/a><\/li>\n\n\n\n<li><a href='?page_no=34472'>34472<\/a><\/li>\n\n\n\n<li class='active'><a>34473<\/a><\/li>\n\n\n\n<li><a href='?page_no=34474'>34474<\/a><\/li>\n\n\n\n<li><a href='?page_no=34475'>34475<\/a><\/li>\n\n\n\n<li><a>...<\/a><\/li>\n\n\n\n<li><a href='?page_no=36999'>36999<\/a><\/li>\n\n\n\n<li><a href='?page_no=37000'>37000<\/a><\/li>\n\n    \n\t\n\n<li >\n\t<a href='?page_no=34474'>Next<\/a>\n\t<\/li>\n\n\n    \n\n<li><a href='?page_no=37000'>Last &rsaquo;&rsaquo;<\/a><\/li>\n\n<\/ul>\n\n\n--><br \/>\n<\/body><\/p>\n","protected":false},"excerpt":{"rendered":"<p>PRI deplora aumentos en comestibles &#13; Santo Domingo.- El candidato presidencial del Partido Revolucionario Independiente (PRI), Trajano Santana, deplor\u00f3 los aumentos entre un 10 y un 25 por ciento, en los precios del pan, los pl\u00e1tanos, los huevos, el ajo, la cebolla, la yuca y otros art\u00edculos de primera necesidad. &#13; El candidato del PRI [&hellip;]<\/p>\n","protected":false},"author":3,"featured_media":0,"comment_status":"open","ping_status":"open","sticky":false,"template":"","format":"standard","meta":{"footnotes":""},"categories":[22],"tags":[],"class_list":["post-191725","post","type-post","status-publish","format-standard","hentry","category-politica"],"_links":{"self":[{"href":"https:\/\/diariodominicano.com\/index.php?rest_route=\/wp\/v2\/posts\/191725","targetHints":{"allow":["GET"]}}],"collection":[{"href":"https:\/\/diariodominicano.com\/index.php?rest_route=\/wp\/v2\/posts"}],"about":[{"href":"https:\/\/diariodominicano.com\/index.php?rest_route=\/wp\/v2\/types\/post"}],"author":[{"embeddable":true,"href":"https:\/\/diariodominicano.com\/index.php?rest_route=\/wp\/v2\/users\/3"}],"replies":[{"embeddable":true,"href":"https:\/\/diariodominicano.com\/index.php?rest_route=%2Fwp%2Fv2%2Fcomments&post=191725"}],"version-history":[{"count":0,"href":"https:\/\/diariodominicano.com\/index.php?rest_route=\/wp\/v2\/posts\/191725\/revisions"}],"wp:attachment":[{"href":"https:\/\/diariodominicano.com\/index.php?rest_route=%2Fwp%2Fv2%2Fmedia&parent=191725"}],"wp:term":[{"taxonomy":"category","embeddable":true,"href":"https:\/\/diariodominicano.com\/index.php?rest_route=%2Fwp%2Fv2%2Fcategories&post=191725"},{"taxonomy":"post_tag","embeddable":true,"href":"https:\/\/diariodominicano.com\/index.php?rest_route=%2Fwp%2Fv2%2Ftags&post=191725"}],"curies":[{"name":"wp","href":"https:\/\/api.w.org\/{rel}","templated":true}]}}