{"id":191724,"date":"2008-01-05T03:25:37","date_gmt":"2008-01-05T03:25:37","guid":{"rendered":"http:\/\/diariodominicano.ddns.net\/?p=191724"},"modified":"2008-01-05T03:25:37","modified_gmt":"2008-01-05T03:25:37","slug":"farc-confirma-que-emmanuel-esta-en-bogota-y-secuestrado-por-uribe","status":"publish","type":"post","link":"https:\/\/diariodominicano.com\/?p=191724","title":{"rendered":"FARC confirma que Emmanuel est\u00e1 en Bogot\u00e1 y \u00absecuestrado\u00bb por Uribe"},"content":{"rendered":"<p><body><\/p>\n<h1 class=\"titulogrande1\">FARC confirma que Emmanuel est\u00e1 en Bogot\u00e1 y \u00absecuestrado\u00bb por  Uribe<\/h1>\n<p>&#13;<\/p>\n<p align=\"justify\"><strong>En tanto, el ministro colombiano de Defensa, Juan Manuel Santos, acus\u00f3 a las  FARC de haberle mentido al mundo.<\/strong><\/p>\n<p>&#13;<\/p>\n<p align=\"justify\" class=\"text1noticias\"><strong><img loading=\"lazy\" decoding=\"async\" src=\"http:\/\/localhost:8080\/pictures\/juan manuel santos.jpg\" width=\"269\" height=\"195\" hspace=\"4\" align=\"left\" \/>BOGOTA.-<\/strong> La guerrilla de las Fuerzas Armadas Revolucionarias de Colombia  (FARC) reconoci\u00f3 hoy que Emmanuel est\u00e1 en Bogot\u00e1 \u00absecuestrado\u00bb por el  Presidente Alvaro Uribe, en un comunicado que publica la Agencia Bolivariana  de Prensa (ABP).<br \/>&#13;<br \/>\n  <br \/>&#13;<br \/>\n  Seg\u00fan la organizaci\u00f3n armada ilegal, el ni\u00f1o fue entregado en la capital  colombiana a \u00abpersonas honradas mientras se firmaba el acuerdo  humanitario\u00bb.<br \/>&#13;<br \/>\n  <br \/>&#13;<br \/>\n  Seg\u00fan el comunicado, firmado por el Secretariado del Estado Mayor Central de  las FARC el 2 de enero de 2008, \u00abEmmanuel no pod\u00eda estar en medio de las  operaciones b\u00e9licas del Plan Patriota, de los bombardeos y los combates, la  movilidad permanente y las contingencias de la selva\u00bb.<br \/>&#13;<br \/>\n  <br \/>&#13;<br \/>\n  En tanto, el ministro colombiano de Defensa, <strong>Juan Manuel Santos<\/strong>,  acus\u00f3 a las FARC de haberle mentido al mundo y de haberse burlado de la opini\u00f3n  p\u00fablica luego que la Fiscal\u00eda  dijera que \u00abexiste una alta probabilidad\u00bb que un ni\u00f1o abandonado por  los rebeldes sea el hijo de Clara Rojas, secuestrada por los rebeldes.<br \/>&#13;<br \/>\n  <br \/>&#13;<br \/>\n\u00abLas FARC le mintieron al mundo, se burlaron de la opini\u00f3n p\u00fablica  nacional e internacional y ofrecieron lo que no ten\u00edan y despu\u00e9s quisieron en  forma maquiav\u00e9lica y macabra culpar al gobierno colombiano, a la fuerza p\u00fablica  colombiana por la no entrega de los secuestrados que prometieron  entregar\u00bb, dijo el funcionario.<br \/>&#13;<br \/>\n<br \/>&#13;<br \/>\nSantos expres\u00f3 que las Fuerzas Armadas Revolucionarias de Colombia deben  entregar a Clara Rojas y a la ex congresista Consuelo Gonz\u00e1lez, despu\u00e9s que  anunciaron el mes pasado que las iban a liberar.<br \/>&#13;<br \/>\n<br \/>&#13;<br \/>\n\u00abAqu\u00ed lo que resta decir es que ojal\u00e1 las Farc cumplan con su palabra y  entreguen a Clara y Consuelo. No se requiere mayor esfuerzo. Colombia les  ofrece a todos (pa\u00edses) interesados, a la Cruz Roja todas las facilidades y garant\u00edas para  que se realice esa entrega de los rehenes\u00bb, dijo.<br \/>&#13;<br \/>\n<br \/>&#13;<br \/>\nInicialmente, el alto comisionado para la paz, Luis Carlos Restrepo, dijo  que el gobierno mantiene su disposici\u00f3n para garantizar la realizaci\u00f3n de un  operativo que permita el rescate de Rojas y Gonz\u00e1lez, a quienes la guerrilla  colombiana se comprometieron a liberar como un acto de desagravio con el presidente  venezolano, Hugo Ch\u00e1vez.<br \/>&#13;<br \/>\n<br \/>&#13;<br \/>\nRestrepo manifest\u00f3 que tras estar casi comprobado que el hijo de Rojas no  est\u00e1 en poder de la guerrilla, no hay excusas para que los rebeldes no  entreguen a las dos pol\u00edticas cautivas.<br \/>&#13;<br \/>\n<br \/>&#13;<br \/>\n\u00abEsperamos que lo hagan con la mayor rapidez, queda absolutamente claro  que el compromiso de las Farc debe ser cumplido y de inmediato\u00bb, sostuvo  Restrepo.<br \/>&#13;<br \/>\n<br \/>&#13;<br \/>\nEl caso del hijo de Rojas, f\u00f3rmula a la vicepresidencia de la ex candidata  Ingrid Betancourt, recobr\u00f3 inter\u00e9s el pasado lunes, cuando el presidente \u00c1lvaro  Uribe asegur\u00f3 que el gobierno manejaba la hip\u00f3tesis de que las Farc hab\u00edan  fallado con la entrega de la pol\u00edtica, su peque\u00f1o y Gonz\u00e1lez, porque no ten\u00edan  en su poder al menor.<br \/>&#13;<br \/>\n<br \/>&#13;<br \/>\nSeg\u00fan el mandatario, Emmanuel, como fue llamado inicialmente el hijo de  Rojas, ser\u00eda un menor que est\u00e1 en una sede del estatal Instituto Colombiano de  Bienestar Familiar (ICBF) luego que una persona lo abandon\u00f3 en 2005 en un  hospital con graves enfermedades y posteriormente ese centro m\u00e9dico lo remiti\u00f3  al ICBF.<br \/>&#13;<br \/>\n<br \/>&#13;<br \/>\nExpuesta la versi\u00f3n, autoridades colombianas viajaron el pasado lunes a  Caracas para practicarles las pruebas de ADN a los Rojas y esclarecer as\u00ed el  hecho.<br \/>&#13;<br \/>\n<br \/>&#13;<br \/>\n  DPA<\/p>\n<p>&#13;<\/p>\n<h6> 2008-01-05 03:25:37 <\/h6>\n<p><!--\n<link rel=\"stylesheet\" href=\"css\/bootstrap.min.css\">\n\n\n<ul class=\"pagination\">\n\t    \n\t\n\n<li >\n\t<a href='?page_no=34471'>Previous<\/a>\n\t<\/li>\n\n\n       \n    \n\n<li><a href='?page_no=1'>1<\/a><\/li>\n\n\n\n<li><a href='?page_no=2'>2<\/a><\/li>\n\n\n\n<li><a>...<\/a><\/li>\n\n\n\n<li><a href='?page_no=34470'>34470<\/a><\/li>\n\n\n\n<li><a href='?page_no=34471'>34471<\/a><\/li>\n\n\n\n<li class='active'><a>34472<\/a><\/li>\n\n\n\n<li><a href='?page_no=34473'>34473<\/a><\/li>\n\n\n\n<li><a href='?page_no=34474'>34474<\/a><\/li>\n\n\n\n<li><a>...<\/a><\/li>\n\n\n\n<li><a href='?page_no=36999'>36999<\/a><\/li>\n\n\n\n<li><a href='?page_no=37000'>37000<\/a><\/li>\n\n    \n\t\n\n<li >\n\t<a href='?page_no=34473'>Next<\/a>\n\t<\/li>\n\n\n    \n\n<li><a href='?page_no=37000'>Last &rsaquo;&rsaquo;<\/a><\/li>\n\n<\/ul>\n\n\n--><br \/>\n<\/body><\/p>\n","protected":false},"excerpt":{"rendered":"<p>FARC confirma que Emmanuel est\u00e1 en Bogot\u00e1 y \u00absecuestrado\u00bb por Uribe &#13; En tanto, el ministro colombiano de Defensa, Juan Manuel Santos, acus\u00f3 a las FARC de haberle mentido al mundo. &#13; BOGOTA.- La guerrilla de las Fuerzas Armadas Revolucionarias de Colombia (FARC) reconoci\u00f3 hoy que Emmanuel est\u00e1 en Bogot\u00e1 \u00absecuestrado\u00bb por el Presidente Alvaro [&hellip;]<\/p>\n","protected":false},"author":3,"featured_media":0,"comment_status":"open","ping_status":"open","sticky":false,"template":"","format":"standard","meta":{"footnotes":""},"categories":[22],"tags":[],"class_list":["post-191724","post","type-post","status-publish","format-standard","hentry","category-politica"],"_links":{"self":[{"href":"https:\/\/diariodominicano.com\/index.php?rest_route=\/wp\/v2\/posts\/191724","targetHints":{"allow":["GET"]}}],"collection":[{"href":"https:\/\/diariodominicano.com\/index.php?rest_route=\/wp\/v2\/posts"}],"about":[{"href":"https:\/\/diariodominicano.com\/index.php?rest_route=\/wp\/v2\/types\/post"}],"author":[{"embeddable":true,"href":"https:\/\/diariodominicano.com\/index.php?rest_route=\/wp\/v2\/users\/3"}],"replies":[{"embeddable":true,"href":"https:\/\/diariodominicano.com\/index.php?rest_route=%2Fwp%2Fv2%2Fcomments&post=191724"}],"version-history":[{"count":0,"href":"https:\/\/diariodominicano.com\/index.php?rest_route=\/wp\/v2\/posts\/191724\/revisions"}],"wp:attachment":[{"href":"https:\/\/diariodominicano.com\/index.php?rest_route=%2Fwp%2Fv2%2Fmedia&parent=191724"}],"wp:term":[{"taxonomy":"category","embeddable":true,"href":"https:\/\/diariodominicano.com\/index.php?rest_route=%2Fwp%2Fv2%2Fcategories&post=191724"},{"taxonomy":"post_tag","embeddable":true,"href":"https:\/\/diariodominicano.com\/index.php?rest_route=%2Fwp%2Fv2%2Ftags&post=191724"}],"curies":[{"name":"wp","href":"https:\/\/api.w.org\/{rel}","templated":true}]}}