{"id":191723,"date":"2008-01-05T03:29:13","date_gmt":"2008-01-05T03:29:13","guid":{"rendered":"http:\/\/diariodominicano.ddns.net\/?p=191723"},"modified":"2008-01-05T03:29:13","modified_gmt":"2008-01-05T03:29:13","slug":"bachelet-acepta-la-renuncia-de-delpiano-y-otros-cuatro-intendentes","status":"publish","type":"post","link":"https:\/\/diariodominicano.com\/?p=191723","title":{"rendered":"Bachelet acepta la renuncia de Delpiano y otros cuatro intendentes"},"content":{"rendered":"<p><body><\/p>\n<h1 class=\"titulogrande1\">Bachelet acepta la renuncia de Delpiano y otros cuatro intendentes<\/h1>\n<p>&#13;<\/p>\n<p align=\"justify\"><strong>A parte de la   Regi\u00f3n Metropolitana, se nombraron nuevas autoridades en las  regiones Primera, Octava, Novena y Und\u00e9cima. En tanto, en Los Lagos, que  contaba con intendente suplente, se nombr\u00f3 a Sergio Galilea.<\/strong><br \/>&#13;<br \/>\n  <br \/>&#13;<br \/>\n    <strong class=\"textogrande\">Cristi\u00e1n Chand\u00eda<\/strong><\/p>\n<p>&#13;<\/p>\n<p align=\"justify\" class=\"text1noticias\"><img loading=\"lazy\" decoding=\"async\" src=\"http:\/\/localhost:8080\/pictures\/bachelet pic.jpg\" width=\"269\" height=\"98\" hspace=\"4\" align=\"left\" \/>La Presidenta  de la Rep\u00fablica, <strong>Michelle Bachelet<\/strong>, acept\u00f3 la renuncia de cinco de los quince  intendentes regionales. El anuncio lo hizo el ministro del Interior suplente,  Felipe Harboe.<br \/>&#13;<br \/>\n  <br \/>&#13;<br \/>\n  Los cambios informados fueron hechos en las regiones Primera, Octava,  Novena, Und\u00e9cima y Metropolitana.<br \/>&#13;<br \/>\n  <br \/>&#13;<br \/>\n  El reemplazante de la intendenta de Santiago, Adriana Delpiano, ser\u00e1 Alvaro  Erazo.<br \/>&#13;<br \/>\n  <br \/>&#13;<br \/>\n  Erazo es miembro del directorio del BancoEstado, ex director de Fonasa y ex  subsecretario de Salud.<br \/>&#13;<br \/>\n  <br \/>&#13;<br \/>\n  En tanto en la   Primera Regi\u00f3n se design\u00f3 a Pablo Valenzuela; en la Octava, Mar\u00eda Ang\u00e9lica  Fuentes: en la Novena,  Nora Barrientos y en la   Und\u00e9cima, Silvia Moreno (ver recuadro).<br \/>&#13;<br \/>\n  <br \/>&#13;<br \/>\n  Harboe tambi\u00e9n inform\u00f3 que en la D\u00e9cima Regi\u00f3n se design\u00f3 a Sergio Galilea como  m\u00e1xima autoirdad regional. Hasta hoy asum\u00eda la funci\u00f3n de suplencia, Oscar  Valenzuela.<br \/>&#13;<br \/>\n  <br \/>&#13;<br \/>\n  La jefa de Estado sorprendi\u00f3 esta ma\u00f1ana con el anuncio de que\u00a0hab\u00eda  solicitado la renuncia a todos los intendentes del pa\u00eds.<br \/>&#13;<br \/>\n  <br \/>&#13;<br \/>\n  Bachelet explic\u00f3 que estos cambios tienen el fin de\u00a0\u00abdarle m\u00e1s  fuerza y vigor a lo largo de todo Chile. Voy a recurrir a todos los apoyos que  sean necesarios, har\u00e9 todos los cambios que se requieran y buscar\u00e9, en esta  segunda etapa, las personas id\u00f3neas para liderar esta segunda etapa y cumplir\u00e9  mi itinerario sin dejarme pautear ni por la prensa, ni por los opin\u00f3logos, que  siempre est\u00e1n tratando de decirle a la Presidenta de la Rep\u00fablica lo que tiene  que hacer, porque yo me debo a la gente\u00bb.<br \/>&#13;<br \/>\n  <br \/>&#13;<br \/>\n  La solicitud se deba a conocer a horas de que Belisario Velasco\u00a0pusiera  sobre el despacho de la mandataria su renuncia indeclinable al cargo del  ministerio del Interior.<br \/>&#13;<br \/>\n  <br \/>&#13;<br \/>\n  Harboe sostuvo finalmente que la jefa de Estado mandat\u00f3 a las nuevas  autoridades regionales \u00abiniciar sus funciones a la gravedad a fin de  trabajar arduamente y en forma inmediata en beneficio de la ciudadan\u00eda\u00bb.<br \/>&#13;<br \/>\n  <br \/>&#13;<br \/>\n  Tras los anuncios de los nuevos cargos y quienes se van por parte del  ministro del Interior suplente, Felipe Harboe, el vocero de Palacio, <strong>Francisco  Vidal<\/strong> dijo que los Intendentes asumir\u00e1n ma\u00f1ana sus funciones y el  pr\u00f3ximo jueves tendr\u00e1n una reuni\u00f3n de trabajo con la Presidenta Michelle  Bachelet.<br \/>&#13;<br \/>\n  <br \/>&#13;<br \/>\n  \u00abJunto a la militancia lo importante es la idoneidad para el  cargo\u00bb, apunt\u00f3 Vidal. Agreg\u00f3 que \u00abcon este elenco que la Presidenta ha decidido  de Intendentes uno podr\u00eda decir que empezamos a nivel regional una segunda  etapa\u00bb.<br \/>&#13;<br \/>\n  <br \/>&#13;<br \/>\n  Aclar\u00f3 que la confirmaci\u00f3n y la aceptaci\u00f3n de las renuncias de los jefes  regionales \u00abal igual que quien les habla, es un cargo de confianza  exclusiva en consecuencia yo puedo irme ma\u00f1ana y el Intendente Galilea, que es  mi amigo, puede irse pasado ma\u00f1ana\u00bb.<br \/>&#13;<br \/>\n  <br \/>&#13;<br \/>\n  Por otro lado, descart\u00f3 que la salida de Eltit tenga que ver con el tema  mapuche. \u00abNo, esta es una evaluaci\u00f3n que hecho Interior y que ha contado  con la venia de la   Presidenta, hay situaciones distintas, de evaluaci\u00f3n, de  equilibrios pol\u00edticos, pero lo importante y lo central para la gente que vive  en regiones que la   Presidenta decidi\u00f3 empezar esta evaluaci\u00f3n e inicio de los  cambios para la segunda etapa con los cambios que est\u00e1n directamente vinculados  a la ciudadan\u00eda que son los Intendentes\u00bb.<br \/>&#13;<br \/>\n  <br \/>&#13;<br \/>\n  Consultado si el ex ministro Velasco particip\u00f3 en el proceso de evaluaci\u00f3n  de los Intendentes, Vidal explic\u00f3 que \u00abhay un trabajo de continuidad, uno  no eval\u00faa en 24 horas\u00bb. El vocero explic\u00f3 que los criterios que se  manejaron en este tema obedecen a \u00abgesti\u00f3n\u00bb y \u00abequilibrios  pol\u00edticos, que son imprescindibles\u00bb.<\/p>\n<p>&#13;<\/p>\n<h6> 2008-01-05 03:29:13 <\/h6>\n<p><!--\n<link rel=\"stylesheet\" href=\"css\/bootstrap.min.css\">\n\n\n<ul class=\"pagination\">\n\t    \n\t\n\n<li >\n\t<a href='?page_no=34470'>Previous<\/a>\n\t<\/li>\n\n\n       \n    \n\n<li><a href='?page_no=1'>1<\/a><\/li>\n\n\n\n<li><a href='?page_no=2'>2<\/a><\/li>\n\n\n\n<li><a>...<\/a><\/li>\n\n\n\n<li><a href='?page_no=34469'>34469<\/a><\/li>\n\n\n\n<li><a href='?page_no=34470'>34470<\/a><\/li>\n\n\n\n<li class='active'><a>34471<\/a><\/li>\n\n\n\n<li><a href='?page_no=34472'>34472<\/a><\/li>\n\n\n\n<li><a href='?page_no=34473'>34473<\/a><\/li>\n\n\n\n<li><a>...<\/a><\/li>\n\n\n\n<li><a href='?page_no=36999'>36999<\/a><\/li>\n\n\n\n<li><a href='?page_no=37000'>37000<\/a><\/li>\n\n    \n\t\n\n<li >\n\t<a href='?page_no=34472'>Next<\/a>\n\t<\/li>\n\n\n    \n\n<li><a href='?page_no=37000'>Last &rsaquo;&rsaquo;<\/a><\/li>\n\n<\/ul>\n\n\n--><br \/>\n<\/body><\/p>\n","protected":false},"excerpt":{"rendered":"<p>Bachelet acepta la renuncia de Delpiano y otros cuatro intendentes &#13; A parte de la Regi\u00f3n Metropolitana, se nombraron nuevas autoridades en las regiones Primera, Octava, Novena y Und\u00e9cima. En tanto, en Los Lagos, que contaba con intendente suplente, se nombr\u00f3 a Sergio Galilea.&#13; &#13; Cristi\u00e1n Chand\u00eda &#13; La Presidenta de la Rep\u00fablica, Michelle Bachelet, [&hellip;]<\/p>\n","protected":false},"author":3,"featured_media":0,"comment_status":"open","ping_status":"open","sticky":false,"template":"","format":"standard","meta":{"footnotes":""},"categories":[22],"tags":[],"class_list":["post-191723","post","type-post","status-publish","format-standard","hentry","category-politica"],"_links":{"self":[{"href":"https:\/\/diariodominicano.com\/index.php?rest_route=\/wp\/v2\/posts\/191723","targetHints":{"allow":["GET"]}}],"collection":[{"href":"https:\/\/diariodominicano.com\/index.php?rest_route=\/wp\/v2\/posts"}],"about":[{"href":"https:\/\/diariodominicano.com\/index.php?rest_route=\/wp\/v2\/types\/post"}],"author":[{"embeddable":true,"href":"https:\/\/diariodominicano.com\/index.php?rest_route=\/wp\/v2\/users\/3"}],"replies":[{"embeddable":true,"href":"https:\/\/diariodominicano.com\/index.php?rest_route=%2Fwp%2Fv2%2Fcomments&post=191723"}],"version-history":[{"count":0,"href":"https:\/\/diariodominicano.com\/index.php?rest_route=\/wp\/v2\/posts\/191723\/revisions"}],"wp:attachment":[{"href":"https:\/\/diariodominicano.com\/index.php?rest_route=%2Fwp%2Fv2%2Fmedia&parent=191723"}],"wp:term":[{"taxonomy":"category","embeddable":true,"href":"https:\/\/diariodominicano.com\/index.php?rest_route=%2Fwp%2Fv2%2Fcategories&post=191723"},{"taxonomy":"post_tag","embeddable":true,"href":"https:\/\/diariodominicano.com\/index.php?rest_route=%2Fwp%2Fv2%2Ftags&post=191723"}],"curies":[{"name":"wp","href":"https:\/\/api.w.org\/{rel}","templated":true}]}}