{"id":191721,"date":"2008-01-05T04:09:13","date_gmt":"2008-01-05T04:09:13","guid":{"rendered":"http:\/\/diariodominicano.ddns.net\/?p=191721"},"modified":"2008-01-05T04:09:13","modified_gmt":"2008-01-05T04:09:13","slug":"el-presidente-descalifica-a-vargas-maldonado-advierte-el-gobierno-no-puede-caer-en-manos-incapaces-e-inseguras","status":"publish","type":"post","link":"https:\/\/diariodominicano.com\/?p=191721","title":{"rendered":"El presidente descalifica a Vargas Maldonado; advierte  el gobierno no puede caer en manos incapaces e inseguras"},"content":{"rendered":"<p><body><\/p>\n<p class=\"titulogrande1\">El presidente descalifica a Vargas Maldonado; advierte \u00a0el gobierno no puede caer en manos incapaces e  inseguras<\/p>\n<p>&#13;<\/p>\n<p align=\"justify\" class=\"text1noticias\"><strong><img loading=\"lazy\" decoding=\"async\" src=\"http:\/\/localhost:8080\/pictures\/leonel comunicadores pic.jpg\" width=\"269\" height=\"368\" hspace=\"4\" align=\"left\" \/>SANTO DOMINGO.-<\/strong> El presidente Leonel Fern\u00e1ndez descalific\u00f3 al  aspirante presidencial del Partido Revolucionario Dominicano (PRD) y dijo que  al poder no puede llegar un hombre inseguro, dudoso, que vaya improvisar y que  lo que le interese es llegar al poder para fortalecer sus negocios personales.<\/p>\n<p>&#13;<\/p>\n<p align=\"justify\" class=\"text1noticias\">Fern\u00e1ndez afirm\u00f3 que Vargas Maldonado el \u00fanico logro y experiencia administrativa que puede exhibir es su fortuna personal. Indic\u00f3  que se necesita un gobernante que tenga amigos internacionales y que  aproveche esas amistades para beneficiar el pa\u00eds y no en provechos personales.<\/p>\n<p>&#13;<\/p>\n<p align=\"justify\" class=\"text1noticias\">  Advirti\u00f3 que el alto precio del petr\u00f3leo, las turbulencias  econ\u00f3micas Internacionales.<br \/>&#13;<br \/>\n  <br \/> &#13;<br \/>\nrequieren en la conducci\u00f3n del poder personas  capaces, experimentadas, y comprometidas con el desarrollo del pa\u00eds. \u201cPara  reflexionar sobre estos problemas se requiere mentes entrenadas pol\u00edticamente  ha entender los problemas hist\u00f3rico.\u00a0 Eso  no puede estar en mano de gente que cree que la pol\u00edtica es un negocio para el  beneficio personal, eso no puede estar en manos de gente, cuyo \u00fanico m\u00e9rito es  su fortuna personal\u201d.<\/p>\n<p>&#13;<\/p>\n<p align=\"justify\" class=\"text1noticias\">Afirm\u00f3 que en las elecciones se presentan dos caminos: o se avanza  o se retrocede al abismo, \u201cel desequilibrio, la inestabilidad\u201d. Invit\u00f3 a los dominicanos a que se monten en el tren del progreso y la  modernidad, ya comenzaron a llegar los vagones del Metro. \u201cLa Rep\u00fablica Dominicana no puede retroceder y caer en manos dudosas y en cabezas  incapacitadas\u201d, dijo el Presidente y afirm\u00f3 que todo lo  que prometi\u00f3 lo ha cumplido.<\/p>\n<p>&#13;<\/p>\n<p align=\"justify\" class=\"text1noticias\">Fern\u00e1ndez pronunci\u00f3 un discurso encendido en el encuentro-almuerzo  con m\u00e1s de mil comunicadores de todo el pa\u00eds en el sal\u00f3n \u00c1mbar del Dominicana Fiesta.  Es con motivo de las navidades y la mayor parte de los comunicadores son  miembros de la Red  de Comunicadores con Leonel. <\/p>\n<p>&#13;<\/p>\n<p align=\"justify\" class=\"text1noticias\">Cuando lo presentaron subi\u00f3 al escenario haciendo la se\u00f1al de la \u201cL\u201d, de la  victoria, mientras se escuchaban los aplausos y consignas. Amenizaron el  encuentro artistas como Frank Reyes, Michel (el buen\u00f3n), sexapir.\u00a0\u00a0 El Presidente dijo que el PRD representa el  atraso y que cuando han ido al poder ha habido estallidos sociales y agreg\u00f3 que  por el contrario el PLD ha gobernado con decencia, libertad y democracia.<\/p>\n<p>&#13;<\/p>\n<p align=\"justify\" class=\"text1noticias\"><strong>Acusa a Vargas Maldonado de  ser una fotocopia<\/strong><\/p>\n<p>&#13;<\/p>\n<p align=\"justify\" class=\"text1noticias\">El director de prensa de la Presidencia, acus\u00f3 a Vargas Maldonado de ser una fotocopia mala, de imitar\u00a0  todo lo que hace el Presidente y dijo: si tenemos el original porqu\u00e9 cambiar a una copia descolorida y  borrosa.\u00a0 Dijo que Fern\u00e1ndez ha propiciado un clima de libertad para que haya una  prensa libre de ataduras y que ha sido una administraci\u00f3n que mayores  oportunidades ha ofrecido a los comunicadores para que sus espacios resurjan. <\/p>\n<p>&#13;<\/p>\n<p align=\"justify\" class=\"text1noticias\">Rafael N\u00fa\u00f1ez record\u00f3 que los reportes de prensa dando cuenta  del\u00a0 cierre de programas por presiones  del gobierno son cosas del pasado.<\/p>\n<p>&#13;<\/p>\n<h6> 2008-01-05 04:09:13 <\/h6>\n<p><!--\n<link rel=\"stylesheet\" href=\"css\/bootstrap.min.css\">\n\n\n<ul class=\"pagination\">\n\t    \n\t\n\n<li >\n\t<a href='?page_no=34468'>Previous<\/a>\n\t<\/li>\n\n\n       \n    \n\n<li><a href='?page_no=1'>1<\/a><\/li>\n\n\n\n<li><a href='?page_no=2'>2<\/a><\/li>\n\n\n\n<li><a>...<\/a><\/li>\n\n\n\n<li><a href='?page_no=34467'>34467<\/a><\/li>\n\n\n\n<li><a href='?page_no=34468'>34468<\/a><\/li>\n\n\n\n<li class='active'><a>34469<\/a><\/li>\n\n\n\n<li><a href='?page_no=34470'>34470<\/a><\/li>\n\n\n\n<li><a href='?page_no=34471'>34471<\/a><\/li>\n\n\n\n<li><a>...<\/a><\/li>\n\n\n\n<li><a href='?page_no=36999'>36999<\/a><\/li>\n\n\n\n<li><a href='?page_no=37000'>37000<\/a><\/li>\n\n    \n\t\n\n<li >\n\t<a href='?page_no=34470'>Next<\/a>\n\t<\/li>\n\n\n    \n\n<li><a href='?page_no=37000'>Last &rsaquo;&rsaquo;<\/a><\/li>\n\n<\/ul>\n\n\n--><br \/>\n<\/body><\/p>\n","protected":false},"excerpt":{"rendered":"<p>El presidente descalifica a Vargas Maldonado; advierte \u00a0el gobierno no puede caer en manos incapaces e inseguras &#13; SANTO DOMINGO.- El presidente Leonel Fern\u00e1ndez descalific\u00f3 al aspirante presidencial del Partido Revolucionario Dominicano (PRD) y dijo que al poder no puede llegar un hombre inseguro, dudoso, que vaya improvisar y que lo que le interese es [&hellip;]<\/p>\n","protected":false},"author":3,"featured_media":0,"comment_status":"open","ping_status":"open","sticky":false,"template":"","format":"standard","meta":{"footnotes":""},"categories":[22],"tags":[],"class_list":["post-191721","post","type-post","status-publish","format-standard","hentry","category-politica"],"_links":{"self":[{"href":"https:\/\/diariodominicano.com\/index.php?rest_route=\/wp\/v2\/posts\/191721","targetHints":{"allow":["GET"]}}],"collection":[{"href":"https:\/\/diariodominicano.com\/index.php?rest_route=\/wp\/v2\/posts"}],"about":[{"href":"https:\/\/diariodominicano.com\/index.php?rest_route=\/wp\/v2\/types\/post"}],"author":[{"embeddable":true,"href":"https:\/\/diariodominicano.com\/index.php?rest_route=\/wp\/v2\/users\/3"}],"replies":[{"embeddable":true,"href":"https:\/\/diariodominicano.com\/index.php?rest_route=%2Fwp%2Fv2%2Fcomments&post=191721"}],"version-history":[{"count":0,"href":"https:\/\/diariodominicano.com\/index.php?rest_route=\/wp\/v2\/posts\/191721\/revisions"}],"wp:attachment":[{"href":"https:\/\/diariodominicano.com\/index.php?rest_route=%2Fwp%2Fv2%2Fmedia&parent=191721"}],"wp:term":[{"taxonomy":"category","embeddable":true,"href":"https:\/\/diariodominicano.com\/index.php?rest_route=%2Fwp%2Fv2%2Fcategories&post=191721"},{"taxonomy":"post_tag","embeddable":true,"href":"https:\/\/diariodominicano.com\/index.php?rest_route=%2Fwp%2Fv2%2Ftags&post=191721"}],"curies":[{"name":"wp","href":"https:\/\/api.w.org\/{rel}","templated":true}]}}