{"id":191720,"date":"2008-01-05T16:49:09","date_gmt":"2008-01-05T16:49:09","guid":{"rendered":"http:\/\/diariodominicano.ddns.net\/?p=191720"},"modified":"2008-01-05T16:49:09","modified_gmt":"2008-01-05T16:49:09","slug":"dia-de-los-reyes-amable-dara-juguetes-y-alimentos-a-ninas-del-hogar-dona-chucha","status":"publish","type":"post","link":"https:\/\/diariodominicano.com\/?p=191720","title":{"rendered":"D\u00eda de los Reyes: Amable dar\u00e1 juguetes y alimentos a ni\u00f1as del Hogar Do\u00f1a Chucha"},"content":{"rendered":"<p><body><\/p>\n<p align=\"justify\" class=\"titulogrande1\"><strong>D\u00eda de los Reyes: Amable dar\u00e1 juguetes y  alimentos a ni\u00f1as del Hogar Do\u00f1a Chucha<\/strong><\/p>\n<p>&#13;<\/p>\n<p><strong>TAMBIEN EN  ROBERT REID CABRAL Y CL\u00cdNICA CRUZ JIMINIAN<\/strong><\/p>\n<p>&#13;<\/p>\n<p align=\"justify\" class=\"text1noticias\"><img loading=\"lazy\" decoding=\"async\" src=\"http:\/\/localhost:8080\/pictures\/amable pic.jpg\" width=\"269\" height=\"409\" hspace=\"4\" align=\"left\" \/>El candidato  presidencial del Partido Reformista Social Cristiano (PRSC), Amable Aristy  Castro, visitar\u00e1 ma\u00f1ana domingo con motivo de la celebraci\u00f3n del d\u00eda de los  Santos Reyes el \u201cHogar de Ni\u00f1as Do\u00f1a Chucha\u201d, en el sector de Gazcue, de la  capital, para distribuir juguetes, alimentos y \u00fatiles escolares.<\/p>\n<p>&#13;<\/p>\n<p align=\"justify\" class=\"text1noticias\">Lo propio har\u00e1 en  el hospital infantil Robert Read Cabral y en la \u201cCl\u00ednica Cruz Jiminian\u201d, en el  sector Cristo Rey, as\u00ed como en otros centros hospitalarios donde se encuentren  internos ni\u00f1os de escasos recursos econ\u00f3micos, de acuerdo a una nota de la Oficina de Prensa del  candidato reformista.<\/p>\n<p>&#13;<\/p>\n<p align=\"justify\" class=\"text1noticias\">\u201cVamos a llevar  alegr\u00eda y amor\u00a0 a cientos de ni\u00f1os pobres  cuyos padres o tutores no se encuentran en la situaci\u00f3n econ\u00f3mica para  comprarle juguetes en esta fecha tan importante para los infantes\u201d, dijo.<\/p>\n<p>&#13;<\/p>\n<p align=\"justify\" class=\"text1noticias\">Aristy Castro  dijo que todos los ni\u00f1os esperan sus juguetes en el D\u00eda de los Reyes, \u201cy si  nosotros podemos d\u00e1rselos, lo haremos, que era lo mismo que hac\u00eda Joaqu\u00edn  Balaguer, lo que se hizo una tradici\u00f3n en la familia reformista\u201d.<\/p>\n<p>&#13;<\/p>\n<p align=\"justify\" class=\"text1noticias\">El aspirante a la Presidencia de la Rep\u00fablica dijo que la  primera actividad de distribuci\u00f3n de juguetes, \u00fatiles escolares y alimentos se  har\u00e1 en el Hogar Do\u00f1a Chucha, a partir de las 10:00 de la ma\u00f1ana.<\/p>\n<p>&#13;<\/p>\n<p align=\"justify\" class=\"text1noticias\">Explic\u00f3 que  tiene un gran sentimiento por la escuela-hogar \u201cDo\u00f1a Chucha\u201d, cuyo local fue  donado por el presidente Balaguer en reconocimiento a la labor humanitaria de  la se\u00f1ora Mar\u00eda de las Nieves Sierra, quien dirigi\u00f3 el centro hasta su muerte a  finales de diciembre pasado.<\/p>\n<p>&#13;<\/p>\n<p align=\"justify\" class=\"text1noticias\">Aristy Castro  tambi\u00e9n distribuy\u00f3 juguetes en los pueblos de la L\u00ednea Noroeste y en  Santiago de los Caballeros, especialmente a ni\u00f1os residentes en las comunidades  y barrios afectados por las inundaciones provocadas por el desag\u00fce de la presa  de Tavera a ra\u00edz de la tormenta Olga, en diciembre ultimo.<\/p>\n<p>&#13;<\/p>\n<h6> 2008-01-05 16:49:09 <\/h6>\n<p><!--\n<link rel=\"stylesheet\" href=\"css\/bootstrap.min.css\">\n\n\n<ul class=\"pagination\">\n\t    \n\t\n\n<li >\n\t<a href='?page_no=34467'>Previous<\/a>\n\t<\/li>\n\n\n       \n    \n\n<li><a href='?page_no=1'>1<\/a><\/li>\n\n\n\n<li><a href='?page_no=2'>2<\/a><\/li>\n\n\n\n<li><a>...<\/a><\/li>\n\n\n\n<li><a href='?page_no=34466'>34466<\/a><\/li>\n\n\n\n<li><a href='?page_no=34467'>34467<\/a><\/li>\n\n\n\n<li class='active'><a>34468<\/a><\/li>\n\n\n\n<li><a href='?page_no=34469'>34469<\/a><\/li>\n\n\n\n<li><a href='?page_no=34470'>34470<\/a><\/li>\n\n\n\n<li><a>...<\/a><\/li>\n\n\n\n<li><a href='?page_no=36999'>36999<\/a><\/li>\n\n\n\n<li><a href='?page_no=37000'>37000<\/a><\/li>\n\n    \n\t\n\n<li >\n\t<a href='?page_no=34469'>Next<\/a>\n\t<\/li>\n\n\n    \n\n<li><a href='?page_no=37000'>Last &rsaquo;&rsaquo;<\/a><\/li>\n\n<\/ul>\n\n\n--><br \/>\n<\/body><\/p>\n","protected":false},"excerpt":{"rendered":"<p>D\u00eda de los Reyes: Amable dar\u00e1 juguetes y alimentos a ni\u00f1as del Hogar Do\u00f1a Chucha &#13; TAMBIEN EN ROBERT REID CABRAL Y CL\u00cdNICA CRUZ JIMINIAN &#13; El candidato presidencial del Partido Reformista Social Cristiano (PRSC), Amable Aristy Castro, visitar\u00e1 ma\u00f1ana domingo con motivo de la celebraci\u00f3n del d\u00eda de los Santos Reyes el \u201cHogar de [&hellip;]<\/p>\n","protected":false},"author":3,"featured_media":0,"comment_status":"open","ping_status":"open","sticky":false,"template":"","format":"standard","meta":{"footnotes":""},"categories":[22],"tags":[],"class_list":["post-191720","post","type-post","status-publish","format-standard","hentry","category-politica"],"_links":{"self":[{"href":"https:\/\/diariodominicano.com\/index.php?rest_route=\/wp\/v2\/posts\/191720","targetHints":{"allow":["GET"]}}],"collection":[{"href":"https:\/\/diariodominicano.com\/index.php?rest_route=\/wp\/v2\/posts"}],"about":[{"href":"https:\/\/diariodominicano.com\/index.php?rest_route=\/wp\/v2\/types\/post"}],"author":[{"embeddable":true,"href":"https:\/\/diariodominicano.com\/index.php?rest_route=\/wp\/v2\/users\/3"}],"replies":[{"embeddable":true,"href":"https:\/\/diariodominicano.com\/index.php?rest_route=%2Fwp%2Fv2%2Fcomments&post=191720"}],"version-history":[{"count":0,"href":"https:\/\/diariodominicano.com\/index.php?rest_route=\/wp\/v2\/posts\/191720\/revisions"}],"wp:attachment":[{"href":"https:\/\/diariodominicano.com\/index.php?rest_route=%2Fwp%2Fv2%2Fmedia&parent=191720"}],"wp:term":[{"taxonomy":"category","embeddable":true,"href":"https:\/\/diariodominicano.com\/index.php?rest_route=%2Fwp%2Fv2%2Fcategories&post=191720"},{"taxonomy":"post_tag","embeddable":true,"href":"https:\/\/diariodominicano.com\/index.php?rest_route=%2Fwp%2Fv2%2Ftags&post=191720"}],"curies":[{"name":"wp","href":"https:\/\/api.w.org\/{rel}","templated":true}]}}