{"id":191717,"date":"2008-01-05T19:13:15","date_gmt":"2008-01-05T19:13:15","guid":{"rendered":"http:\/\/diariodominicano.ddns.net\/?p=191717"},"modified":"2008-01-05T19:13:15","modified_gmt":"2008-01-05T19:13:15","slug":"amable-acusa-a-leonel-de-gobernar-de-forma-incapaz-e-insensible-frente-a-problemas-economicos-y-sociales-en-poblacion-dominicana","status":"publish","type":"post","link":"https:\/\/diariodominicano.com\/?p=191717","title":{"rendered":"Amable acusa a Leonel de gobernar de forma incapaz e insensible frente a problemas econ\u00f3micos y sociales en poblaci\u00f3n dominicana"},"content":{"rendered":"<p><body><\/p>\n<p align=\"justify\" class=\"text1noticias\"><strong>Amable Aristy acusa a Leonel Fern\u00e1ndez de gobernar de forma incapaz e insensible frente a problemas econ\u00f3micos y sociales en poblaci\u00f3n dominicana<br \/>&#13;<br \/>\n    <br \/>&#13;<br \/>\n    <img loading=\"lazy\" decoding=\"async\" src=\"http:\/\/localhost:8080\/pictures\/amable juguetes pic.jpg\" width=\"269\" height=\"390\" hspace=\"4\" align=\"left\" \/>Santiago.-<\/strong> El candidato  presidencial reformista, Amable Aristy Castro, acus\u00f3 al presidente Leonel  Fern\u00e1ndez de ejercer un gobierno incapaz e insensible ante la gravedad de los  problemas econ\u00f3micos y sociales que padece la poblaci\u00f3n dominicana.<\/p>\n<p>&#13;<\/p>\n<p align=\"justify\" class=\"text1noticias\">Dijo que los \u00faltimos a\u00f1os el  pa\u00eds ha confrontado la mala suerte de tener uno de los gobiernos m\u00e1s incapaces,  \u201ccomo es el gobierno de los comesolos, que es indolente y antihumano\u201d.<\/p>\n<p>&#13;<\/p>\n<p align=\"justify\" class=\"text1noticias\">Las declaraciones de Aristy  Castro se produjeron en el acto de entrega de juguetes a ni\u00f1os de las familias  damnificadas del sector de Rafey, donde visit\u00f3 y recorri\u00f3 parte de sus  callejuelas, repartiendo dinero en efectivo, salami y otros productos  comestibles.<\/p>\n<p>&#13;<\/p>\n<p align=\"justify\" class=\"text1noticias\"> Expres\u00f3 que es lastimoso y  desgarrador presenciar las penurias que padecen los moradores del referido  sector santiaguense, donde, seg\u00fan apunt\u00f3, por la incapacidad del gobierno  pelede\u00edsta la gente se muere de hambre.<\/p>\n<p>&#13;<\/p>\n<p align=\"justify\" class=\"text1noticias\">\u201cQue viaje menos y se dedique  a trabajar m\u00e1s para enfrentar las necesidades del pueblo. El fenecido  presidente Joaqu\u00edn Balaguer, en 22 a\u00f1os de gobierno, se ausent\u00f3 del pa\u00eds s\u00f3lo  dos veces, sin que ello afectara las relaciones internacionales de la Rep\u00fablica  Dominicana\u201d, observ\u00f3 Aristy Castro.<\/p>\n<p>&#13;<\/p>\n<p align=\"justify\" class=\"text1noticias\">Previo a la repartici\u00f3n de  juguetes a los ni\u00f1os damnificados del sector Rafey, el candidato presidencial  del PRSC, junto al s\u00edndico Jos\u00e9 Enrique Sued, los diputados M\u00e1ximo Castro  Silverio, Ram\u00f3n Rogelio Genao y Marino Collante, regidores y otros dirigentes  reformistas, lanz\u00f3 flores al r\u00edo Yaque del Norte, desde el puente Hermanos  Pati\u00f1o, en homenaje p\u00f3stumo a las v\u00edctimas fatales del desbordamiento causado  por el desfogue violento de la presa de Taveras, en la madrugada del 12 de  diciembre pasado.<\/p>\n<p>&#13;<\/p>\n<p align=\"justify\" class=\"text1noticias\">\u201cCon este gesto solidario,  condenamos el criminal manejo que le dio el gobierno a la presa de Taveras,  causando decenas de muertos, destrucci\u00f3n de viviendas, propiedades y cuantiosos  da\u00f1os a la agricultura\u201d, precis\u00f3 Aristy Castro.<br \/>&#13;\n<\/p>\n<p>&#13;<\/p>\n<p align=\"justify\" class=\"text1noticias\">Indic\u00f3 que conf\u00eda en que esa  acci\u00f3n criminal no quede impune en tributo a la memoria de los muertos y  damnificados. Anunci\u00f3 la acci\u00f3n judicial que en nombre del PRSC emprender\u00e1  junto a un equipo de connotados juristas, quienes se encuentran en fase de  instrumentaci\u00f3n del expediente acusatorio.<\/p>\n<p>&#13;<\/p>\n<p align=\"justify\" class=\"text1noticias\">El s\u00edndico Sued, por su parte,  tras el lanzamiento de flores al cauce del Yaque del Norte, pidi\u00f3 que en  recordaci\u00f3n de las v\u00edctimas se rezara un Padre Nuestro. Se\u00f1al\u00f3 que hay que  sentar un precedente para que desde las esferas del poder no haya funcionarios  ineptos que siembren el luto y la desgracia en el seno de los hogares  dominicanos.<\/p>\n<p>&#13;<\/p>\n<p align=\"justify\" class=\"text1noticias\">Adem\u00e1s de los dirigentes  reformistas, el candidato presidencial fue acompa\u00f1ado por decenas de personas  del pueblo, entre ellos damnificados, quienes, al percatarse de su presencia  improvisaron un micro mitin en el puente Hermanos Pati\u00f1o, lanzando consignas  contra el gobierno del PLD.<\/p>\n<p>&#13;<\/p>\n<h6> 2008-01-05 19:13:15 <\/h6>\n<p><!--\n<link rel=\"stylesheet\" href=\"css\/bootstrap.min.css\">\n\n\n<ul class=\"pagination\">\n\t    \n\t\n\n<li >\n\t<a href='?page_no=34464'>Previous<\/a>\n\t<\/li>\n\n\n       \n    \n\n<li><a href='?page_no=1'>1<\/a><\/li>\n\n\n\n<li><a href='?page_no=2'>2<\/a><\/li>\n\n\n\n<li><a>...<\/a><\/li>\n\n\n\n<li><a href='?page_no=34463'>34463<\/a><\/li>\n\n\n\n<li><a href='?page_no=34464'>34464<\/a><\/li>\n\n\n\n<li class='active'><a>34465<\/a><\/li>\n\n\n\n<li><a href='?page_no=34466'>34466<\/a><\/li>\n\n\n\n<li><a href='?page_no=34467'>34467<\/a><\/li>\n\n\n\n<li><a>...<\/a><\/li>\n\n\n\n<li><a href='?page_no=36999'>36999<\/a><\/li>\n\n\n\n<li><a href='?page_no=37000'>37000<\/a><\/li>\n\n    \n\t\n\n<li >\n\t<a href='?page_no=34466'>Next<\/a>\n\t<\/li>\n\n\n    \n\n<li><a href='?page_no=37000'>Last &rsaquo;&rsaquo;<\/a><\/li>\n\n<\/ul>\n\n\n--><br \/>\n<\/body><\/p>\n","protected":false},"excerpt":{"rendered":"<p>Amable Aristy acusa a Leonel Fern\u00e1ndez de gobernar de forma incapaz e insensible frente a problemas econ\u00f3micos y sociales en poblaci\u00f3n dominicana&#13; &#13; Santiago.- El candidato presidencial reformista, Amable Aristy Castro, acus\u00f3 al presidente Leonel Fern\u00e1ndez de ejercer un gobierno incapaz e insensible ante la gravedad de los problemas econ\u00f3micos y sociales que padece la [&hellip;]<\/p>\n","protected":false},"author":3,"featured_media":0,"comment_status":"open","ping_status":"open","sticky":false,"template":"","format":"standard","meta":{"footnotes":""},"categories":[22],"tags":[],"class_list":["post-191717","post","type-post","status-publish","format-standard","hentry","category-politica"],"_links":{"self":[{"href":"https:\/\/diariodominicano.com\/index.php?rest_route=\/wp\/v2\/posts\/191717","targetHints":{"allow":["GET"]}}],"collection":[{"href":"https:\/\/diariodominicano.com\/index.php?rest_route=\/wp\/v2\/posts"}],"about":[{"href":"https:\/\/diariodominicano.com\/index.php?rest_route=\/wp\/v2\/types\/post"}],"author":[{"embeddable":true,"href":"https:\/\/diariodominicano.com\/index.php?rest_route=\/wp\/v2\/users\/3"}],"replies":[{"embeddable":true,"href":"https:\/\/diariodominicano.com\/index.php?rest_route=%2Fwp%2Fv2%2Fcomments&post=191717"}],"version-history":[{"count":0,"href":"https:\/\/diariodominicano.com\/index.php?rest_route=\/wp\/v2\/posts\/191717\/revisions"}],"wp:attachment":[{"href":"https:\/\/diariodominicano.com\/index.php?rest_route=%2Fwp%2Fv2%2Fmedia&parent=191717"}],"wp:term":[{"taxonomy":"category","embeddable":true,"href":"https:\/\/diariodominicano.com\/index.php?rest_route=%2Fwp%2Fv2%2Fcategories&post=191717"},{"taxonomy":"post_tag","embeddable":true,"href":"https:\/\/diariodominicano.com\/index.php?rest_route=%2Fwp%2Fv2%2Ftags&post=191717"}],"curies":[{"name":"wp","href":"https:\/\/api.w.org\/{rel}","templated":true}]}}