{"id":191716,"date":"2008-01-06T04:50:01","date_gmt":"2008-01-06T04:50:01","guid":{"rendered":"http:\/\/diariodominicano.ddns.net\/?p=191716"},"modified":"2008-01-06T04:50:01","modified_gmt":"2008-01-06T04:50:01","slug":"vargas-maldonado-reitera-promesa-de-bajar-impuestos-quiere-acuerdo-con-el-fmi","status":"publish","type":"post","link":"https:\/\/diariodominicano.com\/?p=191716","title":{"rendered":"Vargas Maldonado reitera promesa de bajar impuestos; quiere acuerdo con el FMI"},"content":{"rendered":"<p><body><\/p>\n<p align=\"justify\" class=\"titulogrande1\">Vargas Maldonado reitera promesa de  bajar impuestos; quiere acuerdo con el FMI<\/p>\n<p>&#13;<\/p>\n<p align=\"justify\" class=\"text1noticias\"><strong>SANTO DOMINGO.-<\/strong> El candidato  presidencial del Partido Revolucionario Dominicano (PRD), ingeniero Miguel  Vargas Maldonado, consider\u00f3 preocupante que funcionarios del  equipo econ\u00f3mico insistan en no renovar el acuerdo con el Fondo Monetario  Internacional (FMI) para que el gobierno d\u00e9 rienda suelta al gasto p\u00fablico en  este a\u00f1o electoral.<br \/>&#13;<br \/>\n  <br \/>&#13;<br \/>\n  Vargas Maldonado advirti\u00f3 que esto  elevar\u00e1 los precios y deteriorar\u00e1 el poder de compra de los ingresos del pueblo  dominicano.<br \/>&#13;<br \/>\n  <br \/>&#13;<br \/>\n  Dijo que el descenso de la confianza de  los agentes econ\u00f3micos sobre el gobierno est\u00e1 preocupando a\u00a0 parte  del liderazgo empresarial, que expresa inquietud por las pretensiones del  gobierno de acentuar su derroche de recursos en la campa\u00f1a reeleccionista.<br \/>&#13;<br \/>\n  <br \/>&#13;<br \/>\n  Dijo que esa es la raz\u00f3n por la que  sectores empresariales y especialistas en el \u00e1rea econ\u00f3mica han insistido  en que para asegurar la estabilidad macroecon\u00f3mica el gobierno debe firmar  nuevamente un acuerdo \u201cstand by\u201d con el FMI.<br \/>&#13;<br \/>\n<br \/>&#13;<br \/>\n   Vargas Maldonado exhort\u00f3 a las  autoridades a adoptar una pol\u00edtica de austeridad en el gasto p\u00fablico,  combinada con la reducci\u00f3n de los impuestos que gravan el consumo de  combustibles y\u00a0 detener el despilfarro de dinero que con tanto esfuerzo paga  el pueblo\u00a0 en forma de impuestos. <br \/>&#13;<br \/>\n  <br \/>&#13;<br \/>\n  Afirm\u00f3 que los impuestos  excesivos y el mal manejo de la oferta de productos agropecuarios despu\u00e9s de la  tormenta Noel, han provocado aumentos de precios que afectan los  presupuestos de las familias de menos ingresos y\u00a0 de la clase media.<br \/>&#13;<br \/>\n  <br \/>&#13;<br \/>\n  Demand\u00f3 del presidente Fern\u00e1ndez la  adopci\u00f3n de medidas compensatorias en favor de la mayor\u00eda de la poblaci\u00f3n.<br \/>&#13;<br \/>\n  <br \/>&#13;<br \/>\n  Dijo que las alzas de precios de los  huevos, pollo, leche, pan, pl\u00e1tanos, guineos, yuca, papa, cebolla, \u00f1ame, yaut\u00eda  y ajo, entre otros art\u00edculos de consumo masivo, deben ser enfrentadas mediante  la disminuci\u00f3n de los impuestos, entre los que resaltan los que gravan el  consumo de combustibles. <br \/>&#13;<br \/>\n  <br \/>&#13;<br \/>\n  Se\u00f1al\u00f3 que si el gobierno no atiende el  reclamo de la sociedad, su pol\u00edtica econ\u00f3mica continuar\u00e1 deteriorando las  condiciones de vida de los segmentos m\u00e1s vulnerables de la poblaci\u00f3n. <br \/>&#13;<br \/>\n  <br \/>&#13;<br \/>\n  Vargas Maldonado hizo sus  puntualizaciones mientras trabajaba en sus oficinas del Comando de Campa\u00f1a de  la avenida N\u00fa\u00f1ez de C\u00e1ceres, en el dise\u00f1o y coordinaci\u00f3n de las actividades con  que arranca el nuevo a\u00f1o, incluyendo una movilizaci\u00f3n en todo el pa\u00eds,  programada para el domingo 13.<\/p>\n<p>&#13;<\/p>\n<h6> 2008-01-06 04:50:01 <\/h6>\n<p><!--\n<link rel=\"stylesheet\" href=\"css\/bootstrap.min.css\">\n\n\n<ul class=\"pagination\">\n\t    \n\t\n\n<li >\n\t<a href='?page_no=34463'>Previous<\/a>\n\t<\/li>\n\n\n       \n    \n\n<li><a href='?page_no=1'>1<\/a><\/li>\n\n\n\n<li><a href='?page_no=2'>2<\/a><\/li>\n\n\n\n<li><a>...<\/a><\/li>\n\n\n\n<li><a href='?page_no=34462'>34462<\/a><\/li>\n\n\n\n<li><a href='?page_no=34463'>34463<\/a><\/li>\n\n\n\n<li class='active'><a>34464<\/a><\/li>\n\n\n\n<li><a href='?page_no=34465'>34465<\/a><\/li>\n\n\n\n<li><a href='?page_no=34466'>34466<\/a><\/li>\n\n\n\n<li><a>...<\/a><\/li>\n\n\n\n<li><a href='?page_no=36999'>36999<\/a><\/li>\n\n\n\n<li><a href='?page_no=37000'>37000<\/a><\/li>\n\n    \n\t\n\n<li >\n\t<a href='?page_no=34465'>Next<\/a>\n\t<\/li>\n\n\n    \n\n<li><a href='?page_no=37000'>Last &rsaquo;&rsaquo;<\/a><\/li>\n\n<\/ul>\n\n\n--><br \/>\n<\/body><\/p>\n","protected":false},"excerpt":{"rendered":"<p>Vargas Maldonado reitera promesa de bajar impuestos; quiere acuerdo con el FMI &#13; SANTO DOMINGO.- El candidato presidencial del Partido Revolucionario Dominicano (PRD), ingeniero Miguel Vargas Maldonado, consider\u00f3 preocupante que funcionarios del equipo econ\u00f3mico insistan en no renovar el acuerdo con el Fondo Monetario Internacional (FMI) para que el gobierno d\u00e9 rienda suelta al gasto [&hellip;]<\/p>\n","protected":false},"author":3,"featured_media":0,"comment_status":"open","ping_status":"open","sticky":false,"template":"","format":"standard","meta":{"footnotes":""},"categories":[22],"tags":[],"class_list":["post-191716","post","type-post","status-publish","format-standard","hentry","category-politica"],"_links":{"self":[{"href":"https:\/\/diariodominicano.com\/index.php?rest_route=\/wp\/v2\/posts\/191716","targetHints":{"allow":["GET"]}}],"collection":[{"href":"https:\/\/diariodominicano.com\/index.php?rest_route=\/wp\/v2\/posts"}],"about":[{"href":"https:\/\/diariodominicano.com\/index.php?rest_route=\/wp\/v2\/types\/post"}],"author":[{"embeddable":true,"href":"https:\/\/diariodominicano.com\/index.php?rest_route=\/wp\/v2\/users\/3"}],"replies":[{"embeddable":true,"href":"https:\/\/diariodominicano.com\/index.php?rest_route=%2Fwp%2Fv2%2Fcomments&post=191716"}],"version-history":[{"count":0,"href":"https:\/\/diariodominicano.com\/index.php?rest_route=\/wp\/v2\/posts\/191716\/revisions"}],"wp:attachment":[{"href":"https:\/\/diariodominicano.com\/index.php?rest_route=%2Fwp%2Fv2%2Fmedia&parent=191716"}],"wp:term":[{"taxonomy":"category","embeddable":true,"href":"https:\/\/diariodominicano.com\/index.php?rest_route=%2Fwp%2Fv2%2Fcategories&post=191716"},{"taxonomy":"post_tag","embeddable":true,"href":"https:\/\/diariodominicano.com\/index.php?rest_route=%2Fwp%2Fv2%2Ftags&post=191716"}],"curies":[{"name":"wp","href":"https:\/\/api.w.org\/{rel}","templated":true}]}}