{"id":191715,"date":"2008-01-06T05:03:16","date_gmt":"2008-01-06T05:03:16","guid":{"rendered":"http:\/\/diariodominicano.ddns.net\/?p=191715"},"modified":"2008-01-06T05:03:16","modified_gmt":"2008-01-06T05:03:16","slug":"leonel-sugiere-evitar-que-el-pais-vuelva-a-caer-bajo-control-de-gente-de-cabeza-incapacitada","status":"publish","type":"post","link":"https:\/\/diariodominicano.com\/?p=191715","title":{"rendered":"Leonel sugiere evitar que el pa\u00eds vuelva a caer bajo control de gente de cabeza incapacitada"},"content":{"rendered":"<p><body><\/p>\n<p align=\"justify\" class=\"titulogrande1\">Leonel sugiere evitar que el pa\u00eds vuelva  a caer bajo control de gente de cabeza  incapacitada<\/p>\n<p>&#13;<\/p>\n<p align=\"justify\" class=\"text1noticias\">El Presidente Leonel Fern\u00e1ndez advirti\u00f3  ayer a los dominicanos que deben evitar que el pa\u00eds vuelva a caer bajo control  de gente de \u201ccabeza incapacitada\u201d y de \u201cmanos inseguras y dudosas\u201d,  especialmente en momentos en que la naci\u00f3n se encuentra sometida a \u201cfuertes  turbulencias internacionales\u201d que repercutir\u00e1n seriamente en el plano local.<br \/>&#13;<br \/>\n  <br \/>&#13;<br \/>\n  Fern\u00e1ndez dijo que el momento necesita  de \u201clideres pol\u00edticos conscientes de c\u00f3mo se produce la interacci\u00f3n entre lo  que acontece en el \u00e1mbito internacional y c\u00f3mo eso impacta en el plano local\u201d  para que el pa\u00eds est\u00e9 en condiciones de superar \u201cesas aparentes adversidades y  transformarlas en posibilidades de avances y de progresos\u201d.<br \/>&#13;<br \/>\n  <br \/>&#13;<br \/>\n\u201cPero para poder reflexionar, para poder  meditar sobre estos temas y dise\u00f1ar pol\u00edticas p\u00fablicas que vayan en beneficio  de nuestro pueblo se requiere mentes entrenadas pol\u00edticamente, gente dedicada a  la reflexi\u00f3n pol\u00edtica, a pensar pol\u00edticamente, a entender los problemas  hist\u00f3ricos y los problemas internacionales\u201d, expres\u00f3 el gobernante.<br \/>&#13;<br \/>\n<br \/>&#13;<br \/>\nFern\u00e1ndez advirti\u00f3 que esta tarea no  debe estar en manos \u201cde gente que cree que la pol\u00edtica es un negocio para  lucrarse personalmente\u201d ni de personas \u201ccuyo \u00fanico m\u00e9rito es exhibir su  fortuna personal\u201d. Eso debe estar en manos de gente comprometida con el  bienestar y el progreso del pueblo dominicano\u201d.<br \/>&#13;<br \/>\n<br \/>&#13;<br \/>\nFern\u00e1ndez se expres\u00f3 en estos t\u00e9rminos  durante un encuentro que encabez\u00f3 en el Sal\u00f3n \u00c1mbar, del hotel Dominican  Fiesta, de esta capital, con cientos de comunicadores sociales de todo el pa\u00eds  en ocasi\u00f3n del A\u00f1o Nuevo. La actividad fue organizada por el director de Prensa  del Palacio Nacional, Rafael N\u00fa\u00f1ez, quien habl\u00f3 tambi\u00e9n en el acto.<br \/>&#13;<br \/>\n<br \/>&#13;<br \/>\nEl mandatario insisti\u00f3 en que estos  tiempos necesitan de gente que sepa manejar el alza en los precios del petr\u00f3leo  y c\u00f3mo esto incide en la econom\u00eda nacional, que cuente con amigos a nivel  internacional que puedan ayudar a la Rep\u00fablica Dominicana,  que lo reciban en base al deseo de cooperar siempre con el pa\u00eds y que enmarquen  esas relaciones bilaterales en funci\u00f3n del inter\u00e9s supremo y el bienestar del  pa\u00eds.<br \/>&#13;<br \/>\n<br \/>&#13;<br \/>\nFern\u00e1ndez sostuvo que en el torneo  electoral de mayo del 2008 lo que est\u00e1 en juego es el retroceso o el progreso  del pa\u00eds, \u201cy para saber d\u00f3nde es que est\u00e1 el progreso les digo que desde anoche  (jueves) est\u00e1n llegando los vagones del Metro de Santo Domingo\u201d.<br \/>&#13;<br \/>\n<br \/>&#13;<br \/>\nFern\u00e1ndez, aspirante a la reelecci\u00f3n en  la boleta del Partido de la Liberaci\u00f3n Dominicana (PLD), asegur\u00f3 que ha  cumplido con todo lo que prometi\u00f3 al pa\u00eds para el per\u00edodo 2004-2008,  especialmente logrando recuperar y estabilizar la econom\u00eda y retomando la  confianza de los inversores, pero plante\u00f3 que para el 2008-2012 se necesitar\u00e1  consolidar a\u00fan m\u00e1s estos logros y avanzar hacia una nueva meta.<br \/>&#13;<br \/>\n<br \/>&#13;<br \/>\nExplic\u00f3 que esta nueva meta debe ser que  el crecimiento econ\u00f3mico con estabilidad y la existencia de la confianza entre  los inversionistas se traduzca cada vez en m\u00e1s bienestar y prosperidad para  todas las familias de Rep\u00fablica Dominicana.<br \/>&#13;<br \/>\n<br \/>&#13;<br \/>\n\u201cEl 2008-2012 ser\u00e1 el periodo del  bienestar y la prosperidad de las familias dominicanas\u201d, prometi\u00f3 Fern\u00e1ndez,  reconociendo, sin embargo, que esto no se produce por inercia o en forma  autom\u00e1tica, espont\u00e1nea o natural, sino que una pol\u00edtica de desarrollo econ\u00f3mico  sostenido tiene que acompa\u00f1arle una pol\u00edtica deliberada orientada hacia el  aspecto social, algo que debe ser consolidado en un pr\u00f3ximo mandato.<br \/>&#13;<br \/>\n<br \/>&#13;<br \/>\nCritic\u00f3\u00a0 las gestiones de gobierno  del Partido Revolucionario Dominicano (PRD), en las que, seg\u00fan dijo, no hubo  modernizaci\u00f3n, sino involuci\u00f3n porque no hay nada que se pueda presentar a la  posteridad que se lograse, por ejemplo, en los ocho a\u00f1os de gobierno de esa  entidad entre 1978-1986.<br \/>&#13;<br \/>\n<br \/>&#13;<br \/>\n\u201cTodos sabemos los estallidos sociales  que se presentaron\u201d, dijo el mandatario, quien estuvo acompa\u00f1ado del  vicepresidente Rafael Alburquerque; el secretario administrativo de la Presidencia, Luis  Manuel Bonetti y del director de Prensa, Rafael N\u00fa\u00f1ez. Tambi\u00e9n, de los  subdirectores de prensa Sandra Severino, Annia Valdez y Jos\u00e9 Delio Jim\u00e9nez.<br \/>&#13;<br \/>\n<br \/>&#13;<br \/>\n\u201cNos ha tocado a nosotros, a esta  generaci\u00f3n de pol\u00edticos, realmente consolidar esa aspiraci\u00f3n permanente del  pueblo dominicano de lograr el progreso, el bienestar y el cambio social en  democracia, en libertad, en respeto y con decencia\u201d, dijo Fern\u00e1ndez.<br \/>&#13;<br \/>\n<br \/>&#13;<br \/>\n<strong>Manuel Jim\u00e9nez\/Hoy<\/strong><\/p>\n<p>&#13;<\/p>\n<h6> 2008-01-06 05:03:16 <\/h6>\n<p><!--\n<link rel=\"stylesheet\" href=\"css\/bootstrap.min.css\">\n\n\n<ul class=\"pagination\">\n\t    \n\t\n\n<li >\n\t<a href='?page_no=34462'>Previous<\/a>\n\t<\/li>\n\n\n       \n    \n\n<li><a href='?page_no=1'>1<\/a><\/li>\n\n\n\n<li><a href='?page_no=2'>2<\/a><\/li>\n\n\n\n<li><a>...<\/a><\/li>\n\n\n\n<li><a href='?page_no=34461'>34461<\/a><\/li>\n\n\n\n<li><a href='?page_no=34462'>34462<\/a><\/li>\n\n\n\n<li class='active'><a>34463<\/a><\/li>\n\n\n\n<li><a href='?page_no=34464'>34464<\/a><\/li>\n\n\n\n<li><a href='?page_no=34465'>34465<\/a><\/li>\n\n\n\n<li><a>...<\/a><\/li>\n\n\n\n<li><a href='?page_no=36999'>36999<\/a><\/li>\n\n\n\n<li><a href='?page_no=37000'>37000<\/a><\/li>\n\n    \n\t\n\n<li >\n\t<a href='?page_no=34464'>Next<\/a>\n\t<\/li>\n\n\n    \n\n<li><a href='?page_no=37000'>Last &rsaquo;&rsaquo;<\/a><\/li>\n\n<\/ul>\n\n\n--><br \/>\n<\/body><\/p>\n","protected":false},"excerpt":{"rendered":"<p>Leonel sugiere evitar que el pa\u00eds vuelva a caer bajo control de gente de cabeza incapacitada &#13; El Presidente Leonel Fern\u00e1ndez advirti\u00f3 ayer a los dominicanos que deben evitar que el pa\u00eds vuelva a caer bajo control de gente de \u201ccabeza incapacitada\u201d y de \u201cmanos inseguras y dudosas\u201d, especialmente en momentos en que la naci\u00f3n [&hellip;]<\/p>\n","protected":false},"author":3,"featured_media":0,"comment_status":"open","ping_status":"open","sticky":false,"template":"","format":"standard","meta":{"footnotes":""},"categories":[22],"tags":[],"class_list":["post-191715","post","type-post","status-publish","format-standard","hentry","category-politica"],"_links":{"self":[{"href":"https:\/\/diariodominicano.com\/index.php?rest_route=\/wp\/v2\/posts\/191715","targetHints":{"allow":["GET"]}}],"collection":[{"href":"https:\/\/diariodominicano.com\/index.php?rest_route=\/wp\/v2\/posts"}],"about":[{"href":"https:\/\/diariodominicano.com\/index.php?rest_route=\/wp\/v2\/types\/post"}],"author":[{"embeddable":true,"href":"https:\/\/diariodominicano.com\/index.php?rest_route=\/wp\/v2\/users\/3"}],"replies":[{"embeddable":true,"href":"https:\/\/diariodominicano.com\/index.php?rest_route=%2Fwp%2Fv2%2Fcomments&post=191715"}],"version-history":[{"count":0,"href":"https:\/\/diariodominicano.com\/index.php?rest_route=\/wp\/v2\/posts\/191715\/revisions"}],"wp:attachment":[{"href":"https:\/\/diariodominicano.com\/index.php?rest_route=%2Fwp%2Fv2%2Fmedia&parent=191715"}],"wp:term":[{"taxonomy":"category","embeddable":true,"href":"https:\/\/diariodominicano.com\/index.php?rest_route=%2Fwp%2Fv2%2Fcategories&post=191715"},{"taxonomy":"post_tag","embeddable":true,"href":"https:\/\/diariodominicano.com\/index.php?rest_route=%2Fwp%2Fv2%2Ftags&post=191715"}],"curies":[{"name":"wp","href":"https:\/\/api.w.org\/{rel}","templated":true}]}}