{"id":191714,"date":"2008-01-06T19:55:26","date_gmt":"2008-01-06T19:55:26","guid":{"rendered":"http:\/\/diariodominicano.ddns.net\/?p=191714"},"modified":"2008-01-06T19:55:26","modified_gmt":"2008-01-06T19:55:26","slug":"miguel-vargas-distribuye-juguetes-a-ninos-y-adolescentes-con-motivo-del-dia-de-los-santos-reyes","status":"publish","type":"post","link":"https:\/\/diariodominicano.com\/?p=191714","title":{"rendered":"Miguel Vargas distribuye juguetes a ni\u00f1os y adolescentes con motivo del d\u00eda de los Santos Reyes"},"content":{"rendered":"<p><body><\/p>\n<p align=\"justify\"><span class=\"titulogrande1\">Miguel Vargas distribuye juguetes a ni\u00f1os y  adolescentes con motivo del D\u00eda de los Santos Reyes<\/span><br \/>&#13;<br \/>\n   <br \/>&#13;<br \/>\n   <strong>Le acompa\u00f1a su esposa Angelita Garc\u00eda de Vargas.<\/strong><br \/>&#13;<br \/>\n   <br \/>&#13;<br \/>\n   <strong>Miguel dar\u00e1 seguimiento personal a programas de educaci\u00f3n y nutrici\u00f3n de ni\u00f1ez y adolescente<\/strong><br \/>&#13;<br \/>\n  <br \/>&#13;<br \/>\n  <span class=\"text1noticias\"><strong><img loading=\"lazy\" decoding=\"async\" src=\"http:\/\/localhost:8080\/pictures\/maldonado juguetes.jpg\" width=\"269\" height=\"366\" hspace=\"4\" align=\"left\" \/>Santo Domingo.-<\/strong> El ingeniero Miguel Vargas afirm\u00f3 este domingo que entre los principales compromisos de la gesti\u00f3n de gobierno que se propone encabezar a partir del 16 de agosto, est\u00e1 garantizar a la ni\u00f1ez y la adolescencia educaci\u00f3n de calidad y adecuada nutrici\u00f3n, programas a los que dar\u00e1 especial seguimiento desde el despacho presidencial.<br \/>&#13;<br \/>\n  <br \/>&#13;<br \/>\n\u00abNuestra desarrollo personal y la conformaci\u00f3n de una familia de la que nos sentimos satisfechos\u00bb, dijo, \u00abson el resultado de la  educaci\u00f3n y de haber disfrutado de salud para estudiar y trabajar con ah\u00ednco\u00bb, destac\u00f3.<br \/>&#13;<br \/>\n   <br \/>&#13;<br \/>\n  El candidato presidencial del Partido Revolucionario Dominicano habl\u00f3 en un acto en el que entreg\u00f3 en su Comando de Campa\u00f1a miles de juguetes a ni\u00f1os y ni\u00f1as, con motivo de la celebraci\u00f3n del D\u00eda de Reyes.<br \/>&#13;<br \/>\n  <br \/>&#13;<br \/>\n  Tambi\u00e9n hizo entrega de juguetes y prendas de vestir a ni\u00f1os del programa Canillitas con Don Bosco. En ambas actividades estuvo acompa\u00f1ado de su esposa Angelita Garc\u00eda.<br \/>&#13;<br \/>\n  <br \/>&#13;<br \/>\n  <br \/>&#13;<br \/>\n  Enfatiz\u00f3 que \u00abnecesitamos formar ciudadanos y ciudadanas responsables en el cumplimiento de sus deberes y firmes en la defensa de sus derechos, fortalecidos moralmente en los principios cristianos, pero eso no se obtiene con palabras enga\u00f1osas sino invirtiendo fuerte en la educaci\u00f3n y la salud\u00bb.<br \/>&#13;<br \/>\n  <br \/>&#13;<br \/>\n  Ampli\u00f3 que \u00abpor eso el primer compromiso que hice de manera p\u00fablica como candidato presidencial fue el de garantizar que como presidente de la Rep\u00fablica vamos a cumplir con la Ley General de Educaci\u00f3n, destinando el 16% del Presupuesto Nacional o el 4 por ciento del Producto Interno Bruto y asegur\u00e1ndonos de que esa inversi\u00f3n garantice una educaci\u00f3n de calidad a nuestros ni\u00f1os, ni\u00f1as y adolescentes\u00bb.<br \/>&#13;<br \/>\n  <br \/>&#13;<br \/>\n  Dijo que cuando hizo ese compromiso, hace ya unos cuatro meses, reclam\u00f3 al presidente Fern\u00e1ndez que cumpliera con esa ley al formular el presupuesto para este a\u00f1o, \u00aby lo emplac\u00e9 entonces y lo reitero hoy de nuevo, que si \u00e9l no ten\u00eda la voluntad para hacerlo, como no lo ha hecho, nosotros s\u00ed invertiremos el 16% del Presupuesto Nacional en educaci\u00f3n, porque tenemos conciencia de que la inversi\u00f3n adecuada en esa \u00e1rea es indispensable para desarrollar mejores ni\u00f1os y ni\u00f1as y adolescentes, y mejores ciudadanos y ciudadanas para que podamos tener un pa\u00eds mejor\u00bb.<br \/>&#13;<br \/>\n  <br \/>&#13;<br \/>\n  Vargas deplor\u00f3 que recientemente se conocieran estad\u00edsticas informando que han aumentado la desnutrici\u00f3n en la ni\u00f1ez y el n\u00famero de dominicanos y dominicanas que padecen hambre, situaciones que se est\u00e1n incrementando con la pol\u00edtica econ\u00f3mica del presidente candidato, que est\u00e1 subiendo los precios de los bienes y servicios que demandan el bienestar de la ciudadan\u00eda..<br \/>&#13;<br \/>\n  <br \/>&#13;<br \/>\n\u00abLa adecuada nutrici\u00f3n de las ni\u00f1as, ni\u00f1os y adolescentes es para nosotros parte del concepto de salud, de modo que en el gobierno que iniciaremos a partir del 16 de agosto, vamos a garantizar el presupuesto suficiente para la nutrici\u00f3n de la ni\u00f1ez, porque s\u00f3lo un presidente como el doctor Leonel Fern\u00e1ndez, que no tiene compasi\u00f3n por la gente m\u00e1s desvalida de su pueblo, puede hablar de progreso y de malnutrici\u00f3n y hambre y no est\u00e1n recibiendo educaci\u00f3n adecuada\u00bb, puntualiz\u00f3.<br \/>&#13;<br \/>\n  <br \/>&#13;<br \/>\n  Vargas Maldonado se\u00f1al\u00f3 que con la entrega de juguetes y prendas de vestir procura llevar alegr\u00eda con un gesto de amor a ni\u00f1os y ni\u00f1as cuyos padres carecen de los recursos indispensables para gratificar a sus hijitos e hijitas en tan celebrada fecha.<\/span><\/p>\n<p>&#13;<\/p>\n<h6> 2008-01-06 19:55:26 <\/h6>\n<p><!--\n<link rel=\"stylesheet\" href=\"css\/bootstrap.min.css\">\n\n\n<ul class=\"pagination\">\n\t    \n\t\n\n<li >\n\t<a href='?page_no=34461'>Previous<\/a>\n\t<\/li>\n\n\n       \n    \n\n<li><a href='?page_no=1'>1<\/a><\/li>\n\n\n\n<li><a href='?page_no=2'>2<\/a><\/li>\n\n\n\n<li><a>...<\/a><\/li>\n\n\n\n<li><a href='?page_no=34460'>34460<\/a><\/li>\n\n\n\n<li><a href='?page_no=34461'>34461<\/a><\/li>\n\n\n\n<li class='active'><a>34462<\/a><\/li>\n\n\n\n<li><a href='?page_no=34463'>34463<\/a><\/li>\n\n\n\n<li><a href='?page_no=34464'>34464<\/a><\/li>\n\n\n\n<li><a>...<\/a><\/li>\n\n\n\n<li><a href='?page_no=36999'>36999<\/a><\/li>\n\n\n\n<li><a href='?page_no=37000'>37000<\/a><\/li>\n\n    \n\t\n\n<li >\n\t<a href='?page_no=34463'>Next<\/a>\n\t<\/li>\n\n\n    \n\n<li><a href='?page_no=37000'>Last &rsaquo;&rsaquo;<\/a><\/li>\n\n<\/ul>\n\n\n--><br \/>\n<\/body><\/p>\n","protected":false},"excerpt":{"rendered":"<p>Miguel Vargas distribuye juguetes a ni\u00f1os y adolescentes con motivo del D\u00eda de los Santos Reyes&#13; &#13; Le acompa\u00f1a su esposa Angelita Garc\u00eda de Vargas.&#13; &#13; Miguel dar\u00e1 seguimiento personal a programas de educaci\u00f3n y nutrici\u00f3n de ni\u00f1ez y adolescente&#13; &#13; Santo Domingo.- El ingeniero Miguel Vargas afirm\u00f3 este domingo que entre los principales compromisos [&hellip;]<\/p>\n","protected":false},"author":3,"featured_media":0,"comment_status":"open","ping_status":"open","sticky":false,"template":"","format":"standard","meta":{"footnotes":""},"categories":[22],"tags":[],"class_list":["post-191714","post","type-post","status-publish","format-standard","hentry","category-politica"],"_links":{"self":[{"href":"https:\/\/diariodominicano.com\/index.php?rest_route=\/wp\/v2\/posts\/191714","targetHints":{"allow":["GET"]}}],"collection":[{"href":"https:\/\/diariodominicano.com\/index.php?rest_route=\/wp\/v2\/posts"}],"about":[{"href":"https:\/\/diariodominicano.com\/index.php?rest_route=\/wp\/v2\/types\/post"}],"author":[{"embeddable":true,"href":"https:\/\/diariodominicano.com\/index.php?rest_route=\/wp\/v2\/users\/3"}],"replies":[{"embeddable":true,"href":"https:\/\/diariodominicano.com\/index.php?rest_route=%2Fwp%2Fv2%2Fcomments&post=191714"}],"version-history":[{"count":0,"href":"https:\/\/diariodominicano.com\/index.php?rest_route=\/wp\/v2\/posts\/191714\/revisions"}],"wp:attachment":[{"href":"https:\/\/diariodominicano.com\/index.php?rest_route=%2Fwp%2Fv2%2Fmedia&parent=191714"}],"wp:term":[{"taxonomy":"category","embeddable":true,"href":"https:\/\/diariodominicano.com\/index.php?rest_route=%2Fwp%2Fv2%2Fcategories&post=191714"},{"taxonomy":"post_tag","embeddable":true,"href":"https:\/\/diariodominicano.com\/index.php?rest_route=%2Fwp%2Fv2%2Ftags&post=191714"}],"curies":[{"name":"wp","href":"https:\/\/api.w.org\/{rel}","templated":true}]}}