{"id":191706,"date":"2008-01-07T14:30:41","date_gmt":"2008-01-07T14:30:41","guid":{"rendered":"http:\/\/diariodominicano.ddns.net\/?p=191706"},"modified":"2008-01-07T14:30:41","modified_gmt":"2008-01-07T14:30:41","slug":"vargas-maldonado-reta-al-presidente-fernandez-discutir-caso-marbella-y-origen-de-la-fortuna-de-ambos","status":"publish","type":"post","link":"https:\/\/diariodominicano.com\/?p=191706","title":{"rendered":"Vargas Maldonado reta al presidente Fern\u00e1ndez discutir caso marbella y origen de la fortuna de ambos"},"content":{"rendered":"<p><body><\/p>\n<p align=\"justify\" class=\"titulogrande1\"><strong>Vargas Maldonado reta al presidente  Fern\u00e1ndez discutir caso marbella y origen de la fortuna de ambos <\/strong><\/p>\n<p>&#13;<\/p>\n<p align=\"justify\" class=\"text1noticias\"><strong><img loading=\"lazy\" decoding=\"async\" src=\"http:\/\/localhost:8080\/pictures\/maldonado derechos civiles 1.jpg\" width=\"269\" height=\"265\" hspace=\"4\" align=\"left\" \/>SANTO  DOMINGO.-<\/strong> El candidato presidencial del Partido Revolucionario Dominicano  (PRD), Miguel Vargas Maldonado, ret\u00f3 este lunes al presidente Leonel Fern\u00e1ndez  a enfrentarse en un debate p\u00fablico para discutir el caso Marbella y el origen  de las fortunas de ambos.<\/p>\n<p>&#13;<\/p>\n<p align=\"justify\" class=\"text1noticias\">El  candidato perrede\u00edsta dijo que no le conoce al presidente Fern\u00e1ndez ninguna  actividad productiva que justifique la riqueza que exhibe.<\/p>\n<p>&#13;<\/p>\n<p align=\"justify\" class=\"text1noticias\">\u201cComo  aqu\u00ed se ha hablado de recursos, de riquezas, nosotros estamos en disposici\u00f3n de  mostrarle al pa\u00eds de d\u00f3nde han salido los recursos y los bienes que nosotros  tenemos\u201d, indic\u00f3.<\/p>\n<p>&#13;<\/p>\n<p align=\"justify\" class=\"text1noticias\">&#13;<br \/>\nAsegur\u00f3  que los bienes que posee son el resultado de m\u00e1s de 30 a\u00f1os de trabajo como  profesional de la ingenier\u00eda y empresario del sector inmobiliario privado,  tiempo en el que ha desarrollado multiples y millonarios proyectos nacionales e  internacionales.<\/p>\n<p>&#13;<\/p>\n<p align=\"justify\" class=\"text1noticias\">Afirm\u00f3  que en un debate con el presidente Fern\u00e1ndez demostrar\u00eda que en los \u00faltimos 10  a\u00f1os ha pagado al Estado dominicano m\u00e1s de RD$300 millones por concepto de  impuestos.<\/p>\n<p>&#13;<\/p>\n<p align=\"justify\" class=\"text1noticias\">\u201cDemostrar\u00e9  que en t\u00e9rminos personales hemos pagado m\u00e1s impuestos que el gabinete completo  del presidente Fern\u00e1ndez y que el comit\u00e9 pol\u00edtico del PLD en pleno\u201d, insisti\u00f3. <\/p>\n<p>&#13;<\/p>\n<p align=\"justify\" class=\"text1noticias\">Vargas  Maldonado hizo el emplazamiento durante un desayuno con el director de LIST\u00cdN  DIARIO, Miguel Franjul; el subdirector Antonio Gil; el asistente del director,  Fabio Cabral, y el editor pol\u00edtico, Manuel Figueroa.<\/p>\n<p>&#13;<\/p>\n<p align=\"justify\" class=\"text1noticias\">El  alto dirigente pol\u00edtico estuvo acompa\u00f1ado del presidente del PRD, Ram\u00f3n  Alburquerque; el secretario general, Orlando Jorge Mera; el dirigente  perrede\u00edsta, Emmanuel Esquea Guerrero, y el presidente del Sector Externo, Jos\u00e9  Joaqu\u00edn Puello.<\/p>\n<p>&#13;<\/p>\n<p align=\"justify\" class=\"text1noticias\">\u201cLo  que nosotros no nos explicamos es c\u00f3mo personas que no han ejercido nunca  ning\u00fan tipo de actividad productiva pueden exhibir las condiciones que exhiben  en t\u00e9rminos econ\u00f3micos\u201d, precis\u00f3, refiri\u00e9ndose al gobernante.<\/p>\n<p>&#13;<\/p>\n<p align=\"justify\" class=\"text1noticias\">Tambi\u00e9n  habl\u00f3 sobre el esc\u00e1ndalo Marbella, uno de los casos de corrupci\u00f3n estatal m\u00e1s  sonados en Espa\u00f1a.<\/p>\n<p>&#13;<\/p>\n<p align=\"justify\" class=\"text1noticias\">Dijo  que \u201cel caso de Espa\u00f1a es interesante, porque ah\u00ed debemos determinar qui\u00e9n es  que tiene relaciones con el caso de Marbella, si es el actual candidato  reeleccionista o soy yo\u201d.<\/p>\n<p>&#13;<\/p>\n<p align=\"justify\" class=\"text1noticias\">Afirm\u00f3  que el Estado dominicano tiene todas las facilidades para contactar a las  autoridades judiciales espa\u00f1olas y determinar si \u00e9l est\u00e1 involucrado en el  caso. <\/p>\n<p>&#13;<\/p>\n<p align=\"justify\" class=\"text1noticias\">\u201cYo  podr\u00eda, por mi parte, establecer cualquier involucramiento que puedan tener  ellos con el tema\u201d, apunt\u00f3.<\/p>\n<p>&#13;<\/p>\n<p align=\"justify\" class=\"text1noticias\">El  aspirante a la presidencia en las elecciones de mayo pr\u00f3ximo propuso a LIST\u00cdN  DIARIO que promueva el debate con el jefe del Estado.<\/p>\n<p>&#13;<\/p>\n<p align=\"justify\" class=\"text1noticias\">Indic\u00f3  que si Fern\u00e1ndez no acepta la confrontaci\u00f3n est\u00e1 dispuesto a volver a este  diario a revelar todos los detalles que conoce del espinoso tema. <\/p>\n<p>&#13;<\/p>\n<p align=\"justify\" class=\"text1noticias\">\u201cYo  vengo solo y digo todo lo que tengo que decir. Nosotros estamos dispuestos a  que todo se conozca, todo, absolutamente todo, porque no tenemos nada que  ocultarle a nuestro pueblo\u201d, afirm\u00f3 en tono en\u00e9rgico.<\/p>\n<p>&#13;<\/p>\n<p align=\"justify\" class=\"text1noticias\">\u201cEntiendo  que todas estas cosas se deben conocer en un debate claro, transparente de los  candidatos, sobre todo al candidato de la reelecci\u00f3n, al que no le conozco  ning\u00fan tipo de acci\u00f3n productiva en sus a\u00f1os de vida\u201d, agreg\u00f3. <\/p>\n<p>&#13;<\/p>\n<p align=\"justify\" class=\"text1noticias\">Expres\u00f3  que en su desempe\u00f1o como funcionario p\u00fablico y como empresario ha puesto mucho  empe\u00f1o en hacer un trabajo pulcro.<\/p>\n<p>&#13;<\/p>\n<p align=\"justify\" class=\"text1noticias\">\u201cReto  a cualquiera a que me saque cualquier tipo de procedimiento inadecuado en la  administraci\u00f3n p\u00fablica donde yo he participado\u201d, insisti\u00f3. Garantiz\u00f3 que si  gana los pr\u00f3ximos comicios no permitir\u00e1 corrupci\u00f3n en su gobierno.<br \/>&#13;<br \/>\n  \u00a0<br \/>&#13;<br \/>\n ARTICULOS RELACIONADOS <br \/>&#13;<br \/>\n<br \/>&#13;<br \/>\nAsegura  50 por ciento del PQDC se fue al PRD | Bajar\u00eda un 20% a la factura el\u00e9ctrica |  Dice que ganar\u00e1 comicios con apoyo del partido unificado | Candidato del PRD  dice que \u201cgobierno es azote de pobres\u201d | PRD pide que se adelanten las misiones.<\/p>\n<p>&#13;<\/p>\n<h6> 2008-01-07 14:30:41 <\/h6>\n<p><!--\n<link rel=\"stylesheet\" href=\"css\/bootstrap.min.css\">\n\n\n<ul class=\"pagination\">\n\t    \n\t\n\n<li >\n\t<a href='?page_no=34453'>Previous<\/a>\n\t<\/li>\n\n\n       \n    \n\n<li><a href='?page_no=1'>1<\/a><\/li>\n\n\n\n<li><a href='?page_no=2'>2<\/a><\/li>\n\n\n\n<li><a>...<\/a><\/li>\n\n\n\n<li><a href='?page_no=34452'>34452<\/a><\/li>\n\n\n\n<li><a href='?page_no=34453'>34453<\/a><\/li>\n\n\n\n<li class='active'><a>34454<\/a><\/li>\n\n\n\n<li><a href='?page_no=34455'>34455<\/a><\/li>\n\n\n\n<li><a href='?page_no=34456'>34456<\/a><\/li>\n\n\n\n<li><a>...<\/a><\/li>\n\n\n\n<li><a href='?page_no=36999'>36999<\/a><\/li>\n\n\n\n<li><a href='?page_no=37000'>37000<\/a><\/li>\n\n    \n\t\n\n<li >\n\t<a href='?page_no=34455'>Next<\/a>\n\t<\/li>\n\n\n    \n\n<li><a href='?page_no=37000'>Last &rsaquo;&rsaquo;<\/a><\/li>\n\n<\/ul>\n\n\n--><br \/>\n<\/body><\/p>\n","protected":false},"excerpt":{"rendered":"<p>Vargas Maldonado reta al presidente Fern\u00e1ndez discutir caso marbella y origen de la fortuna de ambos &#13; SANTO DOMINGO.- El candidato presidencial del Partido Revolucionario Dominicano (PRD), Miguel Vargas Maldonado, ret\u00f3 este lunes al presidente Leonel Fern\u00e1ndez a enfrentarse en un debate p\u00fablico para discutir el caso Marbella y el origen de las fortunas de [&hellip;]<\/p>\n","protected":false},"author":3,"featured_media":0,"comment_status":"open","ping_status":"open","sticky":false,"template":"","format":"standard","meta":{"footnotes":""},"categories":[22],"tags":[],"class_list":["post-191706","post","type-post","status-publish","format-standard","hentry","category-politica"],"_links":{"self":[{"href":"https:\/\/diariodominicano.com\/index.php?rest_route=\/wp\/v2\/posts\/191706","targetHints":{"allow":["GET"]}}],"collection":[{"href":"https:\/\/diariodominicano.com\/index.php?rest_route=\/wp\/v2\/posts"}],"about":[{"href":"https:\/\/diariodominicano.com\/index.php?rest_route=\/wp\/v2\/types\/post"}],"author":[{"embeddable":true,"href":"https:\/\/diariodominicano.com\/index.php?rest_route=\/wp\/v2\/users\/3"}],"replies":[{"embeddable":true,"href":"https:\/\/diariodominicano.com\/index.php?rest_route=%2Fwp%2Fv2%2Fcomments&post=191706"}],"version-history":[{"count":0,"href":"https:\/\/diariodominicano.com\/index.php?rest_route=\/wp\/v2\/posts\/191706\/revisions"}],"wp:attachment":[{"href":"https:\/\/diariodominicano.com\/index.php?rest_route=%2Fwp%2Fv2%2Fmedia&parent=191706"}],"wp:term":[{"taxonomy":"category","embeddable":true,"href":"https:\/\/diariodominicano.com\/index.php?rest_route=%2Fwp%2Fv2%2Fcategories&post=191706"},{"taxonomy":"post_tag","embeddable":true,"href":"https:\/\/diariodominicano.com\/index.php?rest_route=%2Fwp%2Fv2%2Ftags&post=191706"}],"curies":[{"name":"wp","href":"https:\/\/api.w.org\/{rel}","templated":true}]}}