{"id":191705,"date":"2008-01-07T19:02:03","date_gmt":"2008-01-07T19:02:03","guid":{"rendered":"http:\/\/diariodominicano.ddns.net\/?p=191705"},"modified":"2008-01-07T19:02:03","modified_gmt":"2008-01-07T19:02:03","slug":"vargas-y-aristy-cuestionan-al-gobierno","status":"publish","type":"post","link":"https:\/\/diariodominicano.com\/?p=191705","title":{"rendered":"Vargas y Aristy cuestionan al Gobierno"},"content":{"rendered":"<p><body><\/p>\n<p align=\"justify\"><strong class=\"titulogrande1\">Vargas y Aristy  cuestionan al Gobierno<\/strong><br \/>&#13;<br \/>\n  <br \/>&#13;<br \/>\n    <span class=\"text1noticias\"><strong><img loading=\"lazy\" decoding=\"async\" src=\"http:\/\/localhost:8080\/pictures\/miguel y amable juguetes.jpg\" width=\"269\" height=\"124\" hspace=\"4\" align=\"left\" \/>SANTO DOMINGO.-\u00a0<\/strong>Los candidatos  presidenciales Miguel Vargas Maldonado y Amable Aristy Castro distribuyeron el  domingo d\u00eda de los Santos Reyes Magos, juguetes a centenares de ni\u00f1os de diversos  sectores de la capital y aprovecharon los escenarios para lanzar duras cr\u00edticas  al presidente Leonel Fern\u00e1ndez al coincidir, ambos candidatos, en acusar al  mandatario de avasallar a la oposici\u00f3n con los recursos del Estado. <\/span><\/p>\n<p>&#13;<\/p>\n<p align=\"justify\" class=\"text1noticias\">El  aspirante presidencial PRD afirm\u00f3 que el Gobierno ha demostrado que abusa de  los recursos del Estado, \u00absin limitaciones y sin escr\u00fapulos, como lo hizo  en el 2006 dentro del partido contra el candidato Medina, y lo est\u00e1 haciendo  ahora con la compra de conciencia y voluntades\u00bb.<br \/>&#13;<br \/>\n  <br \/>&#13;<br \/>\n  Vargas  Maldonado propuso un debate para sobre las ofertas de Gobierno y los  patrimonios de cada candidato, pero adelant\u00f3 que su campa\u00f1a est\u00e1 basada en  propuestas. Advirti\u00f3 que responder\u00e1 punto por punto cualquier agresi\u00f3n de que  sea v\u00edctima desde el Gobierno.<br \/>&#13;<br \/>\n  <br \/>&#13;<br \/>\n  Respecto a  su compa\u00f1ero de boleta, el candidato presidencial perrede\u00edsta dijo que ser\u00e1 una  decisi\u00f3n que tomar\u00e1 m\u00e1s adelante respondiendo a los intereses del pa\u00eds. Vargas  Maldonado entreg\u00f3 juguetes a cientos de ni\u00f1os que desde las primeras horas de  ayer acudieron a su comando de campa\u00f1a.<br \/>&#13;<br \/>\n  <br \/>&#13;<br \/>\n  <strong>Inhumano<\/strong> <br \/>&#13;<br \/>\n  <br \/>&#13;<br \/>\n  Abordado por  los periodistas mientras entregaba un donativo de juguetes en el hogar de ni\u00f1as  hu\u00e9rfanas Do\u00f1a Chucha, el candidato presidencial del Partido Reformista Social  Cristiano calific\u00f3 como \u00abinhumano e irresponsable\u00bb al gobierno  pelede\u00edsta, porque, alega, no se conduele de los pobres.<br \/>&#13;<br \/>\n  <br \/>&#13;<br \/>\n  Aristy  Castro expres\u00f3 que le tiene sin cuidado el anuncio hecho por un grupo de  dirigentes del PRSC que proclamar\u00e1n al presidente Fern\u00e1ndez como su candidato  para las pr\u00f3ximas elecciones.<br \/>&#13;<br \/>\n  <br \/>&#13;<br \/>\n  Sobre la  advertencia de Fern\u00e1ndez en el sentido de que el pa\u00eds no puede caer en manos de  gente que cree que la pol\u00edtica es un negocio, Aristy Castro respondi\u00f3: \u00abLo  primero que le preguntar\u00eda al presidente Fern\u00e1ndez es qu\u00e9 era \u00e9l en 1996 y qu\u00e9  era Amable Aristy. Leonel iba a mi casa cuando yo era el presidente del Senado  e iba a mi casa a Arroyo Hondo\u00bb. Y se pregunt\u00f3 \u00ab\u00bfqu\u00e9 posiciones ocup\u00f3  el presidente Fern\u00e1ndez antes de ser Presidente?\u00bb.<\/p>\n<p>&#13;<\/p>\n<h6> 2008-01-07 19:02:03 <\/h6>\n<p><!--\n<link rel=\"stylesheet\" href=\"css\/bootstrap.min.css\">\n\n\n<ul class=\"pagination\">\n\t    \n\t\n\n<li >\n\t<a href='?page_no=34452'>Previous<\/a>\n\t<\/li>\n\n\n       \n    \n\n<li><a href='?page_no=1'>1<\/a><\/li>\n\n\n\n<li><a href='?page_no=2'>2<\/a><\/li>\n\n\n\n<li><a>...<\/a><\/li>\n\n\n\n<li><a href='?page_no=34451'>34451<\/a><\/li>\n\n\n\n<li><a href='?page_no=34452'>34452<\/a><\/li>\n\n\n\n<li class='active'><a>34453<\/a><\/li>\n\n\n\n<li><a href='?page_no=34454'>34454<\/a><\/li>\n\n\n\n<li><a href='?page_no=34455'>34455<\/a><\/li>\n\n\n\n<li><a>...<\/a><\/li>\n\n\n\n<li><a href='?page_no=36999'>36999<\/a><\/li>\n\n\n\n<li><a href='?page_no=37000'>37000<\/a><\/li>\n\n    \n\t\n\n<li >\n\t<a href='?page_no=34454'>Next<\/a>\n\t<\/li>\n\n\n    \n\n<li><a href='?page_no=37000'>Last &rsaquo;&rsaquo;<\/a><\/li>\n\n<\/ul>\n\n\n--><br \/>\n<\/body><\/p>\n","protected":false},"excerpt":{"rendered":"<p>Vargas y Aristy cuestionan al Gobierno&#13; &#13; SANTO DOMINGO.-\u00a0Los candidatos presidenciales Miguel Vargas Maldonado y Amable Aristy Castro distribuyeron el domingo d\u00eda de los Santos Reyes Magos, juguetes a centenares de ni\u00f1os de diversos sectores de la capital y aprovecharon los escenarios para lanzar duras cr\u00edticas al presidente Leonel Fern\u00e1ndez al coincidir, ambos candidatos, en [&hellip;]<\/p>\n","protected":false},"author":3,"featured_media":0,"comment_status":"open","ping_status":"open","sticky":false,"template":"","format":"standard","meta":{"footnotes":""},"categories":[22],"tags":[],"class_list":["post-191705","post","type-post","status-publish","format-standard","hentry","category-politica"],"_links":{"self":[{"href":"https:\/\/diariodominicano.com\/index.php?rest_route=\/wp\/v2\/posts\/191705","targetHints":{"allow":["GET"]}}],"collection":[{"href":"https:\/\/diariodominicano.com\/index.php?rest_route=\/wp\/v2\/posts"}],"about":[{"href":"https:\/\/diariodominicano.com\/index.php?rest_route=\/wp\/v2\/types\/post"}],"author":[{"embeddable":true,"href":"https:\/\/diariodominicano.com\/index.php?rest_route=\/wp\/v2\/users\/3"}],"replies":[{"embeddable":true,"href":"https:\/\/diariodominicano.com\/index.php?rest_route=%2Fwp%2Fv2%2Fcomments&post=191705"}],"version-history":[{"count":0,"href":"https:\/\/diariodominicano.com\/index.php?rest_route=\/wp\/v2\/posts\/191705\/revisions"}],"wp:attachment":[{"href":"https:\/\/diariodominicano.com\/index.php?rest_route=%2Fwp%2Fv2%2Fmedia&parent=191705"}],"wp:term":[{"taxonomy":"category","embeddable":true,"href":"https:\/\/diariodominicano.com\/index.php?rest_route=%2Fwp%2Fv2%2Fcategories&post=191705"},{"taxonomy":"post_tag","embeddable":true,"href":"https:\/\/diariodominicano.com\/index.php?rest_route=%2Fwp%2Fv2%2Ftags&post=191705"}],"curies":[{"name":"wp","href":"https:\/\/api.w.org\/{rel}","templated":true}]}}