{"id":191703,"date":"2008-01-08T00:16:43","date_gmt":"2008-01-08T00:16:43","guid":{"rendered":"http:\/\/diariodominicano.ddns.net\/?p=191703"},"modified":"2008-01-08T00:16:43","modified_gmt":"2008-01-08T00:16:43","slug":"maldonado-dice-cumplira-con-presupuesto-que-asigne-la-ley-al-poder-judicial","status":"publish","type":"post","link":"https:\/\/diariodominicano.com\/?p=191703","title":{"rendered":"Maldonado dice cumplir\u00e1 con presupuesto que asigne la ley al poder judicial"},"content":{"rendered":"<p><body><\/p>\n<p class=\"titulogrande1\"><strong>Maldonado die cumplir\u00e1 con presupuesto asigne la ley al poder judicial<\/strong><\/p>\n<p>&#13;<\/p>\n<p align=\"justify\" class=\"text1noticias\"><strong><img loading=\"lazy\" decoding=\"async\" src=\"http:\/\/localhost:8080\/pictures\/maldonado aristy mera antun alburquerque.jpg\" width=\"269\" height=\"401\" hspace=\"4\" align=\"left\" \/>Santo Domingo.-<\/strong> El candidato presidencial  Miguel Vargas asegur\u00f3 que ganadas las pr\u00f3ximas elecciones, no esperar\u00e1 la  formulaci\u00f3n del prepuesto para el 2009 para darle cumplimiento a la asignaci\u00f3n  presupuestaria que acuerda la Ley  al Poder Judicial, sino que inmediatamente iniciar\u00e1 gestiones en ese sentido,  ya que la Justicia  es fundamental para garantizar el clima de confianza y el estado de derecho en  que debe cimentarse el sistema democr\u00e1tico. <br \/>&#13;<br \/>\n  <br \/>&#13;<br \/>\n  Vargas afirm\u00f3 que como ciudadano y  como candidato presidencial del PRD ha elevado su voz para condenar  en\u00e9rgicamente la decisi\u00f3n del presidente Leonel Fern\u00e1ndez de negarle a la Suprema Corte de  Justicia los recursos que necesita para impulsar los programas que viene  implementado para fortalecer ese poder del Estado y garantizar una correcta  administraci\u00f3n de justicia. <br \/>&#13;<br \/>\n  <br \/>&#13;<br \/>\nRecord\u00f3 que los magistrados de la Suprema Corte de  Justicia elaboraron un presupuesto ascendente a 5 mil 600 millones para darle  continuidad a las iniciativas y proyectos que vienen ejecutando para fortalecer  el sistema jur\u00eddico nacional por lo que resulta cuestionable que el Poder  Ejecutivo se tomara la determinaci\u00f3n de asignarle s\u00f3lo RD$3 mil 389 millones.  <br \/>&#13;<br \/>\n<br \/>&#13;<br \/>\n\u201cEstamos en un momento decisivo para detener y controlar la violencia, el  narcotr\u00e1fico, el crimen y la delincuencia en todas sus manifestaciones por lo  que estamos de acuerdo con los diversos sectores de nuestra sociedad que han  expresado p\u00fablicamente su inconformidad con el recorte presupuestario que  amenaza con desatar un retroceso en los avances que se perciben en el Poder  Judicial en comparaci\u00f3n con tiempos pasados,\u00a8 advirti\u00f3 Vargas. <br \/>&#13;<br \/>\n<br \/>&#13;<br \/>\nDijo que por  estar consciente de la necesidad que tiene nuestra democracia de que el poder  judicial sea fortalecido para ponerlo en condiciones de vencer los grandes  desaf\u00edos del presente y el porvenir, \u201ces que formulamos ante el pa\u00eds el  compromiso de que ganadas las pr\u00f3ximas elecciones, como presidente de la Rep\u00fablica haremos  cuantas gestiones sean necesarias para que a la Justicia le sean  asignados los recursos que por ley le corresponden\u201d. <br \/>&#13;<br \/>\n<br \/>&#13;<br \/>\nVargas hizo el  pronunciamiento mientras asist\u00eda al Palacio de Justicia del Centro de los  H\u00e9roes a la celebraci\u00f3n del D\u00eda del Poder Judicial, donde asisti\u00f3 cumpliendo  una invitaci\u00f3n que le hicieran los magistrados de Alto Tribunal Judicial.  Estuvo acompa\u00f1ado de Ram\u00f3n Alburquerque y Orlando Jorge Medra, presidente y  secretario general del PRD. <br \/>&#13;<br \/>\n<br \/>&#13;<br \/>\nEn el acto tambi\u00e9n estuvo el presidente Leonel  Fern\u00e1ndez. Institucionalidad y seguridad jur\u00eddica Vargas precis\u00f3 que adem\u00e1s del  combate a la delincuencia, el Poder Judicial cumple un rol fundamental en el  fortalecimiento de nuestra vida institucional, ya que act\u00faa como un controlador  de los desafueros e incumplimientos de otros poderes del Estado. <br \/>&#13;<br \/>\n<br \/>&#13;<br \/>\nResalt\u00f3 en ese  sentido, que el pa\u00eds espera el fallo de la Suprema Corte de  Justicia sobre los recursos del Partido Revolucionario Dominicano y el Foro  Social Alternativo frente a la violaci\u00f3n a la Constituci\u00f3n de la Rep\u00fablica en que  incurri\u00f3 el presidente Leonel Fern\u00e1ndez al otorgar un poder para la  contrataci\u00f3n de un cr\u00e9dito p\u00fablico a espaldas de del Congreso Nacional, y  tambi\u00e9n a escondidas de la sociedad\u201d, puntualiz\u00f3. <br \/>&#13;<br \/>\n<br \/>&#13;<br \/>\nManifest\u00f3 que el Poder  Judicial tiene la responsabilidad de garantizar la seguridad jur\u00eddica en la que  se basa el clima de confianza en que deben realizarse las actividades de los  sectores que consolidan el desarrollo social y econ\u00f3mico de cualquier pa\u00eds,  especialmente de uno como la Rep\u00fablica Dominicana, que requiere del  fortalecimiento de sus instituciones. <\/p>\n<p>&#13;<\/p>\n<h6> 2008-01-08 00:16:43 <\/h6>\n<p><!--\n<link rel=\"stylesheet\" href=\"css\/bootstrap.min.css\">\n\n\n<ul class=\"pagination\">\n\t    \n\t\n\n<li >\n\t<a href='?page_no=34450'>Previous<\/a>\n\t<\/li>\n\n\n       \n    \n\n<li><a href='?page_no=1'>1<\/a><\/li>\n\n\n\n<li><a href='?page_no=2'>2<\/a><\/li>\n\n\n\n<li><a>...<\/a><\/li>\n\n\n\n<li><a href='?page_no=34449'>34449<\/a><\/li>\n\n\n\n<li><a href='?page_no=34450'>34450<\/a><\/li>\n\n\n\n<li class='active'><a>34451<\/a><\/li>\n\n\n\n<li><a href='?page_no=34452'>34452<\/a><\/li>\n\n\n\n<li><a href='?page_no=34453'>34453<\/a><\/li>\n\n\n\n<li><a>...<\/a><\/li>\n\n\n\n<li><a href='?page_no=36999'>36999<\/a><\/li>\n\n\n\n<li><a href='?page_no=37000'>37000<\/a><\/li>\n\n    \n\t\n\n<li >\n\t<a href='?page_no=34452'>Next<\/a>\n\t<\/li>\n\n\n    \n\n<li><a href='?page_no=37000'>Last &rsaquo;&rsaquo;<\/a><\/li>\n\n<\/ul>\n\n\n--><br \/>\n<\/body><\/p>\n","protected":false},"excerpt":{"rendered":"<p>Maldonado die cumplir\u00e1 con presupuesto asigne la ley al poder judicial &#13; Santo Domingo.- El candidato presidencial Miguel Vargas asegur\u00f3 que ganadas las pr\u00f3ximas elecciones, no esperar\u00e1 la formulaci\u00f3n del prepuesto para el 2009 para darle cumplimiento a la asignaci\u00f3n presupuestaria que acuerda la Ley al Poder Judicial, sino que inmediatamente iniciar\u00e1 gestiones en ese [&hellip;]<\/p>\n","protected":false},"author":3,"featured_media":0,"comment_status":"open","ping_status":"open","sticky":false,"template":"","format":"standard","meta":{"footnotes":""},"categories":[22],"tags":[],"class_list":["post-191703","post","type-post","status-publish","format-standard","hentry","category-politica"],"_links":{"self":[{"href":"https:\/\/diariodominicano.com\/index.php?rest_route=\/wp\/v2\/posts\/191703","targetHints":{"allow":["GET"]}}],"collection":[{"href":"https:\/\/diariodominicano.com\/index.php?rest_route=\/wp\/v2\/posts"}],"about":[{"href":"https:\/\/diariodominicano.com\/index.php?rest_route=\/wp\/v2\/types\/post"}],"author":[{"embeddable":true,"href":"https:\/\/diariodominicano.com\/index.php?rest_route=\/wp\/v2\/users\/3"}],"replies":[{"embeddable":true,"href":"https:\/\/diariodominicano.com\/index.php?rest_route=%2Fwp%2Fv2%2Fcomments&post=191703"}],"version-history":[{"count":0,"href":"https:\/\/diariodominicano.com\/index.php?rest_route=\/wp\/v2\/posts\/191703\/revisions"}],"wp:attachment":[{"href":"https:\/\/diariodominicano.com\/index.php?rest_route=%2Fwp%2Fv2%2Fmedia&parent=191703"}],"wp:term":[{"taxonomy":"category","embeddable":true,"href":"https:\/\/diariodominicano.com\/index.php?rest_route=%2Fwp%2Fv2%2Fcategories&post=191703"},{"taxonomy":"post_tag","embeddable":true,"href":"https:\/\/diariodominicano.com\/index.php?rest_route=%2Fwp%2Fv2%2Ftags&post=191703"}],"curies":[{"name":"wp","href":"https:\/\/api.w.org\/{rel}","templated":true}]}}