{"id":191701,"date":"2008-01-08T14:19:39","date_gmt":"2008-01-08T14:19:39","guid":{"rendered":"http:\/\/diariodominicano.ddns.net\/?p=191701"},"modified":"2008-01-08T14:19:39","modified_gmt":"2008-01-08T14:19:39","slug":"amable-entrega-motores-a-ex-empleados-de-zona-franca","status":"publish","type":"post","link":"https:\/\/diariodominicano.com\/?p=191701","title":{"rendered":"Amable entrega motores a ex empleados de Zona Franca"},"content":{"rendered":"<p><body><\/p>\n<h2 class=\"titulogrande1\">Amable entrega motores a ex empleados de Zona Franca<\/h2>\n<p>&#13;<\/p>\n<p align=\"justify\"><span class=\"text1noticias\"><strong><img loading=\"lazy\" decoding=\"async\" src=\"http:\/\/localhost:8080\/pictures\/amable motores.jpg\" width=\"269\" height=\"170\" hspace=\"4\" align=\"left\" \/>SANTIAGO.-<\/strong>  Quince humildes madres y padres de familia, que antes se ganaban la vida  trabajando en f\u00e1bricas de la zona franca de esta ciudad, fueron favorecidos con  la entrega de motocicletas por parte del candidato presidencial reformista, Amable  Aristy Castro. <\/span><\/p>\n<p>&#13;<\/p>\n<p align=\"justify\" class=\"text1noticias\">El aspirante del Partido Reformista Social Cristiano (PRSC) hizo  la entrega en compa\u00f1\u00eda del s\u00edndico Jos\u00e9 Enrique Sued Sem, quien podr\u00eda ser su \u00a0compa\u00f1ero de boleta para los comicios del 16  de mayo venidero. <\/p>\n<p>&#13;<\/p>\n<p align=\"justify\" class=\"text1noticias\">\u201cHemos querido contribuir en algo a aliviar la situaci\u00f3n de estas  personas, que hoy se encuentran desempleadas y sin saber qu\u00e9 hacer\u201d, dijo  Aristy Castro al poner en manos de los beneficiados las llaves de las  motocicletas. <\/p>\n<p>&#13;<\/p>\n<p align=\"justify\" class=\"text1noticias\">Los favorecidos fueron Vicenta Alvarado, Zuleica Mercedes Espinal,  Norka Rodr\u00edguez Vicioso, Santa Ivelisses Robles, Jos\u00e9 Vicente Rodr\u00edguez, Manuel  Ogando Polanco y Jos\u00e9 Luis Suero D\u00edaz. <\/p>\n<p>&#13;<\/p>\n<p align=\"justify\" class=\"text1noticias\">Tambi\u00e9n recibieron motores Ram\u00f3n Antonio Rodr\u00edguez, Reinaldo  Rafael Rodr\u00edguez, Daniel Morillo G\u00f3mez, Camilina Antonia Cabrera, Mar\u00eda  Concepci\u00f3n Hern\u00e1ndez, Jorge Ram\u00f3n Rodr\u00edguez, Emmanuel Monci\u00f3n y Francisca  Silverio. <\/p>\n<p>&#13;<\/p>\n<p align=\"justify\" class=\"text1noticias\">Todos son padres y madres de familia que, en el pasado reciente,  se desempe\u00f1aban como trabajadores y trabajadoras de la zona franca e industrial  de esta ciudad, pero que fueron afectados por los recortes que se hacen en  f\u00e1bricas de ese complejo industrial. <\/p>\n<p>&#13;<\/p>\n<p align=\"justify\" class=\"text1noticias\">En la entrega de las motocicletas habl\u00f3 Sued Sem, quien aprovech\u00f3  para anunciar que junto al presidente del PRSC, Federico Ant\u00fan Battle, y otros  dirigentes reformistas, comenzar\u00e1 desde este martes a recorrer el Cibao para  promover la candidatura de Aristy Castro. <\/p>\n<p>&#13;<\/p>\n<p align=\"justify\" class=\"text1noticias\">En el acto estuvieron presentes el regidor Juan de Dios Almonte,  quien es uno de los principales voceros del candidato presidencial reformista  en esta zona, regidores, funcionarios del Ayuntamiento, dirigentes medios y  militantes del partido del gallo colorao, as\u00ed como personas del pueblo.<\/p>\n<p>&#13;<\/p>\n<h6> 2008-01-08 14:19:39 <\/h6>\n<p><!--\n<link rel=\"stylesheet\" href=\"css\/bootstrap.min.css\">\n\n\n<ul class=\"pagination\">\n\t    \n\t\n\n<li >\n\t<a href='?page_no=34448'>Previous<\/a>\n\t<\/li>\n\n\n       \n    \n\n<li><a href='?page_no=1'>1<\/a><\/li>\n\n\n\n<li><a href='?page_no=2'>2<\/a><\/li>\n\n\n\n<li><a>...<\/a><\/li>\n\n\n\n<li><a href='?page_no=34447'>34447<\/a><\/li>\n\n\n\n<li><a href='?page_no=34448'>34448<\/a><\/li>\n\n\n\n<li class='active'><a>34449<\/a><\/li>\n\n\n\n<li><a href='?page_no=34450'>34450<\/a><\/li>\n\n\n\n<li><a href='?page_no=34451'>34451<\/a><\/li>\n\n\n\n<li><a>...<\/a><\/li>\n\n\n\n<li><a href='?page_no=36999'>36999<\/a><\/li>\n\n\n\n<li><a href='?page_no=37000'>37000<\/a><\/li>\n\n    \n\t\n\n<li >\n\t<a href='?page_no=34450'>Next<\/a>\n\t<\/li>\n\n\n    \n\n<li><a href='?page_no=37000'>Last &rsaquo;&rsaquo;<\/a><\/li>\n\n<\/ul>\n\n\n--><br \/>\n<\/body><\/p>\n","protected":false},"excerpt":{"rendered":"<p>Amable entrega motores a ex empleados de Zona Franca &#13; SANTIAGO.- Quince humildes madres y padres de familia, que antes se ganaban la vida trabajando en f\u00e1bricas de la zona franca de esta ciudad, fueron favorecidos con la entrega de motocicletas por parte del candidato presidencial reformista, Amable Aristy Castro. &#13; El aspirante del Partido [&hellip;]<\/p>\n","protected":false},"author":3,"featured_media":0,"comment_status":"open","ping_status":"open","sticky":false,"template":"","format":"standard","meta":{"footnotes":""},"categories":[22],"tags":[],"class_list":["post-191701","post","type-post","status-publish","format-standard","hentry","category-politica"],"_links":{"self":[{"href":"https:\/\/diariodominicano.com\/index.php?rest_route=\/wp\/v2\/posts\/191701","targetHints":{"allow":["GET"]}}],"collection":[{"href":"https:\/\/diariodominicano.com\/index.php?rest_route=\/wp\/v2\/posts"}],"about":[{"href":"https:\/\/diariodominicano.com\/index.php?rest_route=\/wp\/v2\/types\/post"}],"author":[{"embeddable":true,"href":"https:\/\/diariodominicano.com\/index.php?rest_route=\/wp\/v2\/users\/3"}],"replies":[{"embeddable":true,"href":"https:\/\/diariodominicano.com\/index.php?rest_route=%2Fwp%2Fv2%2Fcomments&post=191701"}],"version-history":[{"count":0,"href":"https:\/\/diariodominicano.com\/index.php?rest_route=\/wp\/v2\/posts\/191701\/revisions"}],"wp:attachment":[{"href":"https:\/\/diariodominicano.com\/index.php?rest_route=%2Fwp%2Fv2%2Fmedia&parent=191701"}],"wp:term":[{"taxonomy":"category","embeddable":true,"href":"https:\/\/diariodominicano.com\/index.php?rest_route=%2Fwp%2Fv2%2Fcategories&post=191701"},{"taxonomy":"post_tag","embeddable":true,"href":"https:\/\/diariodominicano.com\/index.php?rest_route=%2Fwp%2Fv2%2Ftags&post=191701"}],"curies":[{"name":"wp","href":"https:\/\/api.w.org\/{rel}","templated":true}]}}