{"id":191700,"date":"2008-01-08T16:06:00","date_gmt":"2008-01-08T16:06:00","guid":{"rendered":"http:\/\/diariodominicano.ddns.net\/?p=191700"},"modified":"2008-01-08T16:06:00","modified_gmt":"2008-01-08T16:06:00","slug":"presidente-de-la-fuerza-integral-progresista-afirma-incompetencia-del-prd-lo-descalifica-para-gobernar","status":"publish","type":"post","link":"https:\/\/diariodominicano.com\/?p=191700","title":{"rendered":"Presidente de la Fuerza Integral Progresista afirma incompetencia del PRD lo descalifica para gobernar"},"content":{"rendered":"<p><body><\/p>\n<p align=\"justify\" class=\"titulogrande1\">Presidente de la Fuerza Intregral Progresista afirma incompetencia del PRD lo  descalifica para gobernar <\/p>\n<p>&#13;<\/p>\n<p align=\"justify\" class=\"text1noticias\"><img loading=\"lazy\" decoding=\"async\" src=\"http:\/\/localhost:8080\/pictures\/francis mejia.jpg\" width=\"269\" height=\"229\" hspace=\"4\" align=\"left\" \/>El historial de incompetencia y de  permanente confrontaci\u00f3n interna que  arrastra el Partido Revolucionario Dominicano constituye uno de los principales  obst\u00e1culos que enfrenta el candidato opositor Miguel Vargas \u00a0Maldonado, quien  tiene de frente el renovado liderazgo que representa el presidente Leonel Fern\u00e1ndez, quien  puede exhibir un ejercicio de gobiernos en los que ha primado la estabilidad y el  crecimiento de la econom\u00eda, \u00a0la confianza y un marcado proceso  de modernidad. <\/p>\n<p>&#13;<\/p>\n<p align=\"justify\" class=\"text1noticias\">La afirmaci\u00f3n la hizo el presidente  de la Fuerza Integral\u00a0 Progresista (FIP),  ingeniero Francis Mej\u00eda, al asegurar que el excelente  desempe\u00f1o que ha tenido esta segunda gesti\u00f3n del Presidente Fern\u00e1ndez garantiza  su  triunfo en primera vuelta. <\/p>\n<p>&#13;<\/p>\n<p align=\"justify\" class=\"text1noticias\">\u00abLos hechos son evidentes. No tenemos la  menor duda que la  poblaci\u00f3n, a pesar de la terrible herencia que nos dej\u00f3\u00a0 la desastrosa gesti\u00f3n\u00a0 que hizo el PRD\u00a0 &#8211; PPH, junto a la  embestida de la naturaleza  que ha tra\u00eddo consigo desabastecimiento en algunos productos del Agro, adem\u00e1s de los efectos de la crisis  petrolera, sabr\u00e1  poner en su justa\u00a0dimensi\u00f3n a un Presidente capaz que ha sabido dirigir los destinos de  nuestro Pa\u00eds que ha sido reconocido mundialmente por su exitoso desempe\u00f1o econ\u00f3mico en medio de la  crisis\u00bb, sostuvo. <br \/>&#13;<br \/>\n  \u00a0 <br \/>&#13;<br \/>\n  Mej\u00eda dijo que el FIP, como  Organizaci\u00f3n pol\u00edtica que aglutina a miles\u00a0\u00a0 de miembros con representaci\u00f3n en  todas las provincias del Pa\u00eds y en\u00a0 importantes ciudades como Nueva  York, Miami, Boston y Madrid, ha logrado\u00a0\u00a0 integrar a importantes n\u00facleos  desvinculados de las actividades\u00a0 partidarias a los trabajos por la  reelecci\u00f3n del presidente Leonel Fern\u00e1ndez. <\/p>\n<p>&#13;<\/p>\n<p align=\"justify\" class=\"text1noticias\">Destac\u00f3 la solidaridad puesta de  manifiesto por los miembros\u00a0 del\u00a0 FIP con las familias afectadas por  las tormentas Noel y Olga, lo que permiti\u00f3 distribuir miles de  raciones de alimentos, as\u00ed como colchonetas, mosquiteros y otros  utensilios del hogar. <br \/>&#13;<br \/>\n  <br \/>&#13;<br \/>\nEl ingeniero Francis Mej\u00eda anunci\u00f3 que a  partir de esta semana que inicia la   Campa\u00f1a el FIP \u00a0\u00a0ha iniciado un amplio programa de  actividades en todo el Pa\u00eds como en ciudades del exterior, con el  prop\u00f3sito de captar  nuevos votantes que le permitan darle al Presidente el apoyo necesario para  alcanzar el triunfo en la primera\u00a0 vuelta. <\/p>\n<p>&#13;<\/p>\n<h6> 2008-01-08 16:06:00 <\/h6>\n<p><!--\n<link rel=\"stylesheet\" href=\"css\/bootstrap.min.css\">\n\n\n<ul class=\"pagination\">\n\t    \n\t\n\n<li >\n\t<a href='?page_no=34447'>Previous<\/a>\n\t<\/li>\n\n\n       \n    \n\n<li><a href='?page_no=1'>1<\/a><\/li>\n\n\n\n<li><a href='?page_no=2'>2<\/a><\/li>\n\n\n\n<li><a>...<\/a><\/li>\n\n\n\n<li><a href='?page_no=34446'>34446<\/a><\/li>\n\n\n\n<li><a href='?page_no=34447'>34447<\/a><\/li>\n\n\n\n<li class='active'><a>34448<\/a><\/li>\n\n\n\n<li><a href='?page_no=34449'>34449<\/a><\/li>\n\n\n\n<li><a href='?page_no=34450'>34450<\/a><\/li>\n\n\n\n<li><a>...<\/a><\/li>\n\n\n\n<li><a href='?page_no=36999'>36999<\/a><\/li>\n\n\n\n<li><a href='?page_no=37000'>37000<\/a><\/li>\n\n    \n\t\n\n<li >\n\t<a href='?page_no=34449'>Next<\/a>\n\t<\/li>\n\n\n    \n\n<li><a href='?page_no=37000'>Last &rsaquo;&rsaquo;<\/a><\/li>\n\n<\/ul>\n\n\n--><br \/>\n<\/body><\/p>\n","protected":false},"excerpt":{"rendered":"<p>Presidente de la Fuerza Intregral Progresista afirma incompetencia del PRD lo descalifica para gobernar &#13; El historial de incompetencia y de permanente confrontaci\u00f3n interna que arrastra el Partido Revolucionario Dominicano constituye uno de los principales obst\u00e1culos que enfrenta el candidato opositor Miguel Vargas \u00a0Maldonado, quien tiene de frente el renovado liderazgo que representa el presidente [&hellip;]<\/p>\n","protected":false},"author":3,"featured_media":0,"comment_status":"open","ping_status":"open","sticky":false,"template":"","format":"standard","meta":{"footnotes":""},"categories":[22],"tags":[],"class_list":["post-191700","post","type-post","status-publish","format-standard","hentry","category-politica"],"_links":{"self":[{"href":"https:\/\/diariodominicano.com\/index.php?rest_route=\/wp\/v2\/posts\/191700","targetHints":{"allow":["GET"]}}],"collection":[{"href":"https:\/\/diariodominicano.com\/index.php?rest_route=\/wp\/v2\/posts"}],"about":[{"href":"https:\/\/diariodominicano.com\/index.php?rest_route=\/wp\/v2\/types\/post"}],"author":[{"embeddable":true,"href":"https:\/\/diariodominicano.com\/index.php?rest_route=\/wp\/v2\/users\/3"}],"replies":[{"embeddable":true,"href":"https:\/\/diariodominicano.com\/index.php?rest_route=%2Fwp%2Fv2%2Fcomments&post=191700"}],"version-history":[{"count":0,"href":"https:\/\/diariodominicano.com\/index.php?rest_route=\/wp\/v2\/posts\/191700\/revisions"}],"wp:attachment":[{"href":"https:\/\/diariodominicano.com\/index.php?rest_route=%2Fwp%2Fv2%2Fmedia&parent=191700"}],"wp:term":[{"taxonomy":"category","embeddable":true,"href":"https:\/\/diariodominicano.com\/index.php?rest_route=%2Fwp%2Fv2%2Fcategories&post=191700"},{"taxonomy":"post_tag","embeddable":true,"href":"https:\/\/diariodominicano.com\/index.php?rest_route=%2Fwp%2Fv2%2Ftags&post=191700"}],"curies":[{"name":"wp","href":"https:\/\/api.w.org\/{rel}","templated":true}]}}