{"id":191699,"date":"2008-01-08T20:07:47","date_gmt":"2008-01-08T20:07:47","guid":{"rendered":"http:\/\/diariodominicano.ddns.net\/?p=191699"},"modified":"2008-01-08T20:07:47","modified_gmt":"2008-01-08T20:07:47","slug":"amable-acepta-ir-a-un-debate-dice-que-es-el-mas-pobre-de-los-candidatos","status":"publish","type":"post","link":"https:\/\/diariodominicano.com\/?p=191699","title":{"rendered":"Amable acepta ir a un debate; dice que es el m\u00e1s pobre de los candidatos"},"content":{"rendered":"<p><body><\/p>\n<p align=\"justify\" class=\"titulogrande1\">Amable acepta ir a un debate; dice que es el m\u00e1s pobre de los  candidatos<\/p>\n<p>&#13;<\/p>\n<p align=\"justify\"><strong>El candidato presidencial del Partido  reformista Social Cristiano (PRSC), Amable Aristy Castro, acep\u00f3 ayer ir a un  debate con los dem\u00e1s aspirantes y afirm\u00f3 que el es el m\u00e1s pobre de los  tres contendores.<\/strong><\/p>\n<p>&#13;<\/p>\n<p align=\"justify\" class=\"text1noticias\"><img loading=\"lazy\" decoding=\"async\" src=\"http:\/\/localhost:8080\/pictures\/amable foto.jpg\" width=\"269\" height=\"250\" hspace=\"4\" align=\"left\" \/>Aristy Castro aclar\u00f3 que \u201ceso\u00a0 de hablar de la fortuna y campa\u00f1a sucia\u201d se lo deja a los candidatos del PRD, Miguel  Vargas Maldonado y del PLD, el presidente Leonel Fern\u00e1ndez.<br \/>&#13;<br \/>\n  <br \/>&#13;<br \/>\n  \u201cCuando ellos quieran lo discutimos con  mucho gusto, pero yo soy el m\u00e1s pobre de los tres. Yo soy el candidato  de los pobres y el m\u00e1s pobre de los tres\u2026 el que menos tengo\u201d, dijo.<br \/>&#13;<br \/>\n  <br \/>&#13;<br \/>\n  Se molest\u00f3 cuando un periodista le  coment\u00f3 que c\u00f3mo un pobre puede tener un helic\u00f3ptero, como es su caso. <br \/>&#13;<br \/>\n  <br \/>&#13;<br \/>\n  \u201cSi, pero  es el \u00fanico helic\u00f3ptero donde se montan los pobres, para yo hablar de  fortuna primero tengo que hablar con la virgen de La Altagracia\u201d, afirm\u00f3 Igualmente, dijo que no tiene nada de  malo que en un acto de la   Suprema Corte de Justicia hablar\u00e1 animadamente  con el candidato del PRD y la c\u00fapula de ese partido \u201ctodos son mis amigos\u201d.<br \/>&#13;<br \/>\n  <br \/>&#13;<br \/>\n  Insisti\u00f3 que el debate lo van hacer el  16 de mayo, pero \u00e9l nunca rehuye sus responsabilidades. <br \/>&#13;<br \/>\n  <br \/>&#13;<br \/>\n  \u201cYo soy un hombre  vertical y acepto el debate con Leonel, con Miguel y con diez Leonel m\u00e1s que  vengan. Vamos hablar de la pobreza, de lo que \u00e9l ofreci\u00f3 y del compromiso que  hizo con el pa\u00eds, que si \u00e9l ha cumplido cuando me toc\u00f3 juramentarlo el  16 de agosto del 2006 cuando yo era presidente del Senado\u201d, refiri\u00f3 Aristy  Castro.<br \/>&#13;<br \/>\n  <br \/>&#13;<br \/>\n  Dijo que en esa ocasi\u00f3n le dijo al  presidente Fern\u00e1ndez que antes de tomar las grandes decisiones consultara con el  coraz\u00f3n del pueblo y que pusiera el o\u00eddo en el palpitar del coraz\u00f3n del  pueblo y sencillamente no escucharon, en aquella ocasi\u00f3n ni lo escucharon ahora.<br \/>&#13;<br \/>\n  <br \/>&#13;<br \/>\n  Indic\u00f3 que ser\u00eda importante que se debata  el tema de la fortuna y aunque\u00a0 \u00e9l vive en el mismo sitio que viv\u00eda cuando  jurament\u00f3 al presidente Leonel Fern\u00e1ndez en el a\u00f1o 1996 cuando \u201cno era  presidente de la Rep\u00fablica,  \u00e9l iba a mi casa siendo un simple abogado y  Amable Aristy era el presidente del Senado de la Rep\u00fablica Dominicana\u201d.<br \/>&#13;<br \/>\n  <br \/>&#13;<br \/>\n  Amable Aristy Castro respondi\u00f3 preguntas  de los periodistas tras juramentar a Amelfi C\u00e1ceres, como miembro de la Comisi\u00f3n Ejecutiva  del PRSC, quien junto a varios de dirigentes renunciaron  del Partido Alianza Popular que preside, el ex jefe de la Polic\u00eda Pedro de  Jes\u00fas Candelier. <br \/>&#13;<br \/>\n  <br \/>&#13;<br \/>\n  C\u00e1ceres era Secretaria de la Mujer del Partido de  Candelier. Fueron juramentados por la dirigente reformista Lila Alburquerque.  <br \/>&#13;<br \/>\n  <br \/>&#13;<br \/>\n  La dama afirm\u00f3 que \u00e9ste \u201cno es el momento de Candelier\u201d y Aristy Castro  representa la sensibilidad social.<br \/>&#13;<br \/>\n  <br \/>&#13;<br \/>\n  Igualmente, Aristy Castro afirm\u00f3 que es  el candidato de meno tasa de rechazo y se\u00f1ala que todas las encuestas mienten  cuando afirman que Fern\u00e1ndez y Vargas Maldonado est\u00e1n por encima de \u00e9l  en la preferencia del electorado.<\/p>\n<p>&#13;<\/p>\n<h6> 2008-01-08 20:07:47 <\/h6>\n<p><!--\n<link rel=\"stylesheet\" href=\"css\/bootstrap.min.css\">\n\n\n<ul class=\"pagination\">\n\t    \n\t\n\n<li >\n\t<a href='?page_no=34446'>Previous<\/a>\n\t<\/li>\n\n\n       \n    \n\n<li><a href='?page_no=1'>1<\/a><\/li>\n\n\n\n<li><a href='?page_no=2'>2<\/a><\/li>\n\n\n\n<li><a>...<\/a><\/li>\n\n\n\n<li><a href='?page_no=34445'>34445<\/a><\/li>\n\n\n\n<li><a href='?page_no=34446'>34446<\/a><\/li>\n\n\n\n<li class='active'><a>34447<\/a><\/li>\n\n\n\n<li><a href='?page_no=34448'>34448<\/a><\/li>\n\n\n\n<li><a href='?page_no=34449'>34449<\/a><\/li>\n\n\n\n<li><a>...<\/a><\/li>\n\n\n\n<li><a href='?page_no=36999'>36999<\/a><\/li>\n\n\n\n<li><a href='?page_no=37000'>37000<\/a><\/li>\n\n    \n\t\n\n<li >\n\t<a href='?page_no=34448'>Next<\/a>\n\t<\/li>\n\n\n    \n\n<li><a href='?page_no=37000'>Last &rsaquo;&rsaquo;<\/a><\/li>\n\n<\/ul>\n\n\n--><br \/>\n<\/body><\/p>\n","protected":false},"excerpt":{"rendered":"<p>Amable acepta ir a un debate; dice que es el m\u00e1s pobre de los candidatos &#13; El candidato presidencial del Partido reformista Social Cristiano (PRSC), Amable Aristy Castro, acep\u00f3 ayer ir a un debate con los dem\u00e1s aspirantes y afirm\u00f3 que el es el m\u00e1s pobre de los tres contendores. &#13; Aristy Castro aclar\u00f3 que [&hellip;]<\/p>\n","protected":false},"author":3,"featured_media":0,"comment_status":"open","ping_status":"open","sticky":false,"template":"","format":"standard","meta":{"footnotes":""},"categories":[22],"tags":[],"class_list":["post-191699","post","type-post","status-publish","format-standard","hentry","category-politica"],"_links":{"self":[{"href":"https:\/\/diariodominicano.com\/index.php?rest_route=\/wp\/v2\/posts\/191699","targetHints":{"allow":["GET"]}}],"collection":[{"href":"https:\/\/diariodominicano.com\/index.php?rest_route=\/wp\/v2\/posts"}],"about":[{"href":"https:\/\/diariodominicano.com\/index.php?rest_route=\/wp\/v2\/types\/post"}],"author":[{"embeddable":true,"href":"https:\/\/diariodominicano.com\/index.php?rest_route=\/wp\/v2\/users\/3"}],"replies":[{"embeddable":true,"href":"https:\/\/diariodominicano.com\/index.php?rest_route=%2Fwp%2Fv2%2Fcomments&post=191699"}],"version-history":[{"count":0,"href":"https:\/\/diariodominicano.com\/index.php?rest_route=\/wp\/v2\/posts\/191699\/revisions"}],"wp:attachment":[{"href":"https:\/\/diariodominicano.com\/index.php?rest_route=%2Fwp%2Fv2%2Fmedia&parent=191699"}],"wp:term":[{"taxonomy":"category","embeddable":true,"href":"https:\/\/diariodominicano.com\/index.php?rest_route=%2Fwp%2Fv2%2Fcategories&post=191699"},{"taxonomy":"post_tag","embeddable":true,"href":"https:\/\/diariodominicano.com\/index.php?rest_route=%2Fwp%2Fv2%2Ftags&post=191699"}],"curies":[{"name":"wp","href":"https:\/\/api.w.org\/{rel}","templated":true}]}}