{"id":191696,"date":"2008-01-09T00:05:51","date_gmt":"2008-01-09T00:05:51","guid":{"rendered":"http:\/\/diariodominicano.ddns.net\/?p=191696"},"modified":"2008-01-09T00:05:51","modified_gmt":"2008-01-09T00:05:51","slug":"trajano-santana-dice-leonel-fernandez-no-soluciona-problemas-economicos-rd","status":"publish","type":"post","link":"https:\/\/diariodominicano.com\/?p=191696","title":{"rendered":"Trajano Santana dice Leonel Fern\u00e1ndez no soluciona problemas econ\u00f3micos RD"},"content":{"rendered":"<p><body><\/p>\n<p align=\"justify\" class=\"titulogrande1\">Trajano  Santana dice Leonel Fern\u00e1ndez  no soluciona problemas econ\u00f3micos RD<\/p>\n<p>&#13;<\/p>\n<p align=\"justify\" class=\"text1noticias\"><strong>SANTO  DOMINGO.- <\/strong>El candidato presidencial del Partido Revolucionario Independiente  (PRI), Trajano Santana, cuestion\u00f3 que a casi cuatro a\u00f1os de gesti\u00f3n  gubernamental el presidente Leonel  Fern\u00e1ndez atribuya a gobiernos anteriores la crisis econ\u00f3mica y social que  agobia a los dominicanos.<br \/>&#13;<br \/>\n  <br \/>&#13;<br \/>\n  Santana  afirm\u00f3 que el tiempo que lleva\u00a0 Fern\u00e1ndez  al frente del Gobierno\u00a0 resulta  suficiente para resolver los problemas elementales de la poblaci\u00f3n, como la  crisis de energ\u00eda el\u00e9ctrica y agua potable, el d\u00e9ficit educativo, la  insalubridad, la pobreza y la inseguridad ciudadana.<\/p>\n<p>&#13;<\/p>\n<p align=\"justify\" class=\"text1noticias\">Dijo  que la actitud del jefe del Estado evidencia su incapacidad para resolver los  problemas nacionales y que el pa\u00eds continuar\u00eda transitando por el camino del  desorden, la intranquilidad y la carest\u00eda de los productos b\u00e1sicos y los  servicios, si el Partido de la Liberaci\u00f3n   Dominicana (PLD) gana las elecciones del 16 de mayo.<\/p>\n<p>&#13;<\/p>\n<p align=\"justify\" class=\"text1noticias\">Santana  se refiri\u00f3 as\u00ed a la afirmaci\u00f3n de Fern\u00e1ndez, en el sentido de que la grave  crisis econ\u00f3mica nacional seguir\u00e1 afectando a los dominicanos durante los  \u00faltimos 15 a\u00f1os.<\/p>\n<p>&#13;<\/p>\n<p align=\"justify\" class=\"text1noticias\">Expres\u00f3  que esas declaraciones demuestran que el pa\u00eds necesita un cambio de gobierno a  partir del 16 de mayo y afirm\u00f3 que la naci\u00f3n cuenta con hombres y mujeres con  la capacidad suficiente para formular un Presupuesto Nacional equilibrado, que  responda a las necesidades de las mayor\u00edas nacionales. <\/p>\n<p>&#13;<\/p>\n<p align=\"justify\" class=\"text1noticias\">\u201cSi  el presidente Fern\u00e1ndez no tiene soluci\u00f3n a los problemas del pa\u00eds, los\u00a0 hombres y las mujeres del PRI tienen la  capacidad y la voluntad de producir los cambios que amerita la naci\u00f3n\u00a0 para transitar los caminos del progreso y el  bienestar que esperan los votantes \u201d, precis\u00f3.<\/p>\n<p>&#13;<\/p>\n<p align=\"justify\" class=\"text1noticias\">\u201cEl presidente Leonel Fern\u00e1ndez ha hipotecado  el pa\u00eds y lo ha convertido en una colonia\u201d, afirm\u00f3 el aspirante a la  presidencia de la   Rep\u00fablica.<\/p>\n<p>&#13;<\/p>\n<p align=\"justify\" class=\"text1noticias\">Record\u00f3  que el propio jefe del Gobierno admiti\u00f3 recientemente que el pa\u00eds est\u00e1  intervenido econ\u00f3micamente por el Fondo Monetario Internacional (FMI).<\/p>\n<p>&#13;<\/p>\n<p align=\"justify\" class=\"text1noticias\">\u201cLos  votantes dominicanos no merecen tener un presidente que hipoteque el pa\u00eds a  organismo extranjeros y luego no sepa decir en qu\u00e9 us\u00f3 ese dinero, porque no ha  resuelto los principales problemas que justificar\u00edan un endeudamiento tan  alto\u201d, insisti\u00f3.<\/p>\n<p>&#13;<\/p>\n<h6> 2008-01-09 00:05:51 <\/h6>\n<p><!--\n<link rel=\"stylesheet\" href=\"css\/bootstrap.min.css\">\n\n\n<ul class=\"pagination\">\n\t    \n\t\n\n<li >\n\t<a href='?page_no=34443'>Previous<\/a>\n\t<\/li>\n\n\n       \n    \n\n<li><a href='?page_no=1'>1<\/a><\/li>\n\n\n\n<li><a href='?page_no=2'>2<\/a><\/li>\n\n\n\n<li><a>...<\/a><\/li>\n\n\n\n<li><a href='?page_no=34442'>34442<\/a><\/li>\n\n\n\n<li><a href='?page_no=34443'>34443<\/a><\/li>\n\n\n\n<li class='active'><a>34444<\/a><\/li>\n\n\n\n<li><a href='?page_no=34445'>34445<\/a><\/li>\n\n\n\n<li><a href='?page_no=34446'>34446<\/a><\/li>\n\n\n\n<li><a>...<\/a><\/li>\n\n\n\n<li><a href='?page_no=36999'>36999<\/a><\/li>\n\n\n\n<li><a href='?page_no=37000'>37000<\/a><\/li>\n\n    \n\t\n\n<li >\n\t<a href='?page_no=34445'>Next<\/a>\n\t<\/li>\n\n\n    \n\n<li><a href='?page_no=37000'>Last &rsaquo;&rsaquo;<\/a><\/li>\n\n<\/ul>\n\n\n--><br \/>\n<\/body><\/p>\n","protected":false},"excerpt":{"rendered":"<p>Trajano Santana dice Leonel Fern\u00e1ndez no soluciona problemas econ\u00f3micos RD &#13; SANTO DOMINGO.- El candidato presidencial del Partido Revolucionario Independiente (PRI), Trajano Santana, cuestion\u00f3 que a casi cuatro a\u00f1os de gesti\u00f3n gubernamental el presidente Leonel Fern\u00e1ndez atribuya a gobiernos anteriores la crisis econ\u00f3mica y social que agobia a los dominicanos.&#13; &#13; Santana afirm\u00f3 que el [&hellip;]<\/p>\n","protected":false},"author":3,"featured_media":0,"comment_status":"open","ping_status":"open","sticky":false,"template":"","format":"standard","meta":{"footnotes":""},"categories":[22],"tags":[],"class_list":["post-191696","post","type-post","status-publish","format-standard","hentry","category-politica"],"_links":{"self":[{"href":"https:\/\/diariodominicano.com\/index.php?rest_route=\/wp\/v2\/posts\/191696","targetHints":{"allow":["GET"]}}],"collection":[{"href":"https:\/\/diariodominicano.com\/index.php?rest_route=\/wp\/v2\/posts"}],"about":[{"href":"https:\/\/diariodominicano.com\/index.php?rest_route=\/wp\/v2\/types\/post"}],"author":[{"embeddable":true,"href":"https:\/\/diariodominicano.com\/index.php?rest_route=\/wp\/v2\/users\/3"}],"replies":[{"embeddable":true,"href":"https:\/\/diariodominicano.com\/index.php?rest_route=%2Fwp%2Fv2%2Fcomments&post=191696"}],"version-history":[{"count":0,"href":"https:\/\/diariodominicano.com\/index.php?rest_route=\/wp\/v2\/posts\/191696\/revisions"}],"wp:attachment":[{"href":"https:\/\/diariodominicano.com\/index.php?rest_route=%2Fwp%2Fv2%2Fmedia&parent=191696"}],"wp:term":[{"taxonomy":"category","embeddable":true,"href":"https:\/\/diariodominicano.com\/index.php?rest_route=%2Fwp%2Fv2%2Fcategories&post=191696"},{"taxonomy":"post_tag","embeddable":true,"href":"https:\/\/diariodominicano.com\/index.php?rest_route=%2Fwp%2Fv2%2Ftags&post=191696"}],"curies":[{"name":"wp","href":"https:\/\/api.w.org\/{rel}","templated":true}]}}