{"id":191695,"date":"2008-01-09T01:17:44","date_gmt":"2008-01-09T01:17:44","guid":{"rendered":"http:\/\/diariodominicano.ddns.net\/?p=191695"},"modified":"2008-01-09T01:17:44","modified_gmt":"2008-01-09T01:17:44","slug":"zapatero-dice-que-el-pp-derogara-la-ley-de-matrimonios-gay-si-gana-en-marzo","status":"publish","type":"post","link":"https:\/\/diariodominicano.com\/?p=191695","title":{"rendered":"Zapatero dice que el PP derogar\u00e1 la ley de matrimonios gay si gana en marzo"},"content":{"rendered":"<p><body><\/p>\n<p align=\"justify\"><strong class=\"titulogrande1\">Zapatero dice  que el PP derogar\u00e1 la ley de matrimonios gay si gana en marzo<\/strong><br \/>&#13;<br \/>\n  <br \/>&#13;<br \/>\n    <strong>El presidente asegura  que el partido de Rajoy es reh\u00e9n de \u00ablos sectores m\u00e1s integristas de la  derecha medi\u00e1tica\u00bb <\/strong><\/p>\n<p>&#13;<\/p>\n<p align=\"justify\" class=\"text1noticias\"><strong>MADRID.-<\/strong> El jefe del Gobierno, Jos\u00e9 Luis Rodr\u00edguez Zapatero, cree  que si el PP gana las elecciones el pr\u00f3ximo 9 de marzo, se ver\u00eda obligado  \u00abpor los sectores m\u00e1s integristas y conservadores de la derecha pol\u00edtica y  medi\u00e1tica\u00bb a derogar leyes que han avanzado en derechos sociales, como la  que reconoce los matrimonios entre homosexuales. <br \/>&#13;<br \/>\n  <br \/>&#13;<br \/>\n  Zapatero se ha expresado as\u00ed en una entrevista en la Cadena SER en la que ha  asegurado que el Gobierno, ante la actitud de la Iglesia en contra de  determinadas decisiones que ha adoptado, \u00abno va a dar ni un paso  atr\u00e1s\u00bb tras haber aprobado \u00ableyes que extienden derechos  individuales\u00bb y que ha garantizado va a mantener \u00aben todos los  \u00f3rdenes\u00bb.<br \/>&#13;<br \/>\n  <br \/>&#13;<br \/>\n  Al pedirle su opini\u00f3n ante la posibilidad de que el PP, si  ganara las elecciones, derogara leyes como la que ampara el matrimonio entre  personas del mismo sexo, ha recordado que esa misma pregunta se la han hecho al  l\u00edder de este partido, Mariano Rajoy, y no ha dicho \u00abni s\u00ed ni no\u00bb,  algo que ha considerado que \u00abno es nada extra\u00f1o\u00bb.<br \/>&#13;<br \/>\n  <br \/>&#13;<br \/>\n  \u00abViendo la influencia que ejercen en estos momentos los  sectores m\u00e1s integristas y conservadores en la derecha pol\u00edtica y en la derecha  medi\u00e1tica, creo que se ver\u00edan obligados a hacer cosas en esa direcci\u00f3n\u00bb,  ha precisado.<br \/>&#13;<br \/>\n  <br \/>&#13;<br \/>\n  Ante la actitud de la   Iglesia, Zapatero ha llamado la atenci\u00f3n sobre el hecho de  que el PP muestre \u00abaquiescencia\u00bb con las cr\u00edticas de los obispos,  algo que cree que no ocurrir\u00eda en otros pa\u00edses con partidos de la derecha y  ante determinados ataques de las autoridades eclesi\u00e1sticas.<br \/>&#13;<br \/>\n  <br \/>&#13;<br \/>\n  El jefe del Ejecutivo ha reiterado sus discrepancias con las  manifestaciones de los obispos Antonio Mar\u00eda Rouco Varela y Agust\u00edn Garc\u00eda  Gasco en el acto celebrado en la plaza de Col\u00f3n de Madrid en defensa de la  familia y ha instado a que todo el mundo vea respetadas sus creencias.<br \/>&#13;<br \/>\n  <br \/>&#13;<br \/>\n  Zapatero ha expresado su extra\u00f1eza por el hecho de que la Iglesia espa\u00f1ola haga  hincapi\u00e9 ahora en el aborto cuando estuvo callada durante los ocho a\u00f1os del  Gobierno de Jos\u00e9 Mar\u00eda Aznar y tambi\u00e9n estaba en vigor la misma ley.<br \/>&#13;<br \/>\n  <br \/>&#13;<br \/>\n  Respecto a la posibilidad de propuestas de cambio en la ley del  aborto, ha insistido en que el programa electoral incluir\u00e1 una reflexi\u00f3n sobre  este asunto, pero no habr\u00e1 un compromiso expl\u00edcito de modificaci\u00f3n.<br \/>&#13;<br \/>\n  <br \/>&#13;<br \/>\n  <strong>EFE<\/strong> &#8211; Madrid &#8211; 08\/01\/2008 <\/p>\n<p>&#13;<\/p>\n<h6> 2008-01-09 01:17:44 <\/h6>\n<p><!--\n<link rel=\"stylesheet\" href=\"css\/bootstrap.min.css\">\n\n\n<ul class=\"pagination\">\n\t    \n\t\n\n<li >\n\t<a href='?page_no=34442'>Previous<\/a>\n\t<\/li>\n\n\n       \n    \n\n<li><a href='?page_no=1'>1<\/a><\/li>\n\n\n\n<li><a href='?page_no=2'>2<\/a><\/li>\n\n\n\n<li><a>...<\/a><\/li>\n\n\n\n<li><a href='?page_no=34441'>34441<\/a><\/li>\n\n\n\n<li><a href='?page_no=34442'>34442<\/a><\/li>\n\n\n\n<li class='active'><a>34443<\/a><\/li>\n\n\n\n<li><a href='?page_no=34444'>34444<\/a><\/li>\n\n\n\n<li><a href='?page_no=34445'>34445<\/a><\/li>\n\n\n\n<li><a>...<\/a><\/li>\n\n\n\n<li><a href='?page_no=36999'>36999<\/a><\/li>\n\n\n\n<li><a href='?page_no=37000'>37000<\/a><\/li>\n\n    \n\t\n\n<li >\n\t<a href='?page_no=34444'>Next<\/a>\n\t<\/li>\n\n\n    \n\n<li><a href='?page_no=37000'>Last &rsaquo;&rsaquo;<\/a><\/li>\n\n<\/ul>\n\n\n--><br \/>\n<\/body><\/p>\n","protected":false},"excerpt":{"rendered":"<p>Zapatero dice que el PP derogar\u00e1 la ley de matrimonios gay si gana en marzo&#13; &#13; El presidente asegura que el partido de Rajoy es reh\u00e9n de \u00ablos sectores m\u00e1s integristas de la derecha medi\u00e1tica\u00bb &#13; MADRID.- El jefe del Gobierno, Jos\u00e9 Luis Rodr\u00edguez Zapatero, cree que si el PP gana las elecciones el pr\u00f3ximo [&hellip;]<\/p>\n","protected":false},"author":3,"featured_media":0,"comment_status":"open","ping_status":"open","sticky":false,"template":"","format":"standard","meta":{"footnotes":""},"categories":[22],"tags":[],"class_list":["post-191695","post","type-post","status-publish","format-standard","hentry","category-politica"],"_links":{"self":[{"href":"https:\/\/diariodominicano.com\/index.php?rest_route=\/wp\/v2\/posts\/191695","targetHints":{"allow":["GET"]}}],"collection":[{"href":"https:\/\/diariodominicano.com\/index.php?rest_route=\/wp\/v2\/posts"}],"about":[{"href":"https:\/\/diariodominicano.com\/index.php?rest_route=\/wp\/v2\/types\/post"}],"author":[{"embeddable":true,"href":"https:\/\/diariodominicano.com\/index.php?rest_route=\/wp\/v2\/users\/3"}],"replies":[{"embeddable":true,"href":"https:\/\/diariodominicano.com\/index.php?rest_route=%2Fwp%2Fv2%2Fcomments&post=191695"}],"version-history":[{"count":0,"href":"https:\/\/diariodominicano.com\/index.php?rest_route=\/wp\/v2\/posts\/191695\/revisions"}],"wp:attachment":[{"href":"https:\/\/diariodominicano.com\/index.php?rest_route=%2Fwp%2Fv2%2Fmedia&parent=191695"}],"wp:term":[{"taxonomy":"category","embeddable":true,"href":"https:\/\/diariodominicano.com\/index.php?rest_route=%2Fwp%2Fv2%2Fcategories&post=191695"},{"taxonomy":"post_tag","embeddable":true,"href":"https:\/\/diariodominicano.com\/index.php?rest_route=%2Fwp%2Fv2%2Ftags&post=191695"}],"curies":[{"name":"wp","href":"https:\/\/api.w.org\/{rel}","templated":true}]}}