{"id":191693,"date":"2008-01-09T14:48:03","date_gmt":"2008-01-09T14:48:03","guid":{"rendered":"http:\/\/diariodominicano.ddns.net\/?p=191693"},"modified":"2008-01-09T14:48:03","modified_gmt":"2008-01-09T14:48:03","slug":"comite-nacional-de-campana-inaugurara-su-comando-la-proxima-semana-de-cara-a-la-proclamacion-del-doctor-leonel-fernandez","status":"publish","type":"post","link":"https:\/\/diariodominicano.com\/?p=191693","title":{"rendered":"Comit\u00e9 nacional de Campa\u00f1a inaugurar\u00e1 su comando la pr\u00f3xima semana de cara a la proclamaci\u00f3n del doctor Leonel Fern\u00e1ndez"},"content":{"rendered":"<p><body><\/p>\n<p align=\"justify\" class=\"titulogrande1\"><strong>Comit\u00e9 nacional de Campa\u00f1a inaugurar\u00e1 su comando la pr\u00f3xima semana de  cara a la proclamaci\u00f3n del doctor Leonel Fern\u00e1ndez <\/strong><\/p>\n<p>&#13;<\/p>\n<p align=\"justify\" class=\"text1noticias\"><strong><img loading=\"lazy\" decoding=\"async\" src=\"http:\/\/localhost:8080\/pictures\/francisco javier.jpg\" width=\"269\" height=\"330\" hspace=\"4\" align=\"left\" \/>Santo Domingo.-<\/strong> Con una serie de actividades, el Partido de la Liberaci\u00f3n Dominicana  (PLD), tiene previsto la proclamaci\u00f3n oficial de la candidatura presidencial  del doctor Leonel Fern\u00e1ndez, de cara a los comicios programados para el 16 de  mayo pr\u00f3ximo.<br \/>&#13;<br \/>\n  <br \/>&#13;<br \/>\n Francisco  Javier Garc\u00eda, coordinador del Comit\u00e9 Nacional de Campa\u00f1a, inform\u00f3 que la  primera actividad de la organizaci\u00f3n ser\u00e1 la inauguraci\u00f3n de la sede del  Comando de Campa\u00f1a, que estar\u00e1 ubicado en la avenida Bol\u00edvar esquina Alma Mater.<br \/>&#13;<br \/>\n <br \/>&#13;<br \/>\n Explic\u00f3  que la actividad est\u00e1 prevista para el martes 15 del presente mes a las cinco  de la tarde, en la que participar\u00e1n los integrantes del Comit\u00e9 Nacional de  Campa\u00f1a, que promocionan la continuidad en el poder del doctor Fern\u00e1ndez para  un nuevo per\u00edodo presidencial. <br \/>&#13;<br \/>\n<br \/>&#13;<br \/>\n En cuanto a la proclamaci\u00f3n, adelant\u00f3 que ser\u00e1  a finales de este mes y que ser\u00e1 un acto pol\u00edtico que demostrar\u00e1 la aceptaci\u00f3n  y el respaldo con que cuenta la candidatura del partido morado en todos los  sectores de la vida nacional.<br \/>&#13;<br \/>\n<br \/>&#13;<br \/>\n Precis\u00f3  que importantes figuras del mundo art\u00edstico criollo actuar\u00e1n en el acto que  est\u00e1 programado para las 11: 00 de la ma\u00f1ana del domingo 27 de este mes y  tendr\u00e1 como escenario el Palacio de los Deportes.<br \/>&#13;<br \/>\n<br \/>&#13;<br \/>\n Indic\u00f3  que el acto contar\u00e1 con un discurso central del doctor Leonel Fern\u00e1ndez donde  esbozar\u00e1 las l\u00edneas generales que caracterizar\u00e1n su tercer mandato  presidencial, el segundo de forma consecutiva. <br \/>&#13;<br \/>\n<br \/>&#13;<br \/>\n Expres\u00f3  que el mandatario prometi\u00f3 al ser juramentado en el 2004 el retorno de la  esperanza y de la estabilidad macroecon\u00f3mica y que esas metas se cumplieron y  que en su pr\u00f3ximo mandato est\u00e1 convencido que mantendr\u00e1 ambos factores, vitales  para continuar creando las bases para el desarrollo social, econ\u00f3mico e  institucional de todos los dominicanos. <\/p>\n<p>&#13;<\/p>\n<h6> 2008-01-09 14:48:03 <\/h6>\n<p><!--\n<link rel=\"stylesheet\" href=\"css\/bootstrap.min.css\">\n\n\n<ul class=\"pagination\">\n\t    \n\t\n\n<li >\n\t<a href='?page_no=34440'>Previous<\/a>\n\t<\/li>\n\n\n       \n    \n\n<li><a href='?page_no=1'>1<\/a><\/li>\n\n\n\n<li><a href='?page_no=2'>2<\/a><\/li>\n\n\n\n<li><a>...<\/a><\/li>\n\n\n\n<li><a href='?page_no=34439'>34439<\/a><\/li>\n\n\n\n<li><a href='?page_no=34440'>34440<\/a><\/li>\n\n\n\n<li class='active'><a>34441<\/a><\/li>\n\n\n\n<li><a href='?page_no=34442'>34442<\/a><\/li>\n\n\n\n<li><a href='?page_no=34443'>34443<\/a><\/li>\n\n\n\n<li><a>...<\/a><\/li>\n\n\n\n<li><a href='?page_no=36999'>36999<\/a><\/li>\n\n\n\n<li><a href='?page_no=37000'>37000<\/a><\/li>\n\n    \n\t\n\n<li >\n\t<a href='?page_no=34442'>Next<\/a>\n\t<\/li>\n\n\n    \n\n<li><a href='?page_no=37000'>Last &rsaquo;&rsaquo;<\/a><\/li>\n\n<\/ul>\n\n\n--><br \/>\n<\/body><\/p>\n","protected":false},"excerpt":{"rendered":"<p>Comit\u00e9 nacional de Campa\u00f1a inaugurar\u00e1 su comando la pr\u00f3xima semana de cara a la proclamaci\u00f3n del doctor Leonel Fern\u00e1ndez &#13; Santo Domingo.- Con una serie de actividades, el Partido de la Liberaci\u00f3n Dominicana (PLD), tiene previsto la proclamaci\u00f3n oficial de la candidatura presidencial del doctor Leonel Fern\u00e1ndez, de cara a los comicios programados para el [&hellip;]<\/p>\n","protected":false},"author":3,"featured_media":0,"comment_status":"open","ping_status":"open","sticky":false,"template":"","format":"standard","meta":{"footnotes":""},"categories":[22],"tags":[],"class_list":["post-191693","post","type-post","status-publish","format-standard","hentry","category-politica"],"_links":{"self":[{"href":"https:\/\/diariodominicano.com\/index.php?rest_route=\/wp\/v2\/posts\/191693","targetHints":{"allow":["GET"]}}],"collection":[{"href":"https:\/\/diariodominicano.com\/index.php?rest_route=\/wp\/v2\/posts"}],"about":[{"href":"https:\/\/diariodominicano.com\/index.php?rest_route=\/wp\/v2\/types\/post"}],"author":[{"embeddable":true,"href":"https:\/\/diariodominicano.com\/index.php?rest_route=\/wp\/v2\/users\/3"}],"replies":[{"embeddable":true,"href":"https:\/\/diariodominicano.com\/index.php?rest_route=%2Fwp%2Fv2%2Fcomments&post=191693"}],"version-history":[{"count":0,"href":"https:\/\/diariodominicano.com\/index.php?rest_route=\/wp\/v2\/posts\/191693\/revisions"}],"wp:attachment":[{"href":"https:\/\/diariodominicano.com\/index.php?rest_route=%2Fwp%2Fv2%2Fmedia&parent=191693"}],"wp:term":[{"taxonomy":"category","embeddable":true,"href":"https:\/\/diariodominicano.com\/index.php?rest_route=%2Fwp%2Fv2%2Fcategories&post=191693"},{"taxonomy":"post_tag","embeddable":true,"href":"https:\/\/diariodominicano.com\/index.php?rest_route=%2Fwp%2Fv2%2Ftags&post=191693"}],"curies":[{"name":"wp","href":"https:\/\/api.w.org\/{rel}","templated":true}]}}