{"id":191692,"date":"2008-01-09T15:32:32","date_gmt":"2008-01-09T15:32:32","guid":{"rendered":"http:\/\/diariodominicano.ddns.net\/?p=191692"},"modified":"2008-01-09T15:32:32","modified_gmt":"2008-01-09T15:32:32","slug":"senador-estadounidense-nombra-hispano-como-asistente-y-encargado-de-asuntos-con-la-comunidad-hispana","status":"publish","type":"post","link":"https:\/\/diariodominicano.com\/?p=191692","title":{"rendered":"Senador estadounidense nombra hispano como asistente y encargado de asuntos con la comunidad hispana"},"content":{"rendered":"<p><body><\/p>\n<p align=\"justify\" class=\"titulogrande1\"><strong>Senador estadounidense nombra hispano como asistente y encargado de asuntos con la comunidad hispana <\/strong><\/p>\n<p>&#13;<\/p>\n<p align=\"justify\" class=\"text1noticias\"><strong><img loading=\"lazy\" decoding=\"async\" src=\"http:\/\/localhost:8080\/pictures\/miguel lopez rodriguez.jpg\" width=\"269\" height=\"410\" hspace=\"4\" align=\"left\" \/>Queens,  NY.-<\/strong> El Senador del Estado de New York John Sabini, nombr\u00f3 en el d\u00eda de hoy al prestigioso dirigente comunitario Lic. Miguel  L\u00f3pez Rodr\u00edguez, como Asistente y Coordinador de Asuntos Comunitarios para el  \u00c1rea Hispana de la oficina del Senador, dentro de las responsabilidades de la  importante ocupaci\u00f3n que le tocara realizar est\u00e1n, elaborar proyectos de  desarrollo de car\u00e1cter social, cultural, educativo y deportivo para beneficio  de los hispano en la comunidad Hispana \u00a0residente en Corona, Jackson Heights,  Elmhurst, East Elmhurst y Woodside.<br \/>&#13;<br \/>\n  \u00a0<br \/>&#13;<br \/>\n L\u00f3pez Rodr\u00edguez,  quien es el Presidente de COPOLA USA y Secretario Ejecutivo del Concilio de  Familiares de los Militares en Guerras USA, coordinar\u00e1 adem\u00e1s la promoci\u00f3n y evaluaci\u00f3n  del programa de becas para los familiares de las v\u00edctimas del vuelo 587 de  American Airlines, y otras becas para estudiantes universitarios hispanos.<\/p>\n<p>&#13;<\/p>\n<p align=\"justify\" class=\"text1noticias\">El Senador  Dem\u00f3crata John Sabini, es uno de los oficiales electos m\u00e1s progresistas en el  Senado Estatal, que se ha destacado por su apoyo y lucha en favor de los  programas que ayudan a los inmigrantes, las minor\u00edas, y la gente de clase  trabajadora.\u00a0 Adem\u00e1s Sabini se ha esforzado  en traer m\u00e1s recursos del Estado a las escuelas de la Ciudad, as\u00ed como  programas que ayudan a los envejec\u00edentes a tener una mejor calidad de vida.<br \/>&#13;<br \/>\n  \u00a0<br \/>&#13;<br \/>\n  El programa  de becas para los familiares de las v\u00edctimas del Vuelo 587, inici\u00f3 como un  proyecto de ley introducido en la legislatura por Sabini en el 2003.\u00a0 Tambi\u00e9n recibi\u00f3 el apoyo y la colaboraci\u00f3n  del Asamble\u00edsta Adriano Espaillat, y fue firmado como ley por el Gobernador  Pataki en el 2005.\u00a0 Las becas para los  familiares de las v\u00edctimas del Vuelo 587 es un proyecto que ha suscitado gran  inter\u00e9s en c\u00edrculos dominicanos <\/p>\n<p>&#13;<\/p>\n<p align=\"justify\" class=\"text1noticias\">Miguel L\u00f3pez  Rodr\u00edguez, es un experimentado dirigente comunitario, miembro del Partido dem\u00f3crata  de Nueva York, que \u00a0mantiene una serie de  programas de env\u00edo y asistencia a comunidades afectadas por fen\u00f3menos atmosf\u00e9ricos.\u00a0 Recientemente fueron enviado hacia la l\u00ednea  noroeste, camas, sillas de ruedas,\u00a0  y\u00a0 est\u00e1n pendiente de enviar hacia  la Republica Dominicana, toneladas de leche en polvo para ancianos de Dajab\u00f3n,  a si como, electrocardiogramas, muletas  y camas para reci\u00e9n nacidos, para lo cuales\u00a0  se gestiona el transporte.<br \/>&#13;<br \/>\n  \u00a0<br \/>&#13;<br \/>\n  Miguel L\u00f3pez  Rodr\u00edguez, \u00a0se desempe\u00f1o anteriormente  como\u00a0 asistente del Concejal Hiram  Monserrate, y su reciente nombramiento llena de alegr\u00eda a la comunidad hispana  de Queens a la que le ha servido por m\u00e1s de 15 a\u00f1os sin descanso.<\/p>\n<p>&#13;<\/p>\n<p align=\"justify\" class=\"text1noticias\">L\u00f3pez Rodr\u00edguez  inmediatamente asumi\u00f3 sus funciones extendi\u00f3 el horario de trabajo de la  oficina del Senador Sabini hasta las \u00a09:00 de la noche, lo cual permite a las  personas que trabajan y tienen m\u00faltiples problemas por plantearle al Senador,  que encuentren las facilidades de acudir a su oficina despu\u00e9s de regresar de  sus labores.<\/p>\n<p>&#13;<\/p>\n<p align=\"justify\" class=\"text1noticias\">\u00a0<\/p>\n<p>&#13;<\/p>\n<h6> 2008-01-09 15:32:32 <\/h6>\n<p><!--\n<link rel=\"stylesheet\" href=\"css\/bootstrap.min.css\">\n\n\n<ul class=\"pagination\">\n\t    \n\t\n\n<li >\n\t<a href='?page_no=34439'>Previous<\/a>\n\t<\/li>\n\n\n       \n    \n\n<li><a href='?page_no=1'>1<\/a><\/li>\n\n\n\n<li><a href='?page_no=2'>2<\/a><\/li>\n\n\n\n<li><a>...<\/a><\/li>\n\n\n\n<li><a href='?page_no=34438'>34438<\/a><\/li>\n\n\n\n<li><a href='?page_no=34439'>34439<\/a><\/li>\n\n\n\n<li class='active'><a>34440<\/a><\/li>\n\n\n\n<li><a href='?page_no=34441'>34441<\/a><\/li>\n\n\n\n<li><a href='?page_no=34442'>34442<\/a><\/li>\n\n\n\n<li><a>...<\/a><\/li>\n\n\n\n<li><a href='?page_no=36999'>36999<\/a><\/li>\n\n\n\n<li><a href='?page_no=37000'>37000<\/a><\/li>\n\n    \n\t\n\n<li >\n\t<a href='?page_no=34441'>Next<\/a>\n\t<\/li>\n\n\n    \n\n<li><a href='?page_no=37000'>Last &rsaquo;&rsaquo;<\/a><\/li>\n\n<\/ul>\n\n\n--><br \/>\n<\/body><\/p>\n","protected":false},"excerpt":{"rendered":"<p>Senador estadounidense nombra hispano como asistente y encargado de asuntos con la comunidad hispana &#13; Queens, NY.- El Senador del Estado de New York John Sabini, nombr\u00f3 en el d\u00eda de hoy al prestigioso dirigente comunitario Lic. Miguel L\u00f3pez Rodr\u00edguez, como Asistente y Coordinador de Asuntos Comunitarios para el \u00c1rea Hispana de la oficina del [&hellip;]<\/p>\n","protected":false},"author":3,"featured_media":0,"comment_status":"open","ping_status":"open","sticky":false,"template":"","format":"standard","meta":{"footnotes":""},"categories":[22],"tags":[],"class_list":["post-191692","post","type-post","status-publish","format-standard","hentry","category-politica"],"_links":{"self":[{"href":"https:\/\/diariodominicano.com\/index.php?rest_route=\/wp\/v2\/posts\/191692","targetHints":{"allow":["GET"]}}],"collection":[{"href":"https:\/\/diariodominicano.com\/index.php?rest_route=\/wp\/v2\/posts"}],"about":[{"href":"https:\/\/diariodominicano.com\/index.php?rest_route=\/wp\/v2\/types\/post"}],"author":[{"embeddable":true,"href":"https:\/\/diariodominicano.com\/index.php?rest_route=\/wp\/v2\/users\/3"}],"replies":[{"embeddable":true,"href":"https:\/\/diariodominicano.com\/index.php?rest_route=%2Fwp%2Fv2%2Fcomments&post=191692"}],"version-history":[{"count":0,"href":"https:\/\/diariodominicano.com\/index.php?rest_route=\/wp\/v2\/posts\/191692\/revisions"}],"wp:attachment":[{"href":"https:\/\/diariodominicano.com\/index.php?rest_route=%2Fwp%2Fv2%2Fmedia&parent=191692"}],"wp:term":[{"taxonomy":"category","embeddable":true,"href":"https:\/\/diariodominicano.com\/index.php?rest_route=%2Fwp%2Fv2%2Fcategories&post=191692"},{"taxonomy":"post_tag","embeddable":true,"href":"https:\/\/diariodominicano.com\/index.php?rest_route=%2Fwp%2Fv2%2Ftags&post=191692"}],"curies":[{"name":"wp","href":"https:\/\/api.w.org\/{rel}","templated":true}]}}