{"id":191691,"date":"2008-01-09T18:05:10","date_gmt":"2008-01-09T18:05:10","guid":{"rendered":"http:\/\/diariodominicano.ddns.net\/?p=191691"},"modified":"2008-01-09T18:05:10","modified_gmt":"2008-01-09T18:05:10","slug":"prsc-sostendra-encuentro-regional-el-proximo-domingo-con-simpatizantes-extrapatidos-en-el-cibao","status":"publish","type":"post","link":"https:\/\/diariodominicano.com\/?p=191691","title":{"rendered":"PRSC sostendr\u00e1 encuentro regional el pr\u00f3ximo domingo con simpatizantes extrapatidos en el Cibao"},"content":{"rendered":"<p><body><\/p>\n<p align=\"justify\" class=\"titulogrande1\"><strong>PRSC sostendr\u00e1 encuentro regional el  pr\u00f3ximo domingo con simpatizantes extrapatidos en el Cibao <\/strong><\/p>\n<p>&#13;<\/p>\n<p align=\"justify\" class=\"text1noticias\"><strong><img loading=\"lazy\" decoding=\"async\" src=\"http:\/\/localhost:8080\/pictures\/prsc.gif\" width=\"269\" height=\"284\" hspace=\"4\" align=\"left\" \/>SANTIAGO.-<\/strong>  Cientos de dirigentes reformistas y simpatizantes\u00a0 extrapartidos del candidato presidencial del  PRSC, Amable Aristy Castro, sostendr\u00e1n  un encuentro regional el pr\u00f3ximo domingo para que sea masiva en el Cibao la propuesta de que el s\u00edndico santiaguense Jos\u00e9\u00a0Enrique Sued sea el candidato\u00a0  vice presidencial de la organizaci\u00f3n colorada, inform\u00f3 este mi\u00e9rcoles el  Partido Reformista Social Cristiano, (PRSC).<\/p>\n<p>&#13;<\/p>\n<p align=\"justify\" class=\"text1noticias\"> En  una nota informativa el partido colorado indic\u00f3 que la actividad partidista es  organizada por el Movimiento El Cibao Puede, entidad con representaci\u00f3n en las  14 provincias del Cibao y que preside el ex s\u00edndico de Santiago,\u00a0 licenciado Frank Mu\u00f1oz Gil.<\/p>\n<p>&#13;<\/p>\n<p align=\"justify\" class=\"text1noticias\">Explic\u00f3  que el encuentro pol\u00edtico se llevar\u00e1 a cabo en el Hotel Gran Almirante, a  partir de las 4:00 p.m., de este domingo 13 de enero, donde se dar\u00e1n cita  delegaciones de la L\u00ednea Noroeste,  la Costa Norte,  el Cibao Central y de la provincia de Santiago.<\/p>\n<p>&#13;<\/p>\n<p align=\"justify\" class=\"text1noticias\">\u201cLas  palabras centrales estar\u00e1n a cargo de  Mu\u00f1oz Gil, en su calidad de presidente del Movimiento El Cibao Puede, mientras  que el presidente del PRSC, Federico Ant\u00fan Battlle, tendr\u00e1 el discurso de  clausura\u201d, se\u00f1al\u00f3 el documento del PRSC.<\/p>\n<p>&#13;<\/p>\n<p align=\"justify\" class=\"text1noticias\">Expres\u00f3  que entre los dirigentes y miembros de la organizaci\u00f3n El Cibao Puede existe la  convicci\u00f3n de que el s\u00edndico reformista por el primer municipio del Cibao, Jos\u00e9  Enrique Sued, aceptar\u00e1 y proclamar\u00e1 en los pr\u00f3ximos d\u00edas su decisi\u00f3n de ir en  la boleta reformista, acompa\u00f1ando a Aristy Castro en la candidatura  vicepresidencial.<\/p>\n<p>&#13;<\/p>\n<p align=\"justify\" class=\"text1noticias\">Manifest\u00f3  que \u201cesa idea ha encontrado terreno f\u00e9rtil, no s\u00f3lo en el litoral partidista  del PRSC, sino tambi\u00e9n en sectores empresariales, profesionales y de  organizaciones de la sociedad civil en las catorce provincias de la regi\u00f3n  cibae\u00f1a\u201d.<\/p>\n<p>&#13;<\/p>\n<p align=\"justify\" class=\"text1noticias\">Agreg\u00f3  el documento que los directivos de la entidad que promueve el binomio Amable-  Jos\u00e9 Enrique fueron juramentados recientemente por el presidente del PRSC, Federico  Ant\u00fan Batlle, quien resalt\u00f3 el \u00e9xito de la oferta electoral del PRSC, con la  incorporaci\u00f3n de Sued en la boleta colorada.<\/p>\n<p>&#13;<\/p>\n<p align=\"justify\" class=\"text1noticias\">\u201cLa  presencia del compatriota Jos\u00e9 Enrique Sued en nuestra carta de presentaci\u00f3n  para los comicios generales del 16 de mayo pr\u00f3ximo, habr\u00e1 de incrementar las  potencialidades del PRSC en toda la vasta regi\u00f3n del Cibao\u201d, asegur\u00f3 el  ingeniero Ant\u00fan Batlle.<\/p>\n<p>&#13;<\/p>\n<p align=\"justify\" class=\"text1noticias\">Afirm\u00f3  el despacho de prensa del PRSC que durante la juramentaci\u00f3n Ant\u00fa Batlle expres\u00f3  que la combinaci\u00f3n Amable-Jos\u00e9 Enrique sentar\u00e1 las bases para el retorno del PRSC  al\u00a0 poder, \u201cy as\u00ed estableceremos las  condiciones para un real cambio pol\u00edtico y social en el pa\u00eds, llevando la  prosperidad\u00a0 y el bienestar a toda la  poblaci\u00f3n\u201d.<\/p>\n<p>&#13;<\/p>\n<p align=\"justify\" class=\"text1noticias\">Mientras  de su lado, Mu\u00f1oz Gil, explic\u00f3 seg\u00fan el documento, en su calidad de presidente  del Movimiento El Cibao Puede, destac\u00f3\u00a0  las virtudes que adornan el liderazgo\u00a0  del s\u00edndico reformista santiaguense y su exitosa carrera gerencial como  alcalde del primer\u00a0 municipio de la  regi\u00f3n.<\/p>\n<p>&#13;<\/p>\n<p align=\"justify\" class=\"text1noticias\">\u201cSe  trata del \u00fanico s\u00edndico que ha podido repetir en la historia electoral del  municipio de Santiago. Ha sido\u00a0 tres  veces escogido por su pueblo para administrar el Gobierno Municipal\u201d, expuso  Mu\u00f1oz Gil, seg\u00fan el documento del PRSC.<\/p>\n<p>&#13;<\/p>\n<p align=\"justify\" class=\"text1noticias\">Indic\u00f3  que con el binomio Amable-Jos\u00e9 le lleg\u00f3 su turno a la pobreza. \u201cPor ello, le \u00a0pedimos encarecidamente a nuestro amigo y  compatriota Jos\u00e9 Enrique Sued que acepte la vicepresidencia de Amable Aristy  Castro\u201d, subray\u00f3 Mu\u00f1oz Gil.<\/p>\n<p>&#13;<\/p>\n<p align=\"justify\" class=\"text1noticias\">Explic\u00f3  que el movimiento que preside\u00a0 nace con  la finalidad de unificar sentimientos\u00a0  dispersos, de personas con y sin  afiliaci\u00f3n partidista,\u00a0 \u201cque apoyan y  proclaman como una necesidad que Jos\u00e9 Enrique Sued asuma la candidatura  vicepresidencial del PRSC\u201d.<\/p>\n<p>&#13;<\/p>\n<h6> 2008-01-09 18:05:10 <\/h6>\n<p><!--\n<link rel=\"stylesheet\" href=\"css\/bootstrap.min.css\">\n\n\n<ul class=\"pagination\">\n\t    \n\t\n\n<li >\n\t<a href='?page_no=34438'>Previous<\/a>\n\t<\/li>\n\n\n       \n    \n\n<li><a href='?page_no=1'>1<\/a><\/li>\n\n\n\n<li><a href='?page_no=2'>2<\/a><\/li>\n\n\n\n<li><a>...<\/a><\/li>\n\n\n\n<li><a href='?page_no=34437'>34437<\/a><\/li>\n\n\n\n<li><a href='?page_no=34438'>34438<\/a><\/li>\n\n\n\n<li class='active'><a>34439<\/a><\/li>\n\n\n\n<li><a href='?page_no=34440'>34440<\/a><\/li>\n\n\n\n<li><a href='?page_no=34441'>34441<\/a><\/li>\n\n\n\n<li><a>...<\/a><\/li>\n\n\n\n<li><a href='?page_no=36999'>36999<\/a><\/li>\n\n\n\n<li><a href='?page_no=37000'>37000<\/a><\/li>\n\n    \n\t\n\n<li >\n\t<a href='?page_no=34440'>Next<\/a>\n\t<\/li>\n\n\n    \n\n<li><a href='?page_no=37000'>Last &rsaquo;&rsaquo;<\/a><\/li>\n\n<\/ul>\n\n\n--><br \/>\n<\/body><\/p>\n","protected":false},"excerpt":{"rendered":"<p>PRSC sostendr\u00e1 encuentro regional el pr\u00f3ximo domingo con simpatizantes extrapatidos en el Cibao &#13; SANTIAGO.- Cientos de dirigentes reformistas y simpatizantes\u00a0 extrapartidos del candidato presidencial del PRSC, Amable Aristy Castro, sostendr\u00e1n un encuentro regional el pr\u00f3ximo domingo para que sea masiva en el Cibao la propuesta de que el s\u00edndico santiaguense Jos\u00e9\u00a0Enrique Sued sea el [&hellip;]<\/p>\n","protected":false},"author":3,"featured_media":0,"comment_status":"open","ping_status":"open","sticky":false,"template":"","format":"standard","meta":{"footnotes":""},"categories":[22],"tags":[],"class_list":["post-191691","post","type-post","status-publish","format-standard","hentry","category-politica"],"_links":{"self":[{"href":"https:\/\/diariodominicano.com\/index.php?rest_route=\/wp\/v2\/posts\/191691","targetHints":{"allow":["GET"]}}],"collection":[{"href":"https:\/\/diariodominicano.com\/index.php?rest_route=\/wp\/v2\/posts"}],"about":[{"href":"https:\/\/diariodominicano.com\/index.php?rest_route=\/wp\/v2\/types\/post"}],"author":[{"embeddable":true,"href":"https:\/\/diariodominicano.com\/index.php?rest_route=\/wp\/v2\/users\/3"}],"replies":[{"embeddable":true,"href":"https:\/\/diariodominicano.com\/index.php?rest_route=%2Fwp%2Fv2%2Fcomments&post=191691"}],"version-history":[{"count":0,"href":"https:\/\/diariodominicano.com\/index.php?rest_route=\/wp\/v2\/posts\/191691\/revisions"}],"wp:attachment":[{"href":"https:\/\/diariodominicano.com\/index.php?rest_route=%2Fwp%2Fv2%2Fmedia&parent=191691"}],"wp:term":[{"taxonomy":"category","embeddable":true,"href":"https:\/\/diariodominicano.com\/index.php?rest_route=%2Fwp%2Fv2%2Fcategories&post=191691"},{"taxonomy":"post_tag","embeddable":true,"href":"https:\/\/diariodominicano.com\/index.php?rest_route=%2Fwp%2Fv2%2Ftags&post=191691"}],"curies":[{"name":"wp","href":"https:\/\/api.w.org\/{rel}","templated":true}]}}