{"id":191690,"date":"2008-01-09T18:52:41","date_gmt":"2008-01-09T18:52:41","guid":{"rendered":"http:\/\/diariodominicano.ddns.net\/?p=191690"},"modified":"2008-01-09T18:52:41","modified_gmt":"2008-01-09T18:52:41","slug":"prsc-anuncia-integracion-diputado-molina-a-la-bancada-reformista-en-la-camara-baja","status":"publish","type":"post","link":"https:\/\/diariodominicano.com\/?p=191690","title":{"rendered":"PRSC anuncia integraci\u00f3n diputado Molina a la bancada reformista en la C\u00e1mara Baja"},"content":{"rendered":"<p><body><\/p>\n<p align=\"justify\" class=\"titulogrande1\"><strong>PRSC anuncia integraci\u00f3n diputado Molina<\/strong> <strong>a la bancada reformista en la C\u00e1mara Baja<\/strong><\/p>\n<p>&#13;<\/p>\n<p align=\"justify\"><strong>ESPERAN OTROS DIPUTADOS ALIADOS  PRD Y PLD PASAN A RESPALDAR CANDIDATURA  DE AMABLE<\/strong><\/p>\n<p>&#13;<\/p>\n<p align=\"justify\" class=\"text1noticias\"><img loading=\"lazy\" decoding=\"async\" src=\"http:\/\/localhost:8080\/pictures\/diputados prsc.jpg\" width=\"269\" height=\"180\" hspace=\"4\" align=\"left\" \/>El vocero del bloque de diputados  del Partido Reformista Social Cristiano (PRSC), Ram\u00f3n Rogelio Genao, inform\u00f3  que el legislador por la provincia S\u00e1nchez Ram\u00edrez, Rafael Molina Lluberes, se  incorpor\u00f3 \u00a0a la matricula\u00a0 de este grupo parlamentario, despu\u00e9s de su  decisi\u00f3n de volver a las filas del reformismo para respaldar la candidatura  presidencial de Amable Aristy Castro.<\/p>\n<p>&#13;<\/p>\n<p align=\"justify\" class=\"text1noticias\">Genao anunci\u00f3, asimismo, que  en los pr\u00f3ximos d\u00edas se sumar\u00e1n otros legisladores provenientes de fuerzas pol\u00edticas  emergentes vinculadas a los partidos Revolucionario Dominicano (PRD) y al de la Liberaci\u00f3n Dominicana  (PLD).<\/p>\n<p>&#13;<\/p>\n<p align=\"justify\" class=\"text1noticias\">Dijo que esos legisladores  respaldar\u00e1n la candidatura presidencial de Aristy Castro, de quien dijo se  encuentra en una posici\u00f3n privilegiada frente al electorado nacional de cara a  los comicios que se avecinan.<\/p>\n<p>&#13;<\/p>\n<p align=\"justify\" class=\"text1noticias\">Hablando en conferencia de  prensa, los diputados reformistas dijeron que la incorporaci\u00f3n de Molina  Lluberes a la bancada color\u00e1 fortalece al grupo parlamentario en su rol  opositor en la C\u00e1mara   Baja.<\/p>\n<p>&#13;<\/p>\n<p align=\"justify\" class=\"text1noticias\">Sobre los legisladores de  partidos emergentes que se sumar\u00e1n al PRSC no quiso adelantar nada, limit\u00e1ndole  a decir que \u201clas conversaciones est\u00e1n muy adelantadas\u201d.<\/p>\n<p>&#13;<\/p>\n<p align=\"justify\" class=\"text1noticias\">Por otra parte, el diputado y  dirigente reformista dijo que esa entidad respalda la solicitud de indemnizaci\u00f3n  que hacen cientos de familias de afectadas por el \u201cdesag\u00fce irresponsable\u201d de las  presas Tavera y Valdesia.<\/p>\n<p>&#13;<\/p>\n<p align=\"justify\" class=\"text1noticias\">\u201cRespaldamos el pedimento de  indemnizaci\u00f3n de m\u00e1s doscientas familias de diferentes comunidades que fueron  afectadas por el mal manejo que les dieron funcionarios del gobierno a las referidas  empresas durante las tormentas Noel y Olga\u201d, agreg\u00f3.<\/p>\n<p>&#13;<\/p>\n<p align=\"justify\" class=\"text1noticias\">Entiende que el Estado est\u00e1  en la obligaci\u00f3n de resarcir los da\u00f1os producidos por el \u201cmanejo negligente\u201d de  los embalses en violaci\u00f3n a los manuales de operaci\u00f3n de las mismas.<\/p>\n<p>&#13;<\/p>\n<p align=\"justify\" class=\"text1noticias\">Genao dijo que igualmente  respaldan la iniciativa de un grupo de\u00a0  afectados y damnificados deudos de las v\u00edctimas y asociaciones de agricultores  de Santiago y el Bajo Yaque del Norte de constituirse en parte civil para  someter a la justicia a los miembros del comit\u00e9 de esos embalses por los da\u00f1os  causados por el desag\u00fc\u00e9 de las presas.<\/p>\n<p>&#13;<\/p>\n<p align=\"justify\" class=\"text1noticias\">\u201cEl crimen cometido contra Santiago y la L\u00ednea Noroeste no  puede quedar impune\u201d, agreg\u00f3.<\/p>\n<p>&#13;<\/p>\n<p align=\"justify\" class=\"text1noticias\">Sigui\u00f3 diciendo que hubo m\u00e1s  de cien muertos, dos mil familias damnificadas y trescientas mil tareas de  cultivos destruidos, generando p\u00e9rdidas por cuatro mil quinientos mil millones  de pesos.<\/p>\n<p>&#13;<\/p>\n<h6> 2008-01-09 18:52:41 <\/h6>\n<p><!--\n<link rel=\"stylesheet\" href=\"css\/bootstrap.min.css\">\n\n\n<ul class=\"pagination\">\n\t    \n\t\n\n<li >\n\t<a href='?page_no=34437'>Previous<\/a>\n\t<\/li>\n\n\n       \n    \n\n<li><a href='?page_no=1'>1<\/a><\/li>\n\n\n\n<li><a href='?page_no=2'>2<\/a><\/li>\n\n\n\n<li><a>...<\/a><\/li>\n\n\n\n<li><a href='?page_no=34436'>34436<\/a><\/li>\n\n\n\n<li><a href='?page_no=34437'>34437<\/a><\/li>\n\n\n\n<li class='active'><a>34438<\/a><\/li>\n\n\n\n<li><a href='?page_no=34439'>34439<\/a><\/li>\n\n\n\n<li><a href='?page_no=34440'>34440<\/a><\/li>\n\n\n\n<li><a>...<\/a><\/li>\n\n\n\n<li><a href='?page_no=36999'>36999<\/a><\/li>\n\n\n\n<li><a href='?page_no=37000'>37000<\/a><\/li>\n\n    \n\t\n\n<li >\n\t<a href='?page_no=34439'>Next<\/a>\n\t<\/li>\n\n\n    \n\n<li><a href='?page_no=37000'>Last &rsaquo;&rsaquo;<\/a><\/li>\n\n<\/ul>\n\n\n--><br \/>\n<\/body><\/p>\n","protected":false},"excerpt":{"rendered":"<p>PRSC anuncia integraci\u00f3n diputado Molina a la bancada reformista en la C\u00e1mara Baja &#13; ESPERAN OTROS DIPUTADOS ALIADOS PRD Y PLD PASAN A RESPALDAR CANDIDATURA DE AMABLE &#13; El vocero del bloque de diputados del Partido Reformista Social Cristiano (PRSC), Ram\u00f3n Rogelio Genao, inform\u00f3 que el legislador por la provincia S\u00e1nchez Ram\u00edrez, Rafael Molina Lluberes, [&hellip;]<\/p>\n","protected":false},"author":3,"featured_media":0,"comment_status":"open","ping_status":"open","sticky":false,"template":"","format":"standard","meta":{"footnotes":""},"categories":[22],"tags":[],"class_list":["post-191690","post","type-post","status-publish","format-standard","hentry","category-politica"],"_links":{"self":[{"href":"https:\/\/diariodominicano.com\/index.php?rest_route=\/wp\/v2\/posts\/191690","targetHints":{"allow":["GET"]}}],"collection":[{"href":"https:\/\/diariodominicano.com\/index.php?rest_route=\/wp\/v2\/posts"}],"about":[{"href":"https:\/\/diariodominicano.com\/index.php?rest_route=\/wp\/v2\/types\/post"}],"author":[{"embeddable":true,"href":"https:\/\/diariodominicano.com\/index.php?rest_route=\/wp\/v2\/users\/3"}],"replies":[{"embeddable":true,"href":"https:\/\/diariodominicano.com\/index.php?rest_route=%2Fwp%2Fv2%2Fcomments&post=191690"}],"version-history":[{"count":0,"href":"https:\/\/diariodominicano.com\/index.php?rest_route=\/wp\/v2\/posts\/191690\/revisions"}],"wp:attachment":[{"href":"https:\/\/diariodominicano.com\/index.php?rest_route=%2Fwp%2Fv2%2Fmedia&parent=191690"}],"wp:term":[{"taxonomy":"category","embeddable":true,"href":"https:\/\/diariodominicano.com\/index.php?rest_route=%2Fwp%2Fv2%2Fcategories&post=191690"},{"taxonomy":"post_tag","embeddable":true,"href":"https:\/\/diariodominicano.com\/index.php?rest_route=%2Fwp%2Fv2%2Ftags&post=191690"}],"curies":[{"name":"wp","href":"https:\/\/api.w.org\/{rel}","templated":true}]}}