{"id":191689,"date":"2008-01-09T21:23:21","date_gmt":"2008-01-09T21:23:21","guid":{"rendered":"http:\/\/diariodominicano.ddns.net\/?p=191689"},"modified":"2008-01-09T21:23:21","modified_gmt":"2008-01-09T21:23:21","slug":"guillermo-moreno-acepta-candidatura-presidencial-del-miuca","status":"publish","type":"post","link":"https:\/\/diariodominicano.com\/?p=191689","title":{"rendered":"Guillermo Moreno acepta candidatura presidencial del MIUCA"},"content":{"rendered":"<p><body><\/p>\n<p class=\"titulogrande1\">Guillermo Moreno acepta candidatura  presidencial del MIUCA<\/p>\n<p>&#13;<\/p>\n<p><strong>Dice que corresponde a Aura Celeste  tomar su decisi\u00f3n<\/strong><\/p>\n<p>&#13;<\/p>\n<p align=\"justify\" class=\"text1noticias\"><img loading=\"lazy\" decoding=\"async\" src=\"http:\/\/localhost:8080\/pictures\/guillermo moreno.jpg\" width=\"269\" height=\"189\" hspace=\"4\" align=\"left\" \/>Bajo la proclama \u201c\u00a1EL CAMBIO ES AHORA!\u201d,  el ex fiscal del Distrito Nacional, Guillermo Moreno, acept\u00f3 la candidatura presidencial del Movimiento Independencia Unidad y Cambio (MIUCA),  con la esperanza de liderar una coalici\u00f3n de partidos de izquierda que  lo lleve al poder.<br \/>&#13;<br \/>\n  <br \/>&#13;<br \/>\n  Guillermo Moreno se present\u00f3 como una  propuesta electoral diferente a los partidos tradicionales y adelant\u00f3 es \u201cla  voz que convoca un nuevo liderazgo pol\u00edtico-social diferente con vocaci\u00f3n  democr\u00e1tica y autoridad moral\u201d.<br \/>&#13;<br \/>\n  <br \/>&#13;<br \/>\n  El nuevo candidato presidencial acept\u00f3  la nominaci\u00f3n en un acto en su oficina de abogado, donde la direcci\u00f3n  del MIUCA le entreg\u00f3 la propuesta que en ese sentido aprob\u00f3 el XIII Pleno de  dirigentes de esa organizaci\u00f3n, celebrado el pasado 5 de enero.<br \/>&#13;<br \/>\n  <br \/>&#13;<br \/>\n  Sin ofrecer mayores detalles, Moreno  afirm\u00f3 de ser\u00e1 una decisi\u00f3n \u201csoberana, independiente\u201d de su esposa, Aura  Celeste Fern\u00e1ndez, juez titular de la C\u00e1mara Contenciosa de la Junta Central  Electoral (JCE), decidir si permanece o renuncia de la posici\u00f3n. Aclar\u00f3 que  Aura Celeste es una ciudadana que tiene autonom\u00eda y responsabilidad en lo  que hace y que no le corresponde a \u00e9l hablar sobre sus convicciones y \u00e9tica  profesional.<br \/>&#13;<br \/>\n<br \/>&#13;<br \/>\nInsisti\u00f3 que de modo reiterado ha  planteado el fracaso de los partidos tradicionales y la necesidad de una  propuesta electoral diferente, por lo que, en estas circunstancias la decisi\u00f3n  del\u00a0 MIUCA se traduce en una v\u00eda concreta de avanzar hacia esos  objetivos, raz\u00f3n por la cual acepta encabezar la candidatura presidencial.<br \/>&#13;<br \/>\n  <br \/>&#13;<br \/>\n\u201cEstoy asumiendo con esta candidatura,\u00a0 el compromiso de tocar las puertas de\u00a0  los sectores sociales, pol\u00edticos y ciudadanos que se identifican  con\u00a0 un cambio de rumbo\u00a0 en la Rep\u00fablica Dominicana\u201d,  dijo.<br \/>&#13;<br \/>\n<br \/>&#13;<br \/>\nAclar\u00f3 el jurista que\u00a0 est\u00e1 aceptando encabezar un esfuerzo para  articular una propuesta electoral diferente,  progresista, popular, patri\u00f3tica y plural, de cara al pr\u00f3ximo proceso  electoral.<br \/>&#13;<br \/>\n<br \/>&#13;<br \/>\n\u201cEsta candidatura s\u00f3lo tiene sentido si  el conjunto de ciudadanos y sectores que todos los d\u00edas expresan su  descontento por el actual estado de cosas, dan un paso al frente y asumen un  compromiso y convocan a sus vecinos, a sus amigos, a sus familiares y los persuade  de que lleg\u00f3 la hora de actuar\u201d, puntualiz\u00f3.<br \/>&#13;<br \/>\n  <br \/>&#13;<br \/>\n  Pidi\u00f3 a la sociedad intelectual,  profesional, productores, empresarios, trabajadores, mujeres, j\u00f3venes,  campesinos, comerciantes su apoyo, y no dejarse golpear \u201cpor estos malos  gobiernos\u201d.<br \/>&#13;<br \/>\n  <br \/>&#13;<br \/>\n  Explic\u00f3 que su candidatura busca  producir una gran alianza con el pa\u00eds, en busca de construir una nueva mayor\u00eda  pol\u00edtica.<\/p>\n<p>&#13;<\/p>\n<p align=\"justify\" class=\"text1noticias\">Moreno no quiso hablar sobre el caso de  su esposa. Ley Electoral establece en su art\u00edculo 20, que no pueden ser  miembros ni secretario de una misma junta electoral personas que tengan  v\u00ednculos de parentesco o afinidad hasta el segundo grado inclusive, ya sea entre  si o con candidatos o con miembros de \u00f3rganos directivos o con delegados de  partidos pol\u00edticos que act\u00faen en la jurisdicci\u00f3n del cuerpo electoral a que  pertenezca.<\/p>\n<p>&#13;<\/p>\n<h6> 2008-01-09 21:23:21 <\/h6>\n<p><!--\n<link rel=\"stylesheet\" href=\"css\/bootstrap.min.css\">\n\n\n<ul class=\"pagination\">\n\t    \n\t\n\n<li >\n\t<a href='?page_no=34436'>Previous<\/a>\n\t<\/li>\n\n\n       \n    \n\n<li><a href='?page_no=1'>1<\/a><\/li>\n\n\n\n<li><a href='?page_no=2'>2<\/a><\/li>\n\n\n\n<li><a>...<\/a><\/li>\n\n\n\n<li><a href='?page_no=34435'>34435<\/a><\/li>\n\n\n\n<li><a href='?page_no=34436'>34436<\/a><\/li>\n\n\n\n<li class='active'><a>34437<\/a><\/li>\n\n\n\n<li><a href='?page_no=34438'>34438<\/a><\/li>\n\n\n\n<li><a href='?page_no=34439'>34439<\/a><\/li>\n\n\n\n<li><a>...<\/a><\/li>\n\n\n\n<li><a href='?page_no=36999'>36999<\/a><\/li>\n\n\n\n<li><a href='?page_no=37000'>37000<\/a><\/li>\n\n    \n\t\n\n<li >\n\t<a href='?page_no=34438'>Next<\/a>\n\t<\/li>\n\n\n    \n\n<li><a href='?page_no=37000'>Last &rsaquo;&rsaquo;<\/a><\/li>\n\n<\/ul>\n\n\n--><br \/>\n<\/body><\/p>\n","protected":false},"excerpt":{"rendered":"<p>Guillermo Moreno acepta candidatura presidencial del MIUCA &#13; Dice que corresponde a Aura Celeste tomar su decisi\u00f3n &#13; Bajo la proclama \u201c\u00a1EL CAMBIO ES AHORA!\u201d, el ex fiscal del Distrito Nacional, Guillermo Moreno, acept\u00f3 la candidatura presidencial del Movimiento Independencia Unidad y Cambio (MIUCA), con la esperanza de liderar una coalici\u00f3n de partidos de izquierda [&hellip;]<\/p>\n","protected":false},"author":3,"featured_media":0,"comment_status":"open","ping_status":"open","sticky":false,"template":"","format":"standard","meta":{"footnotes":""},"categories":[22],"tags":[],"class_list":["post-191689","post","type-post","status-publish","format-standard","hentry","category-politica"],"_links":{"self":[{"href":"https:\/\/diariodominicano.com\/index.php?rest_route=\/wp\/v2\/posts\/191689","targetHints":{"allow":["GET"]}}],"collection":[{"href":"https:\/\/diariodominicano.com\/index.php?rest_route=\/wp\/v2\/posts"}],"about":[{"href":"https:\/\/diariodominicano.com\/index.php?rest_route=\/wp\/v2\/types\/post"}],"author":[{"embeddable":true,"href":"https:\/\/diariodominicano.com\/index.php?rest_route=\/wp\/v2\/users\/3"}],"replies":[{"embeddable":true,"href":"https:\/\/diariodominicano.com\/index.php?rest_route=%2Fwp%2Fv2%2Fcomments&post=191689"}],"version-history":[{"count":0,"href":"https:\/\/diariodominicano.com\/index.php?rest_route=\/wp\/v2\/posts\/191689\/revisions"}],"wp:attachment":[{"href":"https:\/\/diariodominicano.com\/index.php?rest_route=%2Fwp%2Fv2%2Fmedia&parent=191689"}],"wp:term":[{"taxonomy":"category","embeddable":true,"href":"https:\/\/diariodominicano.com\/index.php?rest_route=%2Fwp%2Fv2%2Fcategories&post=191689"},{"taxonomy":"post_tag","embeddable":true,"href":"https:\/\/diariodominicano.com\/index.php?rest_route=%2Fwp%2Fv2%2Ftags&post=191689"}],"curies":[{"name":"wp","href":"https:\/\/api.w.org\/{rel}","templated":true}]}}