{"id":191688,"date":"2008-01-09T22:37:06","date_gmt":"2008-01-09T22:37:06","guid":{"rendered":"http:\/\/diariodominicano.ddns.net\/?p=191688"},"modified":"2008-01-09T22:37:06","modified_gmt":"2008-01-09T22:37:06","slug":"muere-regidor-del-ptd-en-jaquimeyes-barahona","status":"publish","type":"post","link":"https:\/\/diariodominicano.com\/?p=191688","title":{"rendered":"Muere regidor del PTD, en Jaquimeyes, Barahona"},"content":{"rendered":"<p><body><\/p>\n<p align=\"justify\"><strong class=\"titulogrande1\">Muere regidor del PTD, en Jaquimeyes, Barahona<\/strong><br \/>&#13;<br \/>\n  <br \/>&#13;<br \/>\n    <span class=\"text1noticias\"><strong><img loading=\"lazy\" decoding=\"async\" src=\"http:\/\/localhost:8080\/pictures\/ptd.jpg\" width=\"269\" height=\"227\" hspace=\"4\" align=\"left\" \/>BARAHONA.-<\/strong> Muri\u00f3 cuando era trasladado a un  centro de salud de Santo Domingo, tras sufrir un pre-infarto, un regidor del  Partido de los Trabajadores Dominicanos (PTD), en el ayuntamiento de  Jaquimeyes.<br \/>&#13;<br \/>\n    <br \/>&#13;<br \/>\n    Ohelmis Dar\u00edo S\u00e1nchez, dirigente del PTD dijo que Nelson Reyes Castillo (Zap\u00e9),  recibi\u00f3 los primeros auxilios en un centro de salud de esta ciudad, desde donde  fue referido a la capital.<br \/>&#13;<br \/>\n    <br \/>&#13;<br \/>\n\u00abEl ten\u00eda problemas del coraz\u00f3n, inclusive desde hace un tiempo utilizaba  un marcapasos, pero al parecer tuvo complicaciones la noche de este martes, por  lo que fue llevado a un centro asistencial de Barahona y referido a Santo  Domingo\u00bb, expuso.<br \/>&#13;<br \/>\n  <br \/>&#13;<br \/>\n  S\u00e1nchez expres\u00f3 que el fallecido ten\u00eda unos diez a\u00f1os militando en el PTD, y  fue candidato a regidor en las pasadas elecciones congresuales y municipales,  fruto de la conformaci\u00f3n del Bloque Progresista encabezado por el Partido de la Liberaci\u00f3n Dominicana  (PLD), donde result\u00f3 electo.<br \/>&#13;<br \/>\n  <br \/>&#13;<br \/>\n  Dijo que una comisi\u00f3n del PTD, encabezada por su presidente, Jos\u00e9 Gonz\u00e1lez  Espinosa participaran en los actos f\u00fanebres que se realizar\u00e1n en Jaquimeyes.<br \/>&#13;<br \/>\n  <br \/>&#13;<br \/>\nLas elecciones municipales celebradas en Jaquimeyes fueron las primeras, tras  la elevaci\u00f3n a municipio de esa comunidad, donde el PLD result\u00f3 ganador de los  comicios.<\/span><\/p>\n<p>&#13;<\/p>\n<h6> 2008-01-09 22:37:06 <\/h6>\n<p><!--\n<link rel=\"stylesheet\" href=\"css\/bootstrap.min.css\">\n\n\n<ul class=\"pagination\">\n\t    \n\t\n\n<li >\n\t<a href='?page_no=34435'>Previous<\/a>\n\t<\/li>\n\n\n       \n    \n\n<li><a href='?page_no=1'>1<\/a><\/li>\n\n\n\n<li><a href='?page_no=2'>2<\/a><\/li>\n\n\n\n<li><a>...<\/a><\/li>\n\n\n\n<li><a href='?page_no=34434'>34434<\/a><\/li>\n\n\n\n<li><a href='?page_no=34435'>34435<\/a><\/li>\n\n\n\n<li class='active'><a>34436<\/a><\/li>\n\n\n\n<li><a href='?page_no=34437'>34437<\/a><\/li>\n\n\n\n<li><a href='?page_no=34438'>34438<\/a><\/li>\n\n\n\n<li><a>...<\/a><\/li>\n\n\n\n<li><a href='?page_no=36999'>36999<\/a><\/li>\n\n\n\n<li><a href='?page_no=37000'>37000<\/a><\/li>\n\n    \n\t\n\n<li >\n\t<a href='?page_no=34437'>Next<\/a>\n\t<\/li>\n\n\n    \n\n<li><a href='?page_no=37000'>Last &rsaquo;&rsaquo;<\/a><\/li>\n\n<\/ul>\n\n\n--><br \/>\n<\/body><\/p>\n","protected":false},"excerpt":{"rendered":"<p>Muere regidor del PTD, en Jaquimeyes, Barahona&#13; &#13; BARAHONA.- Muri\u00f3 cuando era trasladado a un centro de salud de Santo Domingo, tras sufrir un pre-infarto, un regidor del Partido de los Trabajadores Dominicanos (PTD), en el ayuntamiento de Jaquimeyes.&#13; &#13; Ohelmis Dar\u00edo S\u00e1nchez, dirigente del PTD dijo que Nelson Reyes Castillo (Zap\u00e9), recibi\u00f3 los primeros [&hellip;]<\/p>\n","protected":false},"author":3,"featured_media":0,"comment_status":"open","ping_status":"open","sticky":false,"template":"","format":"standard","meta":{"footnotes":""},"categories":[22],"tags":[],"class_list":["post-191688","post","type-post","status-publish","format-standard","hentry","category-politica"],"_links":{"self":[{"href":"https:\/\/diariodominicano.com\/index.php?rest_route=\/wp\/v2\/posts\/191688","targetHints":{"allow":["GET"]}}],"collection":[{"href":"https:\/\/diariodominicano.com\/index.php?rest_route=\/wp\/v2\/posts"}],"about":[{"href":"https:\/\/diariodominicano.com\/index.php?rest_route=\/wp\/v2\/types\/post"}],"author":[{"embeddable":true,"href":"https:\/\/diariodominicano.com\/index.php?rest_route=\/wp\/v2\/users\/3"}],"replies":[{"embeddable":true,"href":"https:\/\/diariodominicano.com\/index.php?rest_route=%2Fwp%2Fv2%2Fcomments&post=191688"}],"version-history":[{"count":0,"href":"https:\/\/diariodominicano.com\/index.php?rest_route=\/wp\/v2\/posts\/191688\/revisions"}],"wp:attachment":[{"href":"https:\/\/diariodominicano.com\/index.php?rest_route=%2Fwp%2Fv2%2Fmedia&parent=191688"}],"wp:term":[{"taxonomy":"category","embeddable":true,"href":"https:\/\/diariodominicano.com\/index.php?rest_route=%2Fwp%2Fv2%2Fcategories&post=191688"},{"taxonomy":"post_tag","embeddable":true,"href":"https:\/\/diariodominicano.com\/index.php?rest_route=%2Fwp%2Fv2%2Ftags&post=191688"}],"curies":[{"name":"wp","href":"https:\/\/api.w.org\/{rel}","templated":true}]}}