{"id":191687,"date":"2008-01-09T23:40:31","date_gmt":"2008-01-09T23:40:31","guid":{"rendered":"http:\/\/diariodominicano.ddns.net\/?p=191687"},"modified":"2008-01-09T23:40:31","modified_gmt":"2008-01-09T23:40:31","slug":"candelier-aumento-salarial-de-los-trabajadores-contra-salarios-astronomicos-de-la-burocracia","status":"publish","type":"post","link":"https:\/\/diariodominicano.com\/?p=191687","title":{"rendered":"Candelier: Aumento salarial de los trabajadores contra salarios astron\u00f3micos de la burocracia"},"content":{"rendered":"<p><body><\/p>\n<p align=\"justify\" class=\"titulogrande1\"><strong>Candelier:  Aumento salarial de los trabajadores contra salarios astron\u00f3micos de la  burocracia<\/strong> <\/p>\n<p>&#13;<\/p>\n<p align=\"justify\" class=\"text1noticias\"><strong><img loading=\"lazy\" decoding=\"async\" src=\"http:\/\/localhost:8080\/pictures\/Candelier.jpg\" width=\"212\" height=\"212\" hspace=\"4\" align=\"left\" \/>Santo Domingo.-<\/strong> Pedro de Jes\u00fas Candelier  dijo que \u00a0ve propicio el momento para que  los sectores laborales y sindicales reclamen aumentos salariales e inicien  jornadas de lucha por sus reivindicaciones. <\/p>\n<p>&#13;<\/p>\n<p align=\"justify\" class=\"text1noticias\">Expres\u00f3 que \u201csaludamos las voces  sindicales que reclaman la necesidad de un incremento salarial de los  trabajadores y trabajadoras, ante un gobierno que exhibe en sus nominas sueldo  astron\u00f3micos, mientras que los sectores de los trabajadores ven esfumar sus  miserables salarios ante el aumento de precios de los art\u00edculos de primera  necesidad\u201d. <\/p>\n<p>&#13;<\/p>\n<p align=\"justify\" class=\"text1noticias\">\u201cEste gobierno en sus dos administraciones  mas el presupuesto del a\u00f1o 2008 se convierte en el \u00fanico presidente en haber  manejado un mill\u00f3n de millones de pesos v\u00eda presupuestaria que solo han servido  para crear y mantener a una deficiente casta burocr\u00e1tica que se asigna sueldos astron\u00f3micos\u201d conden\u00f3 el exgeneral. <\/p>\n<p>&#13;<\/p>\n<p align=\"justify\" class=\"text1noticias\">\u201cEl pueblo trabajador esta representado en  las victimas de las tormentas Noel, Olga, las vicisitudes y calamidades que  tiene que vivir el pueblo trabajador, contrastan con la clase pol\u00edtica que  dirige el actual gobierno\u201d se lament\u00f3. \u00a0<\/p>\n<p>&#13;<\/p>\n<p align=\"justify\" class=\"text1noticias\">\u201cAlianza Popular apoya cualquiera  iniciativa de los trabajadores y de todos los sectores populares en su \u00a0lucha \u00a0contra \u00a0un presupuesto fondo monetarista, que se  limito privilegiar el pago de las deudas \u00a0con los bancos internacionales y no  contemplo ninguna aumento salarial\u201d sentencio el presidente del PAP. <\/p>\n<p>&#13;<\/p>\n<h6> 2008-01-09 23:40:31 <\/h6>\n<p><!--\n<link rel=\"stylesheet\" href=\"css\/bootstrap.min.css\">\n\n\n<ul class=\"pagination\">\n\t    \n\t\n\n<li >\n\t<a href='?page_no=34434'>Previous<\/a>\n\t<\/li>\n\n\n       \n    \n\n<li><a href='?page_no=1'>1<\/a><\/li>\n\n\n\n<li><a href='?page_no=2'>2<\/a><\/li>\n\n\n\n<li><a>...<\/a><\/li>\n\n\n\n<li><a href='?page_no=34433'>34433<\/a><\/li>\n\n\n\n<li><a href='?page_no=34434'>34434<\/a><\/li>\n\n\n\n<li class='active'><a>34435<\/a><\/li>\n\n\n\n<li><a href='?page_no=34436'>34436<\/a><\/li>\n\n\n\n<li><a href='?page_no=34437'>34437<\/a><\/li>\n\n\n\n<li><a>...<\/a><\/li>\n\n\n\n<li><a href='?page_no=36999'>36999<\/a><\/li>\n\n\n\n<li><a href='?page_no=37000'>37000<\/a><\/li>\n\n    \n\t\n\n<li >\n\t<a href='?page_no=34436'>Next<\/a>\n\t<\/li>\n\n\n    \n\n<li><a href='?page_no=37000'>Last &rsaquo;&rsaquo;<\/a><\/li>\n\n<\/ul>\n\n\n--><br \/>\n<\/body><\/p>\n","protected":false},"excerpt":{"rendered":"<p>Candelier: Aumento salarial de los trabajadores contra salarios astron\u00f3micos de la burocracia &#13; Santo Domingo.- Pedro de Jes\u00fas Candelier dijo que \u00a0ve propicio el momento para que los sectores laborales y sindicales reclamen aumentos salariales e inicien jornadas de lucha por sus reivindicaciones. &#13; Expres\u00f3 que \u201csaludamos las voces sindicales que reclaman la necesidad de [&hellip;]<\/p>\n","protected":false},"author":3,"featured_media":0,"comment_status":"open","ping_status":"open","sticky":false,"template":"","format":"standard","meta":{"footnotes":""},"categories":[22],"tags":[],"class_list":["post-191687","post","type-post","status-publish","format-standard","hentry","category-politica"],"_links":{"self":[{"href":"https:\/\/diariodominicano.com\/index.php?rest_route=\/wp\/v2\/posts\/191687","targetHints":{"allow":["GET"]}}],"collection":[{"href":"https:\/\/diariodominicano.com\/index.php?rest_route=\/wp\/v2\/posts"}],"about":[{"href":"https:\/\/diariodominicano.com\/index.php?rest_route=\/wp\/v2\/types\/post"}],"author":[{"embeddable":true,"href":"https:\/\/diariodominicano.com\/index.php?rest_route=\/wp\/v2\/users\/3"}],"replies":[{"embeddable":true,"href":"https:\/\/diariodominicano.com\/index.php?rest_route=%2Fwp%2Fv2%2Fcomments&post=191687"}],"version-history":[{"count":0,"href":"https:\/\/diariodominicano.com\/index.php?rest_route=\/wp\/v2\/posts\/191687\/revisions"}],"wp:attachment":[{"href":"https:\/\/diariodominicano.com\/index.php?rest_route=%2Fwp%2Fv2%2Fmedia&parent=191687"}],"wp:term":[{"taxonomy":"category","embeddable":true,"href":"https:\/\/diariodominicano.com\/index.php?rest_route=%2Fwp%2Fv2%2Fcategories&post=191687"},{"taxonomy":"post_tag","embeddable":true,"href":"https:\/\/diariodominicano.com\/index.php?rest_route=%2Fwp%2Fv2%2Ftags&post=191687"}],"curies":[{"name":"wp","href":"https:\/\/api.w.org\/{rel}","templated":true}]}}