{"id":191686,"date":"2008-01-10T00:30:04","date_gmt":"2008-01-10T00:30:04","guid":{"rendered":"http:\/\/diariodominicano.ddns.net\/?p=191686"},"modified":"2008-01-10T00:30:04","modified_gmt":"2008-01-10T00:30:04","slug":"prd-realizara-bandereos-el-domingo-a-nivel-nacional","status":"publish","type":"post","link":"https:\/\/diariodominicano.com\/?p=191686","title":{"rendered":"PRD realizar\u00e1 bandereos el domingo a nivel nacional"},"content":{"rendered":"<p><body><\/p>\n<p class=\"titulogrande1\"><strong>PRD realizar\u00e1 bandereos el domingo a nivel  nacional<\/strong><\/p>\n<p>&#13;<\/p>\n<p align=\"justify\" class=\"text1noticias\"><strong><img loading=\"lazy\" decoding=\"async\" src=\"http:\/\/localhost:8080\/pictures\/fello subervi.jpg\" width=\"269\" height=\"374\" hspace=\"4\" align=\"left\" \/>SANTO DOMINGO.-<\/strong> El Partido Revolucionario Dominicano (PRD) anunci\u00f3  para este domingo bandereos a nivel nacional y un cara a cara en \u00a0barrios de la provincia Santo Domingo que  tendr\u00e1 como actividad central una\u00a0 gran caravana que\u00a0 se iniciar\u00e1 a  las diez de la ma\u00f1ana. <br \/>&#13;<br \/>\n  <br \/>&#13;<br \/>\n  La informaci\u00f3n la ofreci\u00f3 Rafael Suberv\u00ed  Bonilla en una rueda de prensa que encabez\u00f3 junto a la secretaria de Asuntos  Internacionales, Peggy Cabral de Pe\u00f1a. Explic\u00f3 que ellos estar\u00e1n al frente del  recorrido y a la una de la tarde el candidato presidencial del PRD, Miguel  Vargas Maldonado, se incorporar\u00e1 al mismo.<br \/>&#13;<br \/>\n  <br \/>&#13;<br \/>\n  \u201cArrancaremos en las distintas zonas del pa\u00eds  con promociones a trav\u00e9s de afiches, disco Light y con la presencia del  liderazgo de las provincias. El domingo empezaremos con bandereos en una  caravana que iniciar\u00e1 en San Luis, municipio Santo Domingo Este, a las 10:00 de  la ma\u00f1ana, pero las dem\u00e1s empezar\u00e1n a la 1:00 de la tarde\u201d, indic\u00f3 Suberv\u00ed  Bonilla.<br \/>&#13;<br \/>\n<br \/>&#13;<br \/>\n Manifest\u00f3 que la marcha en Santo Domingo  recorrer\u00e1 las zonas de San Isidro, Guerra, Boca Chica, La Caleta, Valiente, Los  Frailes y que, posteriormente, Vargas Maldonado se les unir\u00e1 en la intercepci\u00f3n  de la avenida Sabana Larga con Las Am\u00e9ricas.<br \/>&#13;<br \/>\n<br \/>&#13;<br \/>\n\u201cAh\u00ed nos uniremos con el candidato y continuaremos  en toda esa regi\u00f3n Este, y luego nos trasladaremos a Villa Mella, Los  Alcarrizos y Herrera\u201d, destac\u00f3.<br \/>&#13;<br \/>\n<br \/>&#13;<br \/>\nPor otro parte, Suberv\u00ed, al referirse a las  declaraciones de altos dirigentes del Partido de la Liberaci\u00f3n Dominicana  en el sentido de que el presidente Leonel Fern\u00e1ndez se rebajar\u00eda si acepta ir a  un debate con los candidatos de la oposici\u00f3n, dijo que el mandatario ya se  rebaj\u00f3 al iniciar una campa\u00f1a con reacciones que llegan a lo personal.<br \/>&#13;<br \/>\n<br \/>&#13;<br \/>\nIndic\u00f3 que \u201del que empez\u00f3 rebaj\u00e1ndose, fue el  presidente, a mi me extra\u00f1o su estilo, porque cambi\u00f3 de zurdo para derecho al  hacer una declaraci\u00f3n personal y no de discusi\u00f3n pol\u00edtica sobre los problemas  nacionales\u201d.<br \/>&#13;<br \/>\n<br \/>&#13;<br \/>\n  Sostuvo que el candidato de su partido ha  mantenido una altura, sin acusaciones personales y que ha planteado soluciones.<\/p>\n<p>&#13;<\/p>\n<h6> 2008-01-10 00:30:04 <\/h6>\n<p><!--\n<link rel=\"stylesheet\" href=\"css\/bootstrap.min.css\">\n\n\n<ul class=\"pagination\">\n\t    \n\t\n\n<li >\n\t<a href='?page_no=34433'>Previous<\/a>\n\t<\/li>\n\n\n       \n    \n\n<li><a href='?page_no=1'>1<\/a><\/li>\n\n\n\n<li><a href='?page_no=2'>2<\/a><\/li>\n\n\n\n<li><a>...<\/a><\/li>\n\n\n\n<li><a href='?page_no=34432'>34432<\/a><\/li>\n\n\n\n<li><a href='?page_no=34433'>34433<\/a><\/li>\n\n\n\n<li class='active'><a>34434<\/a><\/li>\n\n\n\n<li><a href='?page_no=34435'>34435<\/a><\/li>\n\n\n\n<li><a href='?page_no=34436'>34436<\/a><\/li>\n\n\n\n<li><a>...<\/a><\/li>\n\n\n\n<li><a href='?page_no=36999'>36999<\/a><\/li>\n\n\n\n<li><a href='?page_no=37000'>37000<\/a><\/li>\n\n    \n\t\n\n<li >\n\t<a href='?page_no=34435'>Next<\/a>\n\t<\/li>\n\n\n    \n\n<li><a href='?page_no=37000'>Last &rsaquo;&rsaquo;<\/a><\/li>\n\n<\/ul>\n\n\n--><br \/>\n<\/body><\/p>\n","protected":false},"excerpt":{"rendered":"<p>PRD realizar\u00e1 bandereos el domingo a nivel nacional &#13; SANTO DOMINGO.- El Partido Revolucionario Dominicano (PRD) anunci\u00f3 para este domingo bandereos a nivel nacional y un cara a cara en \u00a0barrios de la provincia Santo Domingo que tendr\u00e1 como actividad central una\u00a0 gran caravana que\u00a0 se iniciar\u00e1 a las diez de la ma\u00f1ana. &#13; &#13; [&hellip;]<\/p>\n","protected":false},"author":3,"featured_media":0,"comment_status":"open","ping_status":"open","sticky":false,"template":"","format":"standard","meta":{"footnotes":""},"categories":[22],"tags":[],"class_list":["post-191686","post","type-post","status-publish","format-standard","hentry","category-politica"],"_links":{"self":[{"href":"https:\/\/diariodominicano.com\/index.php?rest_route=\/wp\/v2\/posts\/191686","targetHints":{"allow":["GET"]}}],"collection":[{"href":"https:\/\/diariodominicano.com\/index.php?rest_route=\/wp\/v2\/posts"}],"about":[{"href":"https:\/\/diariodominicano.com\/index.php?rest_route=\/wp\/v2\/types\/post"}],"author":[{"embeddable":true,"href":"https:\/\/diariodominicano.com\/index.php?rest_route=\/wp\/v2\/users\/3"}],"replies":[{"embeddable":true,"href":"https:\/\/diariodominicano.com\/index.php?rest_route=%2Fwp%2Fv2%2Fcomments&post=191686"}],"version-history":[{"count":0,"href":"https:\/\/diariodominicano.com\/index.php?rest_route=\/wp\/v2\/posts\/191686\/revisions"}],"wp:attachment":[{"href":"https:\/\/diariodominicano.com\/index.php?rest_route=%2Fwp%2Fv2%2Fmedia&parent=191686"}],"wp:term":[{"taxonomy":"category","embeddable":true,"href":"https:\/\/diariodominicano.com\/index.php?rest_route=%2Fwp%2Fv2%2Fcategories&post=191686"},{"taxonomy":"post_tag","embeddable":true,"href":"https:\/\/diariodominicano.com\/index.php?rest_route=%2Fwp%2Fv2%2Ftags&post=191686"}],"curies":[{"name":"wp","href":"https:\/\/api.w.org\/{rel}","templated":true}]}}