{"id":191685,"date":"2008-01-10T00:40:59","date_gmt":"2008-01-10T00:40:59","guid":{"rendered":"http:\/\/diariodominicano.ddns.net\/?p=191685"},"modified":"2008-01-10T00:40:59","modified_gmt":"2008-01-10T00:40:59","slug":"juan-de-los-santos-dice-que-danilistas-apoyan-reeleccion-de-leonel","status":"publish","type":"post","link":"https:\/\/diariodominicano.com\/?p=191685","title":{"rendered":"Juan de los Santos dice que Danilistas apoyan reelecci\u00f3n de Leonel"},"content":{"rendered":"<p><body><\/p>\n<p align=\"justify\"><span class=\"titulogrande1\">Juan de los Santos dice que Danilistas apoya  reelecci\u00f3n de Leonel<\/span><br \/>&#13;<br \/>\n  <br \/>&#13;<br \/>\n    <span class=\"text1noticias\"><strong><img loading=\"lazy\" decoding=\"async\" src=\"http:\/\/localhost:8080\/pictures\/juan de los santos.jpg\" width=\"269\" height=\"325\" hspace=\"4\" align=\"left\" \/>Santo  Domingo.-<\/strong> El s\u00edndico de Santo Domingo Este revel\u00f3 que los dirigentes que  internamente apoyaron la candidatura de Danilo Medina han cerrado filas con la  reelecci\u00f3n del presidente Leonel Fern\u00e1ndez.<br \/>&#13;<br \/>\n    <br \/>&#13;<br \/>\n    Juan de los Santos dio a conocer los resultados de una encuesta que otorga un  55 por ciento de simpat\u00eda a la candidatura de Fern\u00e1ndez en la Zona Oriental, lo  que, seg\u00fan dijo, sella el triunfo en esa demarcaci\u00f3n.<br \/>&#13;<br \/>\n    <br \/>&#13;<br \/>\n    De los Santos indic\u00f3 que Medina se integrar\u00e1 oportunamente y en la menor  brevedad en la campa\u00f1a electoral a favor del PLD.<br \/>&#13;<br \/>\n    <br \/>&#13;<br \/>\n\u00abUna cosa fue el proceso interno y de las simpat\u00edas que todos tenemos,  pero ahora todos estamos comprometidos y trabajando por la candidatura del  presidente de la Rep\u00fablica,  que es la candidatura del PLD\u00bb, afirm\u00f3.<br \/>&#13;<br \/>\n  <br \/>&#13;<br \/>\n  De acuerdo con de los Santos,\u00a0 solamente factores externos como el  petr\u00f3leo o un fen\u00f3meno natural podr\u00edan hacer variar los resultados favorables  que sobre el electorado mantiene Fern\u00e1ndez en Santo Domingo Este.<br \/>&#13;<br \/>\n  <br \/>&#13;<br \/>\n  Indic\u00f3 que el buen posicionamiento del PLD en la Zona Oriental es un  reconocimiento al trabajo que viene realizando al frente del cabildo.<br \/>&#13;<br \/>\n  <br \/>&#13;<br \/>\n\u00abLa gente nos est\u00e1 valorando y las encuestas indican que lo estamos  haciendo bien y tenemos que seguir avanzando porque lo m\u00e1s importante son los  ciudadanos que confiaron en nosotros y no los podemos defraudar\u00bb,  manifest\u00f3.<\/span><\/p>\n<p>&#13;<\/p>\n<h6> 2008-01-10 00:40:59 <\/h6>\n<p><!--\n<link rel=\"stylesheet\" href=\"css\/bootstrap.min.css\">\n\n\n<ul class=\"pagination\">\n\t    \n\t\n\n<li >\n\t<a href='?page_no=34432'>Previous<\/a>\n\t<\/li>\n\n\n       \n    \n\n<li><a href='?page_no=1'>1<\/a><\/li>\n\n\n\n<li><a href='?page_no=2'>2<\/a><\/li>\n\n\n\n<li><a>...<\/a><\/li>\n\n\n\n<li><a href='?page_no=34431'>34431<\/a><\/li>\n\n\n\n<li><a href='?page_no=34432'>34432<\/a><\/li>\n\n\n\n<li class='active'><a>34433<\/a><\/li>\n\n\n\n<li><a href='?page_no=34434'>34434<\/a><\/li>\n\n\n\n<li><a href='?page_no=34435'>34435<\/a><\/li>\n\n\n\n<li><a>...<\/a><\/li>\n\n\n\n<li><a href='?page_no=36999'>36999<\/a><\/li>\n\n\n\n<li><a href='?page_no=37000'>37000<\/a><\/li>\n\n    \n\t\n\n<li >\n\t<a href='?page_no=34434'>Next<\/a>\n\t<\/li>\n\n\n    \n\n<li><a href='?page_no=37000'>Last &rsaquo;&rsaquo;<\/a><\/li>\n\n<\/ul>\n\n\n--><br \/>\n<\/body><\/p>\n","protected":false},"excerpt":{"rendered":"<p>Juan de los Santos dice que Danilistas apoya reelecci\u00f3n de Leonel&#13; &#13; Santo Domingo.- El s\u00edndico de Santo Domingo Este revel\u00f3 que los dirigentes que internamente apoyaron la candidatura de Danilo Medina han cerrado filas con la reelecci\u00f3n del presidente Leonel Fern\u00e1ndez.&#13; &#13; Juan de los Santos dio a conocer los resultados de una encuesta [&hellip;]<\/p>\n","protected":false},"author":3,"featured_media":0,"comment_status":"open","ping_status":"open","sticky":false,"template":"","format":"standard","meta":{"footnotes":""},"categories":[22],"tags":[],"class_list":["post-191685","post","type-post","status-publish","format-standard","hentry","category-politica"],"_links":{"self":[{"href":"https:\/\/diariodominicano.com\/index.php?rest_route=\/wp\/v2\/posts\/191685","targetHints":{"allow":["GET"]}}],"collection":[{"href":"https:\/\/diariodominicano.com\/index.php?rest_route=\/wp\/v2\/posts"}],"about":[{"href":"https:\/\/diariodominicano.com\/index.php?rest_route=\/wp\/v2\/types\/post"}],"author":[{"embeddable":true,"href":"https:\/\/diariodominicano.com\/index.php?rest_route=\/wp\/v2\/users\/3"}],"replies":[{"embeddable":true,"href":"https:\/\/diariodominicano.com\/index.php?rest_route=%2Fwp%2Fv2%2Fcomments&post=191685"}],"version-history":[{"count":0,"href":"https:\/\/diariodominicano.com\/index.php?rest_route=\/wp\/v2\/posts\/191685\/revisions"}],"wp:attachment":[{"href":"https:\/\/diariodominicano.com\/index.php?rest_route=%2Fwp%2Fv2%2Fmedia&parent=191685"}],"wp:term":[{"taxonomy":"category","embeddable":true,"href":"https:\/\/diariodominicano.com\/index.php?rest_route=%2Fwp%2Fv2%2Fcategories&post=191685"},{"taxonomy":"post_tag","embeddable":true,"href":"https:\/\/diariodominicano.com\/index.php?rest_route=%2Fwp%2Fv2%2Ftags&post=191685"}],"curies":[{"name":"wp","href":"https:\/\/api.w.org\/{rel}","templated":true}]}}