{"id":191684,"date":"2008-01-10T04:13:39","date_gmt":"2008-01-10T04:13:39","guid":{"rendered":"http:\/\/diariodominicano.ddns.net\/?p=191684"},"modified":"2008-01-10T04:13:39","modified_gmt":"2008-01-10T04:13:39","slug":"fallece-philip-agee","status":"publish","type":"post","link":"https:\/\/diariodominicano.com\/?p=191684","title":{"rendered":"Fallece Philip Agee"},"content":{"rendered":"<p><body><\/p>\n<h1 class=\"titulogrande1\">Fallece Philip Agee<\/h1>\n<p>&#13;<\/p>\n<p><strong>El ex agente de la   CIA que se fue a Cuba y fue un gran cr\u00edtico de la pol\u00edtica de  Washington. <\/strong><\/p>\n<p>&#13;<\/p>\n<p align=\"justify\" class=\"text1noticias\"><strong>LA HABANA.-<\/strong> Falleci\u00f3 en Cuba Philip Agee, un ex agente de la CIA que caus\u00f3 revuelo al divulgar la identidad de  ex colegas suyos e irse a vivir a la isla, inform\u00f3 hoy la prensa oficial. Ten\u00eda  72 a\u00f1os.<br \/>&#13;<br \/>\n  <br \/>&#13;<br \/>\n  Amigos personales indicaron que el hombre muri\u00f3 luego de sufrir una  perforaci\u00f3n de \u00falceras de la que debi\u00f3 ser operado.<br \/>&#13;<br \/>\n  <br \/>&#13;<br \/>\n  \u201cEn horas de la noche del pasado 7 de enero, falleci\u00f3 en Ciudad de La Habana Phillip B.  Agee. <br \/>&#13;<br \/>\n  <br \/>&#13;<br \/>\n  Ciudadano estadounidense, fue oficial de la Agencia Central de  Inteligencia hasta que rompi\u00f3 con ella en 1968 por motivos de conciencia\u201d,  expres\u00f3 el diario oficial Granma.<br \/>&#13;<br \/>\n  <br \/>&#13;<br \/>\n  El rotativo calific\u00f3 al agente de \u201cleal amigo de Cuba y ferviente defensor  de la lucha de los pueblos por un mundo mejor\u201d.<br \/>&#13;<br \/>\n  \u00a0<br \/>&#13;<br \/>\n  Agee public\u00f3 en 1974 su libro \u201cDentro de la CIA\u201d que caus\u00f3 revuelo al dar a conocer nombres  de colaboradores con la agencia norteamericana y relatar algunos procedimientos  secretos usados por la instituci\u00f3n.<br \/>&#13;<br \/>\n  <br \/>&#13;<br \/>\n  \u201cDesde entonces se consagr\u00f3 a denunciar las actividades terroristas,  desestabilizadoras y subversivas del gobierno de los Estados Unidos contra  gobiernos y personas progresistas y revolucionarios de Am\u00e9rica Latina y el  Caribe\u201d, agreg\u00f3 el peri\u00f3dico.<br \/>&#13;<br \/>\n  <br \/>&#13;<br \/>\n  Bernie Dwyer, una periodista de la estatal Habana Radio dijo la v\u00edspera en  un correo electr\u00f3nico que el hombre hab\u00eda fallecido en el hospital debido a la  operaci\u00f3n.<br \/>&#13;<br \/>\n  <br \/>&#13;<br \/>\n  Por The Associated Press <\/p>\n<p>&#13;<\/p>\n<h6> 2008-01-10 04:13:39 <\/h6>\n<p><!--\n<link rel=\"stylesheet\" href=\"css\/bootstrap.min.css\">\n\n\n<ul class=\"pagination\">\n\t    \n\t\n\n<li >\n\t<a href='?page_no=34431'>Previous<\/a>\n\t<\/li>\n\n\n       \n    \n\n<li><a href='?page_no=1'>1<\/a><\/li>\n\n\n\n<li><a href='?page_no=2'>2<\/a><\/li>\n\n\n\n<li><a>...<\/a><\/li>\n\n\n\n<li><a href='?page_no=34430'>34430<\/a><\/li>\n\n\n\n<li><a href='?page_no=34431'>34431<\/a><\/li>\n\n\n\n<li class='active'><a>34432<\/a><\/li>\n\n\n\n<li><a href='?page_no=34433'>34433<\/a><\/li>\n\n\n\n<li><a href='?page_no=34434'>34434<\/a><\/li>\n\n\n\n<li><a>...<\/a><\/li>\n\n\n\n<li><a href='?page_no=36999'>36999<\/a><\/li>\n\n\n\n<li><a href='?page_no=37000'>37000<\/a><\/li>\n\n    \n\t\n\n<li >\n\t<a href='?page_no=34433'>Next<\/a>\n\t<\/li>\n\n\n    \n\n<li><a href='?page_no=37000'>Last &rsaquo;&rsaquo;<\/a><\/li>\n\n<\/ul>\n\n\n--><br \/>\n<\/body><\/p>\n","protected":false},"excerpt":{"rendered":"<p>Fallece Philip Agee &#13; El ex agente de la CIA que se fue a Cuba y fue un gran cr\u00edtico de la pol\u00edtica de Washington. &#13; LA HABANA.- Falleci\u00f3 en Cuba Philip Agee, un ex agente de la CIA que caus\u00f3 revuelo al divulgar la identidad de ex colegas suyos e irse a vivir a [&hellip;]<\/p>\n","protected":false},"author":3,"featured_media":0,"comment_status":"open","ping_status":"open","sticky":false,"template":"","format":"standard","meta":{"footnotes":""},"categories":[22],"tags":[],"class_list":["post-191684","post","type-post","status-publish","format-standard","hentry","category-politica"],"_links":{"self":[{"href":"https:\/\/diariodominicano.com\/index.php?rest_route=\/wp\/v2\/posts\/191684","targetHints":{"allow":["GET"]}}],"collection":[{"href":"https:\/\/diariodominicano.com\/index.php?rest_route=\/wp\/v2\/posts"}],"about":[{"href":"https:\/\/diariodominicano.com\/index.php?rest_route=\/wp\/v2\/types\/post"}],"author":[{"embeddable":true,"href":"https:\/\/diariodominicano.com\/index.php?rest_route=\/wp\/v2\/users\/3"}],"replies":[{"embeddable":true,"href":"https:\/\/diariodominicano.com\/index.php?rest_route=%2Fwp%2Fv2%2Fcomments&post=191684"}],"version-history":[{"count":0,"href":"https:\/\/diariodominicano.com\/index.php?rest_route=\/wp\/v2\/posts\/191684\/revisions"}],"wp:attachment":[{"href":"https:\/\/diariodominicano.com\/index.php?rest_route=%2Fwp%2Fv2%2Fmedia&parent=191684"}],"wp:term":[{"taxonomy":"category","embeddable":true,"href":"https:\/\/diariodominicano.com\/index.php?rest_route=%2Fwp%2Fv2%2Fcategories&post=191684"},{"taxonomy":"post_tag","embeddable":true,"href":"https:\/\/diariodominicano.com\/index.php?rest_route=%2Fwp%2Fv2%2Ftags&post=191684"}],"curies":[{"name":"wp","href":"https:\/\/api.w.org\/{rel}","templated":true}]}}