{"id":191681,"date":"2008-01-10T04:22:48","date_gmt":"2008-01-10T04:22:48","guid":{"rendered":"http:\/\/diariodominicano.ddns.net\/?p=191681"},"modified":"2008-01-10T04:22:48","modified_gmt":"2008-01-10T04:22:48","slug":"longueira-y-nuevo-gabinete-ojala-se-terminen-las-contradicciones-y-los-conflictos","status":"publish","type":"post","link":"https:\/\/diariodominicano.com\/?p=191681","title":{"rendered":"Longueira y nuevo gabinete: \u00abOjal\u00e1 se terminen las contradicciones y los conflictos\u00bb"},"content":{"rendered":"<p><body><\/p>\n<h1 align=\"justify\" class=\"titulogrande1\">Longueira y nuevo gabinete: \u00abOjal\u00e1 se terminen las contradicciones y  los conflictos\u00bb<\/h1>\n<p>&#13;<\/p>\n<p><strong>El senador UDI espera adem\u00e1s que este sea el \u00faltimo ajuste ministerial.<\/strong><\/p>\n<p>&#13;<\/p>\n<p align=\"justify\" class=\"text1noticias\"><strong><img loading=\"lazy\" decoding=\"async\" src=\"http:\/\/localhost:8080\/pictures\/pablo longueira.jpg\" width=\"269\" height=\"195\" hspace=\"4\" align=\"left\" \/>SANTIAGO, Chile.-<\/strong> Esperanzado en que este cuarto gabinete sea el definitivo,  el senador UDI <strong>Pablo Longueira<\/strong>, llam\u00f3 al gobierno a encontrar  el entendimiento de sus autoridades.<br \/>&#13;<br \/>\n  <br \/>&#13;<br \/>\n  \u00abCrucemos los dedos para que este sea el \u00faltimo cambio y funcionen  verdaderamente como un equipo de gobierno y no como una parcela individual de  cada uno\u00bb, dijo Longueira al iniciar la sesi\u00f3n especial de Reforma  Provisional que se discute hoy en el Senado.<br \/>&#13;<br \/>\n  <br \/>&#13;<br \/>\n  En este sentido, agreg\u00f3 que \u00abojal\u00e1 se terminen las contradicciones, los  conflictos, porque eso le hace un da\u00f1o muy grande a la imagen presidencial del  pa\u00eds y ya hemos tenido dos a\u00f1os reiterados cambios y renuncias de ministros,  que no le hacen bien a Chile, ojal\u00e1 que este sea un cambio acertado y puedan  funcionar bien\u00bb.<br \/>&#13;<br \/>\n  <br \/>&#13;<br \/>\n  El parlamentario gremialista critic\u00f3 que \u00abaqu\u00ed el problema es que no ha  habido capacidad de entendimiento, de conversaci\u00f3n, de interlocuci\u00f3n con nadie,  ojal\u00e1 que sea un equipo que funcione bien desde el punto de vista econ\u00f3mico,  pol\u00edtico y social\u00bb.<br \/>&#13;<br \/>\n  <br \/>&#13;<br \/>\n  Como ejemplo, se\u00f1al\u00f3 que la Reforma Provisional que se discute hoy en el  Senado es una forma de trabajo en conjunto que debiera repetirse en otras  materias, \u00abhemos llegado a un gran a cuerdo en casi un 99% de las ideas  que se han discutido en un tema de gran importancia y complejidad para el  pa\u00eds\u00bb.<br \/>&#13;<br \/>\n  <br \/>&#13;<br \/>\n  Respecto a\u00a0 la funci\u00f3n del nuevo ministro del Interior, Edmundo Perez  Yoma, indic\u00f3 que su funci\u00f3n depender\u00e1 de la actitud pol\u00edtica del gobierno,  \u00abes una persona que tiene experiencia y buena relaci\u00f3n con todos los  sectores pol\u00edticos. Hoy d\u00eda \u00e9l debe mostrar una se\u00f1al de liderazgo que en estos  dos a\u00f1os no ha existido\u00bb.<br \/>&#13;<br \/>\n  <br \/>&#13;<br \/>\n  La Tercera<\/p>\n<p>&#13;<\/p>\n<h6> 2008-01-10 04:22:48 <\/h6>\n<p><!--\n<link rel=\"stylesheet\" href=\"css\/bootstrap.min.css\">\n\n\n<ul class=\"pagination\">\n\t    \n\t\n\n<li >\n\t<a href='?page_no=34428'>Previous<\/a>\n\t<\/li>\n\n\n       \n    \n\n<li><a href='?page_no=1'>1<\/a><\/li>\n\n\n\n<li><a href='?page_no=2'>2<\/a><\/li>\n\n\n\n<li><a>...<\/a><\/li>\n\n\n\n<li><a href='?page_no=34427'>34427<\/a><\/li>\n\n\n\n<li><a href='?page_no=34428'>34428<\/a><\/li>\n\n\n\n<li class='active'><a>34429<\/a><\/li>\n\n\n\n<li><a href='?page_no=34430'>34430<\/a><\/li>\n\n\n\n<li><a href='?page_no=34431'>34431<\/a><\/li>\n\n\n\n<li><a>...<\/a><\/li>\n\n\n\n<li><a href='?page_no=36999'>36999<\/a><\/li>\n\n\n\n<li><a href='?page_no=37000'>37000<\/a><\/li>\n\n    \n\t\n\n<li >\n\t<a href='?page_no=34430'>Next<\/a>\n\t<\/li>\n\n\n    \n\n<li><a href='?page_no=37000'>Last &rsaquo;&rsaquo;<\/a><\/li>\n\n<\/ul>\n\n\n--><br \/>\n<\/body><\/p>\n","protected":false},"excerpt":{"rendered":"<p>Longueira y nuevo gabinete: \u00abOjal\u00e1 se terminen las contradicciones y los conflictos\u00bb &#13; El senador UDI espera adem\u00e1s que este sea el \u00faltimo ajuste ministerial. &#13; SANTIAGO, Chile.- Esperanzado en que este cuarto gabinete sea el definitivo, el senador UDI Pablo Longueira, llam\u00f3 al gobierno a encontrar el entendimiento de sus autoridades.&#13; &#13; \u00abCrucemos los [&hellip;]<\/p>\n","protected":false},"author":3,"featured_media":0,"comment_status":"open","ping_status":"open","sticky":false,"template":"","format":"standard","meta":{"footnotes":""},"categories":[22],"tags":[],"class_list":["post-191681","post","type-post","status-publish","format-standard","hentry","category-politica"],"_links":{"self":[{"href":"https:\/\/diariodominicano.com\/index.php?rest_route=\/wp\/v2\/posts\/191681","targetHints":{"allow":["GET"]}}],"collection":[{"href":"https:\/\/diariodominicano.com\/index.php?rest_route=\/wp\/v2\/posts"}],"about":[{"href":"https:\/\/diariodominicano.com\/index.php?rest_route=\/wp\/v2\/types\/post"}],"author":[{"embeddable":true,"href":"https:\/\/diariodominicano.com\/index.php?rest_route=\/wp\/v2\/users\/3"}],"replies":[{"embeddable":true,"href":"https:\/\/diariodominicano.com\/index.php?rest_route=%2Fwp%2Fv2%2Fcomments&post=191681"}],"version-history":[{"count":0,"href":"https:\/\/diariodominicano.com\/index.php?rest_route=\/wp\/v2\/posts\/191681\/revisions"}],"wp:attachment":[{"href":"https:\/\/diariodominicano.com\/index.php?rest_route=%2Fwp%2Fv2%2Fmedia&parent=191681"}],"wp:term":[{"taxonomy":"category","embeddable":true,"href":"https:\/\/diariodominicano.com\/index.php?rest_route=%2Fwp%2Fv2%2Fcategories&post=191681"},{"taxonomy":"post_tag","embeddable":true,"href":"https:\/\/diariodominicano.com\/index.php?rest_route=%2Fwp%2Fv2%2Ftags&post=191681"}],"curies":[{"name":"wp","href":"https:\/\/api.w.org\/{rel}","templated":true}]}}