{"id":191680,"date":"2008-01-10T04:33:28","date_gmt":"2008-01-10T04:33:28","guid":{"rendered":"http:\/\/diariodominicano.ddns.net\/?p=191680"},"modified":"2008-01-10T04:33:28","modified_gmt":"2008-01-10T04:33:28","slug":"bachelet-cambia-eje-del-gabinete-con-entrada-de-edmundo-perez-yoma","status":"publish","type":"post","link":"https:\/\/diariodominicano.com\/?p=191680","title":{"rendered":"Bachelet cambia eje del gabinete con entrada de Edmundo P\u00e9rez Yoma"},"content":{"rendered":"<p><body><\/p>\n<h1 align=\"justify\" class=\"titulogrande1\">Bachelet cambia eje del gabinete con entrada de Edmundo P\u00e9rez Yoma<\/h1>\n<p>&#13;<\/p>\n<p align=\"justify\"><strong>La designaci\u00f3n del titular de Interior marc\u00f3 dos de los elementos centrales  del tercer ajuste presidencial: privilegiar los rostros con experiencia y  escuchar a los partidos.<\/strong><\/p>\n<p>&#13;<\/p>\n<p align=\"justify\" class=\"text1noticias\"><strong>SANTIAGO, Chile.- <\/strong>Edmundo P\u00e9rez Yoma se baj\u00f3 a las 19.05 de un jeep Mercedes  Benz en el frontis de La   Moneda. Con anteojos oscuros, sonriente y junto a su esposa,  Paz Vergara, el reci\u00e9n designado ministro del Interior entr\u00f3 raudo hasta el  segunso piso de La Moneda,  donde se encontraban todos los secretarios de Estado del antiguo gabinete y  algunos del que nombr\u00f3 ayer la Presidenta Michelle Bachelet.<br \/>&#13;<br \/>\n  <br \/>&#13;<br \/>\n  A las 21.05 horas, minutos despu\u00e9s del anuncio que efectu\u00f3 el vocero  Francisco Vidal en directo en los canales de TV, el empresario jur\u00f3 como el  tercer jefe de gabinete de la actual administraci\u00f3n en reemplazo de Belisario  Velasco, que renunci\u00f3 el jueves pasado.<br \/>&#13;<br \/>\n  <br \/>&#13;<br \/>\n  Tambi\u00e9n lo hicieron Hugo Lavados (Econom\u00eda), Santiago Gonz\u00e1lez (Miner\u00eda);  Marigen Hornkohl (Agricultura) y Paula Quintana (Midepl\u00e1n). Sergio Bitar  (OO.PP.) lo har\u00e1 el viernes, tras regresar de un viaje a Per\u00fa. Los ministros  entraron en reemplazo de Alejandro Ferreiro, Karen Poniachik, Alvaro Rojas,  Clarisa Hardy y Eduardo Bitr\u00e1n, respectivamente.<br \/>&#13;<br \/>\n  <br \/>&#13;<br \/>\n  La jornada en La Moneda  hab\u00eda estado cargada de tensi\u00f3n (ver p\u00e1gina 8). Bachelet suspendi\u00f3 a primera  hora una actividad en Valpara\u00edso, se encerr\u00f3 en su despacho y, avanzada la  jornada, comenz\u00f3 a efectuar algunas consultas con los presidentes de los  partidos de la   Concertaci\u00f3n.<br \/>&#13;<br \/>\n  <br \/>&#13;<br \/>\n  Cerca de las 18.30 horas, la   Presidenta cit\u00f3 a todos sus ministros a La Moneda. Varios  secretarios de Estado estaban en el Congreso y debieron viajar velozmente a  Palacio. Incluso, el subsecretario (S) del Interior, Jorge Claissac, fue  trasladado en helic\u00f3ptero hasta la   Casa de Gobierno. Otros, como la nueva ministra Paula  Quintana, debieron registrarse ante la guardia de Palacio, que no la  identific\u00f3.<br \/>&#13;<br \/>\n  <br \/>&#13;<br \/>\n  <strong>LA NUEVA   F\u00d3RMULA<\/strong><br \/>&#13;<br \/>\n  <br \/>&#13;<br \/>\n\u00abNo has cambiado en nada, Edmundo\u00bb, le dijo entre risas Bachelet  al ministro poco despu\u00e9s de que jurara y le hiciera un notorio adem\u00e1n al  subsecretario Felipe Harboe para que le hiciera un espacio en la hilera de  secretarios de Estado que participaban en la ceremonia.<br \/>&#13;<br \/>\n<br \/>&#13;<br \/>\nP\u00e9rez Yoma hab\u00eda sido el jefe de Bachelet en el Ministerio de Defensa,  durante el gobierno de Eduardo Frei. Ahora, la designaci\u00f3n del ministro marc\u00f3  los dos factores centrales del tercer ajuste de la Presidenta: privilegiar  los rostros con experiencia y escuchar a los partidos.<br \/>&#13;<br \/>\n<br \/>&#13;<br \/>\nP\u00e9rez Yoma era la carta de la presidenta de la DC, Soledad Alvear, quien logr\u00f3 instalarlo en La Moneda tras una serie de  conversaciones con la   Mandataria. La senadora -que anoche volvi\u00f2 a hablar con  Bachelet- cont\u00f3 con el respaldo del resto de los timoneles oficialistas y apuesta  a la habilidad pol\u00edtica del jefe de gabinete para contrarrestar la influencia  de Francisco Vidal en La Moneda  y de Andr\u00e9s Velasco en Hacienda.<\/p>\n<p>&#13;<\/p>\n<div align=\"justify\" class=\"text1noticias\">&#13;<\/p>\n<p>Cerca de las 21.15 horas, la Presidenta Bachelet  efectu\u00f3 un discurso tras el cambio de gabinete. <br \/>&#13;<br \/>\n    <br \/>&#13;<br \/>\n    Ah\u00ed puso especial \u00e9nfasis en el  sello social de su gobierno -dijo que por primera vez las due\u00f1as de casa  recibir\u00e1n una pensi\u00f3n- e hizo un positivo balance de lo que fue 2007.<br \/>&#13;<br \/>\n    <br \/>&#13;<br \/>\n    Junto con  destacar la \u00ablealtad\u00bb de sus colaboradores, resalt\u00f3 los acuerdos con la Alianza en la agenda de  seguridad y educaci\u00f3n y a\u00f1adi\u00f3 que \u00abmi gobierno seguir\u00e1 encarnando ese  esp\u00edritu de di\u00e1logo\u00bb.<br \/>&#13;\n  <\/p>\n<p>&#13;\n<\/p><\/div>\n<p>&#13;<\/p>\n<p>\u00a0<\/p>\n<p>&#13;<\/p>\n<h6> 2008-01-10 04:33:28 <\/h6>\n<p><!--\n<link rel=\"stylesheet\" href=\"css\/bootstrap.min.css\">\n\n\n<ul class=\"pagination\">\n\t    \n\t\n\n<li >\n\t<a href='?page_no=34427'>Previous<\/a>\n\t<\/li>\n\n\n       \n    \n\n<li><a href='?page_no=1'>1<\/a><\/li>\n\n\n\n<li><a href='?page_no=2'>2<\/a><\/li>\n\n\n\n<li><a>...<\/a><\/li>\n\n\n\n<li><a href='?page_no=34426'>34426<\/a><\/li>\n\n\n\n<li><a href='?page_no=34427'>34427<\/a><\/li>\n\n\n\n<li class='active'><a>34428<\/a><\/li>\n\n\n\n<li><a href='?page_no=34429'>34429<\/a><\/li>\n\n\n\n<li><a href='?page_no=34430'>34430<\/a><\/li>\n\n\n\n<li><a>...<\/a><\/li>\n\n\n\n<li><a href='?page_no=36999'>36999<\/a><\/li>\n\n\n\n<li><a href='?page_no=37000'>37000<\/a><\/li>\n\n    \n\t\n\n<li >\n\t<a href='?page_no=34429'>Next<\/a>\n\t<\/li>\n\n\n    \n\n<li><a href='?page_no=37000'>Last &rsaquo;&rsaquo;<\/a><\/li>\n\n<\/ul>\n\n\n--><br \/>\n<\/body><\/p>\n","protected":false},"excerpt":{"rendered":"<p>Bachelet cambia eje del gabinete con entrada de Edmundo P\u00e9rez Yoma &#13; La designaci\u00f3n del titular de Interior marc\u00f3 dos de los elementos centrales del tercer ajuste presidencial: privilegiar los rostros con experiencia y escuchar a los partidos. &#13; SANTIAGO, Chile.- Edmundo P\u00e9rez Yoma se baj\u00f3 a las 19.05 de un jeep Mercedes Benz en [&hellip;]<\/p>\n","protected":false},"author":3,"featured_media":0,"comment_status":"open","ping_status":"open","sticky":false,"template":"","format":"standard","meta":{"footnotes":""},"categories":[22],"tags":[],"class_list":["post-191680","post","type-post","status-publish","format-standard","hentry","category-politica"],"_links":{"self":[{"href":"https:\/\/diariodominicano.com\/index.php?rest_route=\/wp\/v2\/posts\/191680","targetHints":{"allow":["GET"]}}],"collection":[{"href":"https:\/\/diariodominicano.com\/index.php?rest_route=\/wp\/v2\/posts"}],"about":[{"href":"https:\/\/diariodominicano.com\/index.php?rest_route=\/wp\/v2\/types\/post"}],"author":[{"embeddable":true,"href":"https:\/\/diariodominicano.com\/index.php?rest_route=\/wp\/v2\/users\/3"}],"replies":[{"embeddable":true,"href":"https:\/\/diariodominicano.com\/index.php?rest_route=%2Fwp%2Fv2%2Fcomments&post=191680"}],"version-history":[{"count":0,"href":"https:\/\/diariodominicano.com\/index.php?rest_route=\/wp\/v2\/posts\/191680\/revisions"}],"wp:attachment":[{"href":"https:\/\/diariodominicano.com\/index.php?rest_route=%2Fwp%2Fv2%2Fmedia&parent=191680"}],"wp:term":[{"taxonomy":"category","embeddable":true,"href":"https:\/\/diariodominicano.com\/index.php?rest_route=%2Fwp%2Fv2%2Fcategories&post=191680"},{"taxonomy":"post_tag","embeddable":true,"href":"https:\/\/diariodominicano.com\/index.php?rest_route=%2Fwp%2Fv2%2Ftags&post=191680"}],"curies":[{"name":"wp","href":"https:\/\/api.w.org\/{rel}","templated":true}]}}