{"id":191678,"date":"2008-01-10T15:13:39","date_gmt":"2008-01-10T15:13:39","guid":{"rendered":"http:\/\/diariodominicano.ddns.net\/?p=191678"},"modified":"2008-01-10T15:13:39","modified_gmt":"2008-01-10T15:13:39","slug":"francisco-javier-garcia-candidato-presidencial-del-prd-vargas-maldonado-esta-sobrevaluado","status":"publish","type":"post","link":"https:\/\/diariodominicano.com\/?p=191678","title":{"rendered":"Francisco Javier Garc\u00eda \u00bb Candidato presidencial del PRD Vargas Maldonado est\u00e1 sobrevaluado \u00ab"},"content":{"rendered":"<p><body><\/p>\n<p align=\"justify\" class=\"text1noticias\"><span class=\"titulogrande1\"><strong>Francisco Javier Garc\u00eda \u00abCandidato presidencial del PRD Vargas Maldonado est\u00e1 sobrevaluado<\/strong><\/span><strong><br \/>&#13;<br \/>\n  <br \/>&#13;<br \/>\n      <img loading=\"lazy\" decoding=\"async\" src=\"http:\/\/localhost:8080\/pictures\/francisco javier garcia foto.jpg\" width=\"269\" height=\"293\" hspace=\"4\" align=\"left\" \/>Santo Domingo.- Francisco Javier  Garc\u00eda <\/strong>,  Coordinador General del Comit\u00e9 Nacional de Campa\u00f1a, consider\u00f3 que el candidato  Presidencial del Partido Revolucionario Dominicano, Miguel Vargas Maldonado,  \u00abest\u00e1 sobrevaluado como candidato\u00bb. <br \/>&#13;<br \/>\n  <br \/>&#13;<br \/>\nArgument\u00f3 en esa direcci\u00f3n, que en el propio seno del partido que le postula se  critican sus actuaciones y posiciones adoptadas en el debate electoral. <br \/>&#13;<br \/>\n<br \/>&#13;<br \/>\n\u00abT\u00fa sabes como le dec\u00eda Milagros (Ortiz Bosch) al candidato Miguel Vargas?  El candidato de los milloncitos\u00bb, \u00a0pregunt\u00f3 y respondi\u00f3 Garc\u00eda en el  dialogo sostenido con los conductores del programa Diario de la Ma\u00f1ana que se produce por  RNN canal 27. <br \/>&#13;<br \/>\n<br \/>&#13;<br \/>\n Cit\u00f3  tambi\u00e9n a la ex vice presidenta de la Republica en las advertencias que hiciera en las  primarias perrede\u00edsta, sobre el dominio de la \u00abplutocracia\u00bb y el  desplazamiento de la dirigencia popular. <br \/>&#13;<br \/>\n <br \/>&#13;<br \/>\nFrancisco Javier Garc\u00eda advirti\u00f3 que cada vez que se produce un cuestionamiento  desde el punto de vista \u00e9tico, el candidato del PRD se da por aludido. <br \/>&#13;<br \/>\n<br \/>&#13;<br \/>\nMencion\u00f3 los casos ocurridos en el marco de la precampa\u00f1a perredeista, y el m\u00e1s  reciente, donde ha reaccionado de manera airada a unas declaraciones del  Presidente Leonel Fern\u00e1ndez, en la que en ning\u00fan momento se refiri\u00f3 a \u00e9l. <br \/>&#13;<br \/>\n<br \/>&#13;<br \/>\nDenunci\u00f3 que los \u00faltimos meses el candidato del PRD se las ha pasado  agrediendo, cuestionando, descalificando, y sin embargo, cuando se le cuestiona  o responde, reacciona con procedimientos \u00abun tanto chantajista\u00bb  \u00a0\u00a0\u00a0 <br \/>&#13;<br \/>\n<br \/>&#13;<br \/>\n Al  reiterar las m\u00faltiples actividades programadas para los pr\u00f3ximos d\u00edas, el coordinador  de la Campa\u00f1a  del Partido de la   Liberaci\u00f3n Dominicana, dijo que no se detendr\u00e1 hasta el 14 de  mayo, fecha en que por ley cesa el proselitismo. <br \/>&#13;<br \/>\n <br \/>&#13;<br \/>\n Inform\u00f3 que a partir de este jueves  se colocar\u00e1n dos nuevos spots en televisi\u00f3n, actividad que hab\u00eda cesado por la  tregua en proselitismo que dio su partido. <br \/>&#13;<br \/>\n <br \/>&#13;<br \/>\n Anunci\u00f3  asimismo las actividades programadas para esta semana, que organiza el Comit\u00e9  Nacional de Campa\u00f1a. Mencion\u00f3 las respectivas reuniones de la Direcci\u00f3n de Estrategia,  del Comit\u00e9 Nacional de Campa\u00f1a, del Presidente de la Rep\u00fablica y candidato  Presidencial, doctor Leonel Fern\u00e1ndez con los senadores de la organizaci\u00f3n. <br \/>&#13;<br \/>\n<br \/>&#13;<br \/>\nConfirm\u00f3 para este jueves, la reuni\u00f3n  del Comit\u00e9 Pol\u00edtico del PLD, reuni\u00f3n del Presidente con los s\u00edndicos y diputados  \u00a0este viernes, el s\u00e1bado, una visita del doctor Leonel Fern\u00e1ndez a Boca  Chica \u00a0y otras zonas de la   Provincia de Santo Domingo y para el Domingo 13, una Asamblea  Nacional del PLD a la que est\u00e1n siendo convocados los miembros del Comit\u00e9  Central y los integrantes de los equipos de campa\u00f1a provinciales y municipales. <br \/>&#13;<br \/>\n<br \/>&#13;<br \/>\n Reiter\u00f3  asimismo, que el martes  15 en horas de la tarde, se dejar\u00e1 inaugurado el  local del Comit\u00e9 Nacional de campa\u00f1a ubicado en la avenida Bol\u00edvar, entre las  avenidas Alma Mater y Abraham Lincoln. <\/p>\n<p>&#13;<\/p>\n<h6> 2008-01-10 15:13:39 <\/h6>\n<p><!--\n<link rel=\"stylesheet\" href=\"css\/bootstrap.min.css\">\n\n\n<ul class=\"pagination\">\n\t    \n\t\n\n<li >\n\t<a href='?page_no=34425'>Previous<\/a>\n\t<\/li>\n\n\n       \n    \n\n<li><a href='?page_no=1'>1<\/a><\/li>\n\n\n\n<li><a href='?page_no=2'>2<\/a><\/li>\n\n\n\n<li><a>...<\/a><\/li>\n\n\n\n<li><a href='?page_no=34424'>34424<\/a><\/li>\n\n\n\n<li><a href='?page_no=34425'>34425<\/a><\/li>\n\n\n\n<li class='active'><a>34426<\/a><\/li>\n\n\n\n<li><a href='?page_no=34427'>34427<\/a><\/li>\n\n\n\n<li><a href='?page_no=34428'>34428<\/a><\/li>\n\n\n\n<li><a>...<\/a><\/li>\n\n\n\n<li><a href='?page_no=36999'>36999<\/a><\/li>\n\n\n\n<li><a href='?page_no=37000'>37000<\/a><\/li>\n\n    \n\t\n\n<li >\n\t<a href='?page_no=34427'>Next<\/a>\n\t<\/li>\n\n\n    \n\n<li><a href='?page_no=37000'>Last &rsaquo;&rsaquo;<\/a><\/li>\n\n<\/ul>\n\n\n--><br \/>\n<\/body><\/p>\n","protected":false},"excerpt":{"rendered":"<p>Francisco Javier Garc\u00eda \u00abCandidato presidencial del PRD Vargas Maldonado est\u00e1 sobrevaluado&#13; &#13; Santo Domingo.- Francisco Javier Garc\u00eda , Coordinador General del Comit\u00e9 Nacional de Campa\u00f1a, consider\u00f3 que el candidato Presidencial del Partido Revolucionario Dominicano, Miguel Vargas Maldonado, \u00abest\u00e1 sobrevaluado como candidato\u00bb. &#13; &#13; Argument\u00f3 en esa direcci\u00f3n, que en el propio seno del partido que [&hellip;]<\/p>\n","protected":false},"author":3,"featured_media":0,"comment_status":"open","ping_status":"open","sticky":false,"template":"","format":"standard","meta":{"footnotes":""},"categories":[22],"tags":[],"class_list":["post-191678","post","type-post","status-publish","format-standard","hentry","category-politica"],"_links":{"self":[{"href":"https:\/\/diariodominicano.com\/index.php?rest_route=\/wp\/v2\/posts\/191678","targetHints":{"allow":["GET"]}}],"collection":[{"href":"https:\/\/diariodominicano.com\/index.php?rest_route=\/wp\/v2\/posts"}],"about":[{"href":"https:\/\/diariodominicano.com\/index.php?rest_route=\/wp\/v2\/types\/post"}],"author":[{"embeddable":true,"href":"https:\/\/diariodominicano.com\/index.php?rest_route=\/wp\/v2\/users\/3"}],"replies":[{"embeddable":true,"href":"https:\/\/diariodominicano.com\/index.php?rest_route=%2Fwp%2Fv2%2Fcomments&post=191678"}],"version-history":[{"count":0,"href":"https:\/\/diariodominicano.com\/index.php?rest_route=\/wp\/v2\/posts\/191678\/revisions"}],"wp:attachment":[{"href":"https:\/\/diariodominicano.com\/index.php?rest_route=%2Fwp%2Fv2%2Fmedia&parent=191678"}],"wp:term":[{"taxonomy":"category","embeddable":true,"href":"https:\/\/diariodominicano.com\/index.php?rest_route=%2Fwp%2Fv2%2Fcategories&post=191678"},{"taxonomy":"post_tag","embeddable":true,"href":"https:\/\/diariodominicano.com\/index.php?rest_route=%2Fwp%2Fv2%2Ftags&post=191678"}],"curies":[{"name":"wp","href":"https:\/\/api.w.org\/{rel}","templated":true}]}}