{"id":191675,"date":"2008-01-11T01:41:34","date_gmt":"2008-01-11T01:41:34","guid":{"rendered":"http:\/\/diariodominicano.ddns.net\/?p=191675"},"modified":"2008-01-11T01:41:34","modified_gmt":"2008-01-11T01:41:34","slug":"federacion-de-regidores-piden-se-deje-sin-efecto-aumentos-salarial-de-los-ediles-san-cristobal","status":"publish","type":"post","link":"https:\/\/diariodominicano.com\/?p=191675","title":{"rendered":"Federaci\u00f3n de Regidores piden se deje sin efecto aumentos salarial de los ediles San Crist\u00f3bal"},"content":{"rendered":"<p><body><\/p>\n<p align=\"justify\" class=\"titulogrande1\"><strong>Federaci\u00f3n de  Regidores\u00a0 piden se deje sin efecto  aumentos salarial de los ediles San Crist\u00f3bal<\/strong><\/p>\n<p>&#13;<\/p>\n<p align=\"justify\"><span class=\"text1noticias\"><strong>SANTO DOMINGO.-<\/strong> La Federaci\u00f3n Dominicana de Regidores pidi\u00f3 \u00a0a sus hom\u00f3logos del ayuntamiento de San  Crist\u00f3bal ponderar la revocaci\u00f3n del aumento salarial que se fijaron  recientemente y que la partida reducida se consigne para inversi\u00f3n en los  sectores m\u00e1s afectados de esa localidad.<br \/>&#13;<br \/>\n  <br \/>&#13;<br \/>\n  El presidente de la entidad, el regidor  pelede\u00edsta por el Distrito Nacional, Gabriel Castro, exhort\u00f3 a que el  establecimiento de nuevos salarios para regidores se realice dentro del marco  de la concertaci\u00f3n, la transparencia y la prudencia presupuestaria partiendo de  los ingresos de cada municipio.<br \/>&#13;<br \/>\n  <br \/>&#13;<br \/>\n  A\u00f1adi\u00f3 que \u201cesto permitir\u00e1 que estas partidas  no afecten las obligaciones de prestaciones de servicios, ni la realizaci\u00f3n de  obras municipales\u201d.<br \/>&#13;<br \/>\n  <br \/>&#13;<br \/>\n  Asegur\u00f3 que la asignaci\u00f3n de salarios y  vi\u00e1ticos a los regidores y a los vocales de las juntas de distritos  municipales, es una acci\u00f3n legal, establecida en los art\u00edculos 89 y 90 de la Ley 176-07, de la ley  municipal.<br \/>&#13;<br \/>\n  <br \/>&#13;<br \/>\n  Dijo que en el caso del Ayuntamiento de San  Crist\u00f3bal, el aumento salarial fue propuesto por el s\u00edndico y no por los  regidores, como\u00a0 se\u00f1al\u00f3 el propio alcalde de ese municipio, Rub\u00e9n Mont\u00e1s.<br \/>&#13;<br \/>\n  <br \/>&#13;<br \/>\n  Calific\u00f3 como falta de democracia y de desconocimiento  de la ley, la actitud de Mont\u00e1s, al criticar en los medios de comunicaci\u00f3n la  medida, sin previamente utilizar los canales correspondiente consignados en la  ley municipal.<br \/>&#13;<br \/>\n  <br \/>&#13;<br \/>\nDijo que constituye una preocupaci\u00f3n para esa  federaci\u00f3n esas cr\u00edticas \u201cinteresadas\u201d, surgidas por la asignaci\u00f3n de salarios  a los regidores, la cual causa da\u00f1o en la democracia. <\/span><\/p>\n<p>&#13;<\/p>\n<h6> 2008-01-11 01:41:34 <\/h6>\n<p><!--\n<link rel=\"stylesheet\" href=\"css\/bootstrap.min.css\">\n\n\n<ul class=\"pagination\">\n\t    \n\t\n\n<li >\n\t<a href='?page_no=34422'>Previous<\/a>\n\t<\/li>\n\n\n       \n    \n\n<li><a href='?page_no=1'>1<\/a><\/li>\n\n\n\n<li><a href='?page_no=2'>2<\/a><\/li>\n\n\n\n<li><a>...<\/a><\/li>\n\n\n\n<li><a href='?page_no=34421'>34421<\/a><\/li>\n\n\n\n<li><a href='?page_no=34422'>34422<\/a><\/li>\n\n\n\n<li class='active'><a>34423<\/a><\/li>\n\n\n\n<li><a href='?page_no=34424'>34424<\/a><\/li>\n\n\n\n<li><a href='?page_no=34425'>34425<\/a><\/li>\n\n\n\n<li><a>...<\/a><\/li>\n\n\n\n<li><a href='?page_no=36999'>36999<\/a><\/li>\n\n\n\n<li><a href='?page_no=37000'>37000<\/a><\/li>\n\n    \n\t\n\n<li >\n\t<a href='?page_no=34424'>Next<\/a>\n\t<\/li>\n\n\n    \n\n<li><a href='?page_no=37000'>Last &rsaquo;&rsaquo;<\/a><\/li>\n\n<\/ul>\n\n\n--><br \/>\n<\/body><\/p>\n","protected":false},"excerpt":{"rendered":"<p>Federaci\u00f3n de Regidores\u00a0 piden se deje sin efecto aumentos salarial de los ediles San Crist\u00f3bal &#13; SANTO DOMINGO.- La Federaci\u00f3n Dominicana de Regidores pidi\u00f3 \u00a0a sus hom\u00f3logos del ayuntamiento de San Crist\u00f3bal ponderar la revocaci\u00f3n del aumento salarial que se fijaron recientemente y que la partida reducida se consigne para inversi\u00f3n en los sectores m\u00e1s [&hellip;]<\/p>\n","protected":false},"author":3,"featured_media":0,"comment_status":"open","ping_status":"open","sticky":false,"template":"","format":"standard","meta":{"footnotes":""},"categories":[22],"tags":[],"class_list":["post-191675","post","type-post","status-publish","format-standard","hentry","category-politica"],"_links":{"self":[{"href":"https:\/\/diariodominicano.com\/index.php?rest_route=\/wp\/v2\/posts\/191675","targetHints":{"allow":["GET"]}}],"collection":[{"href":"https:\/\/diariodominicano.com\/index.php?rest_route=\/wp\/v2\/posts"}],"about":[{"href":"https:\/\/diariodominicano.com\/index.php?rest_route=\/wp\/v2\/types\/post"}],"author":[{"embeddable":true,"href":"https:\/\/diariodominicano.com\/index.php?rest_route=\/wp\/v2\/users\/3"}],"replies":[{"embeddable":true,"href":"https:\/\/diariodominicano.com\/index.php?rest_route=%2Fwp%2Fv2%2Fcomments&post=191675"}],"version-history":[{"count":0,"href":"https:\/\/diariodominicano.com\/index.php?rest_route=\/wp\/v2\/posts\/191675\/revisions"}],"wp:attachment":[{"href":"https:\/\/diariodominicano.com\/index.php?rest_route=%2Fwp%2Fv2%2Fmedia&parent=191675"}],"wp:term":[{"taxonomy":"category","embeddable":true,"href":"https:\/\/diariodominicano.com\/index.php?rest_route=%2Fwp%2Fv2%2Fcategories&post=191675"},{"taxonomy":"post_tag","embeddable":true,"href":"https:\/\/diariodominicano.com\/index.php?rest_route=%2Fwp%2Fv2%2Ftags&post=191675"}],"curies":[{"name":"wp","href":"https:\/\/api.w.org\/{rel}","templated":true}]}}