{"id":191674,"date":"2008-01-11T01:44:38","date_gmt":"2008-01-11T01:44:38","guid":{"rendered":"http:\/\/diariodominicano.ddns.net\/?p=191674"},"modified":"2008-01-11T01:44:38","modified_gmt":"2008-01-11T01:44:38","slug":"candelier-nos-unimos-a-la-felicitacion-universal-a-chavez","status":"publish","type":"post","link":"https:\/\/diariodominicano.com\/?p=191674","title":{"rendered":"Candelier: Nos unimos a la felicitacion Universal a Chavez"},"content":{"rendered":"<p><body><\/p>\n<p><strong><span class=\"titulogrande1\">Candelier: Nos unimos a la  felicitaci\u00f3n Universal a Chavez<\/span><\/strong> <\/p>\n<p>&#13;<\/p>\n<p align=\"justify\"><strong><img loading=\"lazy\" decoding=\"async\" src=\"http:\/\/localhost:8080\/pictures\/Candelier.jpg\" width=\"212\" height=\"212\" hspace=\"4\" align=\"left\" \/>Santo Domingo.- <\/strong><span class=\"text1noticias\">El candidato presidencial  por el Partido Alianza Popular Pedro de Jes\u00fas Candelier, salud\u00f3 los grandes  esfuerzos humanitarios que ha realizado el presidente venezolano en la materializaci\u00f3n  de este acuerdo humanitario tan dif\u00edcil y agotador como es el caso del canje de  los rehenes.\u00a0 <\/span><\/p>\n<p>&#13;<\/p>\n<p align=\"justify\" class=\"text1noticias\">Dijo que \u201cadmiramos la cohesi\u00f3n y la  persistencia del Presidente Ch\u00e1vez en superar y obviar todos los obst\u00e1culos que  surgieron en el\u00a0 dif\u00edcil camino de este  gran desempe\u00f1o humanitario y continuar adelante para lograr el \u00e9xito de esta  maravillosa operaci\u00f3n humanitaria que lleno de felicidad a toda la humanidad y  a la vez que abre esperanzas y nuevos caminos para una paz duradera en esa regi\u00f3n  latina\u201d <\/p>\n<p>&#13;<\/p>\n<p align=\"justify\" class=\"text1noticias\">Destac\u00f3 que \u00a0quedo demostrado el firme liderazgo regional  del presidente venezolano Hugo Ch\u00e1vez ante una amplia convocatoria de veedores  y garantes internacionales que garantizaron con\u00a0  \u00e9xito la operaci\u00f3n humanitaria.<\/p>\n<p>&#13;<\/p>\n<p align=\"justify\" class=\"text1noticias\">Solo el presidente Ch\u00e1vez\u00a0 tenia la credibilidad de todas las partes  necesarias para el \u00e9xito de esta\u00a0compleja operaci\u00f3n de canjes, y solo Ch\u00e1vez\u00a0 pod\u00eda concretar esta dif\u00edcil misi\u00f3n  humanitaria, \u201clos familiares de los rehenes, los guerrilleros y toda la opini\u00f3n  mundial coincidieron que solo el presidente\u00a0  Ch\u00e1vez llevar\u00eda\u00a0 a feliz termino  este gran prop\u00f3sito humanitario, que es un lindo regalo de a\u00f1o Nuevo \u201c,  concluyo el l\u00edder del PAP.<\/p>\n<p>&#13;<\/p>\n<h6> 2008-01-11 01:44:38 <\/h6>\n<p><!--\n<link rel=\"stylesheet\" href=\"css\/bootstrap.min.css\">\n\n\n<ul class=\"pagination\">\n\t    \n\t\n\n<li >\n\t<a href='?page_no=34421'>Previous<\/a>\n\t<\/li>\n\n\n       \n    \n\n<li><a href='?page_no=1'>1<\/a><\/li>\n\n\n\n<li><a href='?page_no=2'>2<\/a><\/li>\n\n\n\n<li><a>...<\/a><\/li>\n\n\n\n<li><a href='?page_no=34420'>34420<\/a><\/li>\n\n\n\n<li><a href='?page_no=34421'>34421<\/a><\/li>\n\n\n\n<li class='active'><a>34422<\/a><\/li>\n\n\n\n<li><a href='?page_no=34423'>34423<\/a><\/li>\n\n\n\n<li><a href='?page_no=34424'>34424<\/a><\/li>\n\n\n\n<li><a>...<\/a><\/li>\n\n\n\n<li><a href='?page_no=36999'>36999<\/a><\/li>\n\n\n\n<li><a href='?page_no=37000'>37000<\/a><\/li>\n\n    \n\t\n\n<li >\n\t<a href='?page_no=34423'>Next<\/a>\n\t<\/li>\n\n\n    \n\n<li><a href='?page_no=37000'>Last &rsaquo;&rsaquo;<\/a><\/li>\n\n<\/ul>\n\n\n--><br \/>\n<\/body><\/p>\n","protected":false},"excerpt":{"rendered":"<p>Candelier: Nos unimos a la felicitaci\u00f3n Universal a Chavez &#13; Santo Domingo.- El candidato presidencial por el Partido Alianza Popular Pedro de Jes\u00fas Candelier, salud\u00f3 los grandes esfuerzos humanitarios que ha realizado el presidente venezolano en la materializaci\u00f3n de este acuerdo humanitario tan dif\u00edcil y agotador como es el caso del canje de los rehenes.\u00a0 [&hellip;]<\/p>\n","protected":false},"author":3,"featured_media":0,"comment_status":"open","ping_status":"open","sticky":false,"template":"","format":"standard","meta":{"footnotes":""},"categories":[22],"tags":[],"class_list":["post-191674","post","type-post","status-publish","format-standard","hentry","category-politica"],"_links":{"self":[{"href":"https:\/\/diariodominicano.com\/index.php?rest_route=\/wp\/v2\/posts\/191674","targetHints":{"allow":["GET"]}}],"collection":[{"href":"https:\/\/diariodominicano.com\/index.php?rest_route=\/wp\/v2\/posts"}],"about":[{"href":"https:\/\/diariodominicano.com\/index.php?rest_route=\/wp\/v2\/types\/post"}],"author":[{"embeddable":true,"href":"https:\/\/diariodominicano.com\/index.php?rest_route=\/wp\/v2\/users\/3"}],"replies":[{"embeddable":true,"href":"https:\/\/diariodominicano.com\/index.php?rest_route=%2Fwp%2Fv2%2Fcomments&post=191674"}],"version-history":[{"count":0,"href":"https:\/\/diariodominicano.com\/index.php?rest_route=\/wp\/v2\/posts\/191674\/revisions"}],"wp:attachment":[{"href":"https:\/\/diariodominicano.com\/index.php?rest_route=%2Fwp%2Fv2%2Fmedia&parent=191674"}],"wp:term":[{"taxonomy":"category","embeddable":true,"href":"https:\/\/diariodominicano.com\/index.php?rest_route=%2Fwp%2Fv2%2Fcategories&post=191674"},{"taxonomy":"post_tag","embeddable":true,"href":"https:\/\/diariodominicano.com\/index.php?rest_route=%2Fwp%2Fv2%2Ftags&post=191674"}],"curies":[{"name":"wp","href":"https:\/\/api.w.org\/{rel}","templated":true}]}}