{"id":191672,"date":"2008-01-11T15:07:48","date_gmt":"2008-01-11T15:07:48","guid":{"rendered":"http:\/\/diariodominicano.ddns.net\/?p=191672"},"modified":"2008-01-11T15:07:48","modified_gmt":"2008-01-11T15:07:48","slug":"jose-enrique-sued-y-amet-coordinan-plan-para-facilitar-transporte-en-santiago","status":"publish","type":"post","link":"https:\/\/diariodominicano.com\/?p=191672","title":{"rendered":"Jos\u00e9 Enrique Sued y Amet coordinan plan para facilitar transporte en Santiago"},"content":{"rendered":"<p><body><\/p>\n<p align=\"justify\" class=\"text1noticias\"><span class=\"titulogrande1\"><strong>S\u00edndico Jos\u00e9 Enrique Sued y Amet coordinan plan para facilitar transporte urbano en Santiago<\/strong><\/span><strong><br \/>&#13;<br \/>\n  <br \/>&#13;<br \/>\n      <img loading=\"lazy\" decoding=\"async\" src=\"http:\/\/localhost:8080\/pictures\/jose enrique sued y amet.jpg\" width=\"269\" height=\"169\" hspace=\"4\" align=\"left\" \/>Santiago.- <\/strong>El s\u00edndico municipal Jos\u00e9 Enrique Sued y la Autoridad Metropolitana  (AMET) iniciaron la coordinaci\u00f3n de un plan general para introducir medidas  reorganizativas que mejoren el funcionamiento del transporte urbano en el  municipio santiaguense, en cumplimiento a las disposiciones del Gobierno  Central, tendente al ahorro de energ\u00eda.<\/p>\n<p>&#13;<\/p>\n<p align=\"justify\" class=\"text1noticias\">Para  tales fines, el ejecutivo municipal\u00a0  recibi\u00f3 en su despacho de la Sindicatura al general Latif\u00a0 Miguel Mahfoud Rodr\u00edguez,\u00a0 director general de la AMET, quien estuvo acompa\u00f1ado  de varios oficiales de la instituci\u00f3n. <\/p>\n<p>&#13;<\/p>\n<p align=\"justify\" class=\"text1noticias\">Se  habl\u00f3 de la necesidad de exigirles a los choferes y a los sindicatos de las  diferentes rutas del concho que coloquen tablillas en un lugar visible del  autom\u00f3vil, con foto del chofer, de frente\u00a0  y de perfil.<\/p>\n<p>&#13;<\/p>\n<p align=\"justify\" class=\"text1noticias\">El  marbete de las franjas que otorga el Ayuntamiento ser\u00e1 redise\u00f1ado para que, adem\u00e1s del logo del  municipio, lleve el de AMET. Se har\u00e1 hincapi\u00e9 para que sea respetado el color  de la franja correspondiente al d\u00eda asignado, evitando as\u00ed\u00a0 los llamados \u201ccarros piratas\u201d.<\/p>\n<p>&#13;<\/p>\n<p align=\"justify\" class=\"text1noticias\">Por  parte del cabildo, el s\u00edndico Sued estuvo en compa\u00f1\u00eda de los funcionarios Rosa  F\u00e9liz, Oscar Nazer, y Edwin De Moya, directores de Tr\u00e1nsito Municipal, y de  Planeamiento Urbano, respectivamente.<\/p>\n<p>&#13;<\/p>\n<p align=\"justify\" class=\"text1noticias\">El  ejecutivo edilicio indic\u00f3 que acog\u00eda con  benepl\u00e1cito los planes de cooperaci\u00f3n de la AMET, instituci\u00f3n de la que dijo siempre se ha  mostrado receptiva para hacer respetar las disposiciones municipales sobre el  tr\u00e1nsito urbano.<\/p>\n<p>&#13;<\/p>\n<p>\u00a0<\/p>\n<p>&#13;<\/p>\n<p align=\"center\">2<\/p>\n<p>&#13;<\/p>\n<p>\u00a0<\/p>\n<p>&#13;<\/p>\n<p>\u201cEste  plan de trabajo podr\u00e1\u00a0 aplicarse de  manera r\u00e1pida, porque existen muchas de esas medidas generales que est\u00e1n  funcionando, como los sem\u00e1foros con luces LED, de bajo consumo, y con  programaci\u00f3n digital. Asimismo, con franjas coloreadas en las capotas de los  carros, entre otros logros\u201d, se\u00f1al\u00f3\u00a0 el  s\u00edndico Jos\u00e9 Enrique Sued.<\/p>\n<p>&#13;<\/p>\n<p>El  general Mahfoud Rodr\u00edguez se sinti\u00f3 optimista de trabajar en coordinaci\u00f3n con  las autoridades municipales, indicando que el s\u00edndico santiaguense es una  persona receptiva en pro del mejoramiento y desarrollo de la municipalidad.<\/p>\n<p>&#13;<\/p>\n<p>El  general Mahfoud Rodr\u00edguez, estuvo acompa\u00f1ado, entre otros, por los coroneles  Sergio D\u00edaz N\u00fa\u00f1ez y Dami\u00e1n Arias, director regional\u00a0 zona norte y vocero de AMET, respectivamente.<\/p>\n<p>&#13;<\/p>\n<h6> 2008-01-11 15:07:48 <\/h6>\n<p><!--\n<link rel=\"stylesheet\" href=\"css\/bootstrap.min.css\">\n\n\n<ul class=\"pagination\">\n\t    \n\t\n\n<li >\n\t<a href='?page_no=34419'>Previous<\/a>\n\t<\/li>\n\n\n       \n    \n\n<li><a href='?page_no=1'>1<\/a><\/li>\n\n\n\n<li><a href='?page_no=2'>2<\/a><\/li>\n\n\n\n<li><a>...<\/a><\/li>\n\n\n\n<li><a href='?page_no=34418'>34418<\/a><\/li>\n\n\n\n<li><a href='?page_no=34419'>34419<\/a><\/li>\n\n\n\n<li class='active'><a>34420<\/a><\/li>\n\n\n\n<li><a href='?page_no=34421'>34421<\/a><\/li>\n\n\n\n<li><a href='?page_no=34422'>34422<\/a><\/li>\n\n\n\n<li><a>...<\/a><\/li>\n\n\n\n<li><a href='?page_no=36999'>36999<\/a><\/li>\n\n\n\n<li><a href='?page_no=37000'>37000<\/a><\/li>\n\n    \n\t\n\n<li >\n\t<a href='?page_no=34421'>Next<\/a>\n\t<\/li>\n\n\n    \n\n<li><a href='?page_no=37000'>Last &rsaquo;&rsaquo;<\/a><\/li>\n\n<\/ul>\n\n\n--><br \/>\n<\/body><\/p>\n","protected":false},"excerpt":{"rendered":"<p>S\u00edndico Jos\u00e9 Enrique Sued y Amet coordinan plan para facilitar transporte urbano en Santiago&#13; &#13; Santiago.- El s\u00edndico municipal Jos\u00e9 Enrique Sued y la Autoridad Metropolitana (AMET) iniciaron la coordinaci\u00f3n de un plan general para introducir medidas reorganizativas que mejoren el funcionamiento del transporte urbano en el municipio santiaguense, en cumplimiento a las disposiciones del [&hellip;]<\/p>\n","protected":false},"author":3,"featured_media":0,"comment_status":"open","ping_status":"open","sticky":false,"template":"","format":"standard","meta":{"footnotes":""},"categories":[22],"tags":[],"class_list":["post-191672","post","type-post","status-publish","format-standard","hentry","category-politica"],"_links":{"self":[{"href":"https:\/\/diariodominicano.com\/index.php?rest_route=\/wp\/v2\/posts\/191672","targetHints":{"allow":["GET"]}}],"collection":[{"href":"https:\/\/diariodominicano.com\/index.php?rest_route=\/wp\/v2\/posts"}],"about":[{"href":"https:\/\/diariodominicano.com\/index.php?rest_route=\/wp\/v2\/types\/post"}],"author":[{"embeddable":true,"href":"https:\/\/diariodominicano.com\/index.php?rest_route=\/wp\/v2\/users\/3"}],"replies":[{"embeddable":true,"href":"https:\/\/diariodominicano.com\/index.php?rest_route=%2Fwp%2Fv2%2Fcomments&post=191672"}],"version-history":[{"count":0,"href":"https:\/\/diariodominicano.com\/index.php?rest_route=\/wp\/v2\/posts\/191672\/revisions"}],"wp:attachment":[{"href":"https:\/\/diariodominicano.com\/index.php?rest_route=%2Fwp%2Fv2%2Fmedia&parent=191672"}],"wp:term":[{"taxonomy":"category","embeddable":true,"href":"https:\/\/diariodominicano.com\/index.php?rest_route=%2Fwp%2Fv2%2Fcategories&post=191672"},{"taxonomy":"post_tag","embeddable":true,"href":"https:\/\/diariodominicano.com\/index.php?rest_route=%2Fwp%2Fv2%2Ftags&post=191672"}],"curies":[{"name":"wp","href":"https:\/\/api.w.org\/{rel}","templated":true}]}}