{"id":191671,"date":"2008-01-11T15:43:05","date_gmt":"2008-01-11T15:43:05","guid":{"rendered":"http:\/\/diariodominicano.ddns.net\/?p=191671"},"modified":"2008-01-11T15:43:05","modified_gmt":"2008-01-11T15:43:05","slug":"dirigentes-del-pld-y-ptd-llaman-a-los-jovenes-a-cedularse","status":"publish","type":"post","link":"https:\/\/diariodominicano.com\/?p=191671","title":{"rendered":"Dirigentes del PLD y PTD llaman a los j\u00f3venes a cedularse"},"content":{"rendered":"<p><body><\/p>\n<p align=\"justify\" class=\"text1noticias\"><span class=\"titulogrande1\"><strong>Dirigentes del PLD Y PTD llaman a los j\u00f3venes a cedularse<\/strong><\/span><strong><br \/>&#13;<br \/>\n  <br \/>&#13;<br \/>\n      <img loading=\"lazy\" decoding=\"async\" src=\"http:\/\/localhost:8080\/pictures\/pld ptd.jpg\" width=\"269\" height=\"111\" hspace=\"4\" align=\"left\" \/>BARAHONA.-<\/strong> Dos dirigentes de los partidos de  la Liberaci\u00f3n Dominicana  (PLD) y de los Trabajadores Dominicanos (PTD), llamaron a los j\u00f3venes que  cumplen 18 a\u00f1os antes del 16 de mayo acudir las Juntas Electorales a  inscribirse para que obtengan su Cedula de Identidad \u00a0y Electoral, para que puedan ejercer el voto. <\/p>\n<p>&#13;<\/p>\n<p align=\"justify\" class=\"text1noticias\"> Mayobanex De Jes\u00fas Laurens y Ohelmis S\u00e1nchez,  manifestaron que el plazo otorgado por la Junta Central  Electoral (JCE), para la inscripci\u00f3n de nuevos votantes y cambio de colegios  electorales vence esta lunes 14   a las 12 de la noche. <br \/>&#13;<br \/>\n  \u00a0 <br \/>&#13;<br \/>\n De Jes\u00fas Laurens y S\u00e1nchez, se\u00f1alaron que las  Juntas Electorales, laboraran los d\u00edas s\u00e1bado y domingo \u00a0en el horario de ocho de la ma\u00f1ana hasta las seis  de la tarde y el lunes de ocho de la ma\u00f1ana hasta la doce de la medianoche. <\/p>\n<p>&#13;<\/p>\n<p align=\"justify\" class=\"text1noticias\">\u201cllamamos a los j\u00f3venes que cumplen los 18 a\u00f1os  antes del 16 de mayo y que simpatizan con la candidatura presidencial del  presidente Leonel Fern\u00e1ndez, acudir masivamente a las Juntas Electorales a  inscribirse para que obtengan su C\u00e9dula de Identidad y Electoral ya que el  plazo de inscripci\u00f3n vence esta lunes 14 a las doce de la medianoche\u201d expresaron los  dirigentes pol\u00edticos en nota de prensa. <\/p>\n<p>&#13;<\/p>\n<p align=\"justify\" class=\"text1noticias\">Exhortaron a los miembros de los partidos  PLD, PTD y dem\u00e1s fuerzas aliadas que forman el Bloque Progresista que durante  los d\u00edas s\u00e1bado, domingo y\u00a0 lunes a dedicarse en cuerpo y alma a la tarea de cedulaci\u00f3n de nuevos  votantes o la de cambio de de direcci\u00f3n de los ciudadanos y ciudadanas que  simpatizan por la candidatura de Leonel Fern\u00e1ndez. <\/p>\n<p>&#13;<\/p>\n<h6> 2008-01-11 15:43:05 <\/h6>\n<p><!--\n<link rel=\"stylesheet\" href=\"css\/bootstrap.min.css\">\n\n\n<ul class=\"pagination\">\n\t    \n\t\n\n<li >\n\t<a href='?page_no=34418'>Previous<\/a>\n\t<\/li>\n\n\n       \n    \n\n<li><a href='?page_no=1'>1<\/a><\/li>\n\n\n\n<li><a href='?page_no=2'>2<\/a><\/li>\n\n\n\n<li><a>...<\/a><\/li>\n\n\n\n<li><a href='?page_no=34417'>34417<\/a><\/li>\n\n\n\n<li><a href='?page_no=34418'>34418<\/a><\/li>\n\n\n\n<li class='active'><a>34419<\/a><\/li>\n\n\n\n<li><a href='?page_no=34420'>34420<\/a><\/li>\n\n\n\n<li><a href='?page_no=34421'>34421<\/a><\/li>\n\n\n\n<li><a>...<\/a><\/li>\n\n\n\n<li><a href='?page_no=36999'>36999<\/a><\/li>\n\n\n\n<li><a href='?page_no=37000'>37000<\/a><\/li>\n\n    \n\t\n\n<li >\n\t<a href='?page_no=34420'>Next<\/a>\n\t<\/li>\n\n\n    \n\n<li><a href='?page_no=37000'>Last &rsaquo;&rsaquo;<\/a><\/li>\n\n<\/ul>\n\n\n--><br \/>\n<\/body><\/p>\n","protected":false},"excerpt":{"rendered":"<p>Dirigentes del PLD Y PTD llaman a los j\u00f3venes a cedularse&#13; &#13; BARAHONA.- Dos dirigentes de los partidos de la Liberaci\u00f3n Dominicana (PLD) y de los Trabajadores Dominicanos (PTD), llamaron a los j\u00f3venes que cumplen 18 a\u00f1os antes del 16 de mayo acudir las Juntas Electorales a inscribirse para que obtengan su Cedula de Identidad [&hellip;]<\/p>\n","protected":false},"author":3,"featured_media":0,"comment_status":"open","ping_status":"open","sticky":false,"template":"","format":"standard","meta":{"footnotes":""},"categories":[22],"tags":[],"class_list":["post-191671","post","type-post","status-publish","format-standard","hentry","category-politica"],"_links":{"self":[{"href":"https:\/\/diariodominicano.com\/index.php?rest_route=\/wp\/v2\/posts\/191671","targetHints":{"allow":["GET"]}}],"collection":[{"href":"https:\/\/diariodominicano.com\/index.php?rest_route=\/wp\/v2\/posts"}],"about":[{"href":"https:\/\/diariodominicano.com\/index.php?rest_route=\/wp\/v2\/types\/post"}],"author":[{"embeddable":true,"href":"https:\/\/diariodominicano.com\/index.php?rest_route=\/wp\/v2\/users\/3"}],"replies":[{"embeddable":true,"href":"https:\/\/diariodominicano.com\/index.php?rest_route=%2Fwp%2Fv2%2Fcomments&post=191671"}],"version-history":[{"count":0,"href":"https:\/\/diariodominicano.com\/index.php?rest_route=\/wp\/v2\/posts\/191671\/revisions"}],"wp:attachment":[{"href":"https:\/\/diariodominicano.com\/index.php?rest_route=%2Fwp%2Fv2%2Fmedia&parent=191671"}],"wp:term":[{"taxonomy":"category","embeddable":true,"href":"https:\/\/diariodominicano.com\/index.php?rest_route=%2Fwp%2Fv2%2Fcategories&post=191671"},{"taxonomy":"post_tag","embeddable":true,"href":"https:\/\/diariodominicano.com\/index.php?rest_route=%2Fwp%2Fv2%2Ftags&post=191671"}],"curies":[{"name":"wp","href":"https:\/\/api.w.org\/{rel}","templated":true}]}}