{"id":191670,"date":"2008-01-11T19:34:53","date_gmt":"2008-01-11T19:34:53","guid":{"rendered":"http:\/\/diariodominicano.ddns.net\/?p=191670"},"modified":"2008-01-11T19:34:53","modified_gmt":"2008-01-11T19:34:53","slug":"pld-retoma-encuentros-luego-del-cese-de-las-actividades-por-el-impacto-de-las-tormentas-noel-y-olga","status":"publish","type":"post","link":"https:\/\/diariodominicano.com\/?p=191670","title":{"rendered":"PLD retoma encuentros luego del cese de las actividades por el impacto de las tormentas Noel y Olga"},"content":{"rendered":"<p><body><\/p>\n<p align=\"justify\"><strong class=\"titulogrande1\">PLD retoma encuentros luego del cese de  las actividades por el impacto de las tormentas Noel y Olga <\/strong><br \/>&#13;<br \/>\n  <br \/>&#13;<br \/>\n    <span class=\"text1noticias\"><strong><img loading=\"lazy\" decoding=\"async\" src=\"http:\/\/localhost:8080\/pictures\/pld269.jpg\" width=\"269\" height=\"210\" hspace=\"4\" align=\"left\" \/>SANTO  DOMINGO.- <\/strong>El Comit\u00e9 Pol\u00edtico del Partido de la Liberaci\u00f3n Dominicana,  decidi\u00f3 retomar la peridiocidad de sus encuentros, suspendidos por el cese de actividades  que la propia direcci\u00f3n pol\u00edtica adopt\u00f3 ante el impacto de las tormentas Noel y  Olga y la temporada navide\u00f1a. <br \/>&#13;<br \/>\n    <br \/>&#13;<br \/>\n    Una  nota informativa de la organizaci\u00f3n pol\u00edtica explic\u00f3 que en el encuentro,  realizado el jueves en el Sal\u00f3n de sesiones de la Casa Presidencial  Pelede\u00edsta, ubicado en la en la Zona Universitaria de la ciudad capital, minutos  despu\u00e9s de las ocho de la noche, concluy\u00f3 a las 10 y 20 de la noche con unas  declaraciones a los medios de comunicaci\u00f3n. <br \/>&#13;<br \/>\n    <br \/>&#13;<br \/>\n    El  documento se\u00f1al\u00f3 que s\u00f3lo con tres ausencias, con sus respectivas excusas,  se realiz\u00f3 la reuni\u00f3n presidida por el Presidente de la Rep\u00fablica y del PLD, \u00a0Leonel Fern\u00e1ndez. <br \/>&#13;<br \/>\n    <br \/>&#13;<br \/>\n    El  despacho de prensa cit\u00f3 las declaraciones del secretario General de esa  organizaci\u00f3n, Reinaldo Pared P\u00e9rez de que \u00abPretendemos reunirnos cada dos  semanas a los fines de ir tratando los asuntos relacionados con la Campa\u00f1a Electoral  y \u00a0los asuntos internos de nuestra organizaci\u00f3n y tambi\u00e9n los temas  \u00a0relacionados con el acontecer nacional\u00bb. <br \/>&#13;<br \/>\n    <br \/>&#13;<br \/>\nPared  P\u00e9rez al referirse a la   Campa\u00f1a Electoral, inform\u00f3 que se conocieron y ratificaron  actividades programadas para los pr\u00f3ximos d\u00edas, de organizaci\u00f3n de los trabajos  y de promoci\u00f3n pol\u00edtica. <\/span><\/p>\n<p>&#13;<\/p>\n<p align=\"justify\" class=\"text1noticias\">Refiri\u00f3,  que el Domingo a las diez de la ma\u00f1ana se realizar\u00e1 una Asamblea General,  encabezada por el Presidente del Partido y candidato presidencial, Leonel  Fern\u00e1ndez, a la que est\u00e1n siendo convocados los miembros del Comit\u00e9 Central y  \u00a0los integrantes de las Direcciones Provinciales y de Circunscripciones  Electorales. <br \/>&#13;<br \/>\n  <br \/>&#13;<br \/>\n  Explic\u00f3  el vocero pelede\u00edsta, \u00a0que en dicha \u00a0asamblea se dar\u00e1n los detalles e  informaciones concernientes con el proceso de la campa\u00f1a electoral y su formal  inicio. <br \/>&#13;<br \/>\n  <br \/>&#13;<br \/>\n\u201cDentro  de las actividades, se ratific\u00f3 el acto de inauguraci\u00f3n del local del Comit\u00e9  Nacional de Campa\u00f1a, programado para las cinco de la tarde del martes 15 de  enero. El local del Comit\u00e9 Nacional de Campa\u00f1a del PLD est\u00e1 ubicado en la  avenida Bol\u00edvar, entre las tambi\u00e9n avenidas Alma Mater y Abraham Lincoln\u201d,  explic\u00f3 Pared P\u00e9rez. <br \/>&#13;<br \/>\n<br \/>&#13;<br \/>\nEn otro orden \u00a0el Comit\u00e9 Pol\u00edtico del PLD, en su reuni\u00f3n de este  jueves, \u00a0encabezada por su presidente Leonel Fern\u00e1ndez, advirti\u00f3 \u00a0a  sus\u00a0 regidores dejar sin efecto cualquier aumento salarial producido en  los pr\u00f3ximos d\u00edas, so pena de adoptar acciones disciplinarias. <br \/>&#13;<br \/>\n<br \/>&#13;<br \/>\n\u00abEste  Comit\u00e9 Pol\u00edtico acord\u00f3 informarle a los regidores de nuestra organizaci\u00f3n, que  donde se hayan producido aumentos de salarios de estos ediles deben\u00a0  dejarlos sin efecto; so pena de que en caso de no obtemperar, de no obedecer, o  de no acatar esta decisi\u00f3n que ha tomado el Comit\u00e9 Pol\u00edtico, que de por s\u00ed es  el organismo responsable estatutariamente para tratar lo referente a la materia  municipal y la \u00a0congresional; ser\u00e1n\u00a0 expulsados todo aquel que acate  esta decisi\u00f3n\u00bb precis\u00f3 Pared P\u00e9rez, al dar a conocer la decisi\u00f3n adoptada  a unanimidad. <br \/>&#13;<br \/>\n<br \/>&#13;<br \/>\nConfirm\u00f3  el Senador de la Capital  y Secretario General del PLD, que se tiene programado para los  pr\u00f3ximos d\u00edas una reuni\u00f3n con todos los s\u00edndicos miembros y dirigentes de la  organizaci\u00f3n y aliados.<br \/>&#13;<br \/>\n<br \/>&#13;<br \/>\nEn  la reuni\u00f3n del organismo ejecutivo pol\u00edtico del Comit\u00e9 Central del PLD, se  decidi\u00f3 tambi\u00e9n, brindar un s\u00f3lido respaldo a las acciones que viene tomando el  gobierno central, \u00a0luego del paso de las tormentas Noel y Olga.\u00a0 <br \/>&#13;<br \/>\n<br \/>&#13;<br \/>\nDijo,  que en \u00a0las directrices del gobierno para recuperar los sectores y comunidades  afectadas, cuenta \u00a0con el apoyo de la dirigencia y militancia del Partido  de la   Liberaci\u00f3n Dominicana. <br \/>&#13;<br \/>\n<br \/>&#13;<br \/>\nPared  P\u00e9rez explic\u00f3, que las decisiones adoptadas, sobretodo la referente a la  advertencia a los regidores de su partido, se hizo a unanimidad. \u00a0 <\/p>\n<p>&#13;<\/p>\n<h6> 2008-01-11 19:34:53 <\/h6>\n<p><!--\n<link rel=\"stylesheet\" href=\"css\/bootstrap.min.css\">\n\n\n<ul class=\"pagination\">\n\t    \n\t\n\n<li >\n\t<a href='?page_no=34417'>Previous<\/a>\n\t<\/li>\n\n\n       \n    \n\n<li><a href='?page_no=1'>1<\/a><\/li>\n\n\n\n<li><a href='?page_no=2'>2<\/a><\/li>\n\n\n\n<li><a>...<\/a><\/li>\n\n\n\n<li><a href='?page_no=34416'>34416<\/a><\/li>\n\n\n\n<li><a href='?page_no=34417'>34417<\/a><\/li>\n\n\n\n<li class='active'><a>34418<\/a><\/li>\n\n\n\n<li><a href='?page_no=34419'>34419<\/a><\/li>\n\n\n\n<li><a href='?page_no=34420'>34420<\/a><\/li>\n\n\n\n<li><a>...<\/a><\/li>\n\n\n\n<li><a href='?page_no=36999'>36999<\/a><\/li>\n\n\n\n<li><a href='?page_no=37000'>37000<\/a><\/li>\n\n    \n\t\n\n<li >\n\t<a href='?page_no=34419'>Next<\/a>\n\t<\/li>\n\n\n    \n\n<li><a href='?page_no=37000'>Last &rsaquo;&rsaquo;<\/a><\/li>\n\n<\/ul>\n\n\n--><br \/>\n<\/body><\/p>\n","protected":false},"excerpt":{"rendered":"<p>PLD retoma encuentros luego del cese de las actividades por el impacto de las tormentas Noel y Olga &#13; &#13; SANTO DOMINGO.- El Comit\u00e9 Pol\u00edtico del Partido de la Liberaci\u00f3n Dominicana, decidi\u00f3 retomar la peridiocidad de sus encuentros, suspendidos por el cese de actividades que la propia direcci\u00f3n pol\u00edtica adopt\u00f3 ante el impacto de las [&hellip;]<\/p>\n","protected":false},"author":3,"featured_media":0,"comment_status":"open","ping_status":"open","sticky":false,"template":"","format":"standard","meta":{"footnotes":""},"categories":[22],"tags":[],"class_list":["post-191670","post","type-post","status-publish","format-standard","hentry","category-politica"],"_links":{"self":[{"href":"https:\/\/diariodominicano.com\/index.php?rest_route=\/wp\/v2\/posts\/191670","targetHints":{"allow":["GET"]}}],"collection":[{"href":"https:\/\/diariodominicano.com\/index.php?rest_route=\/wp\/v2\/posts"}],"about":[{"href":"https:\/\/diariodominicano.com\/index.php?rest_route=\/wp\/v2\/types\/post"}],"author":[{"embeddable":true,"href":"https:\/\/diariodominicano.com\/index.php?rest_route=\/wp\/v2\/users\/3"}],"replies":[{"embeddable":true,"href":"https:\/\/diariodominicano.com\/index.php?rest_route=%2Fwp%2Fv2%2Fcomments&post=191670"}],"version-history":[{"count":0,"href":"https:\/\/diariodominicano.com\/index.php?rest_route=\/wp\/v2\/posts\/191670\/revisions"}],"wp:attachment":[{"href":"https:\/\/diariodominicano.com\/index.php?rest_route=%2Fwp%2Fv2%2Fmedia&parent=191670"}],"wp:term":[{"taxonomy":"category","embeddable":true,"href":"https:\/\/diariodominicano.com\/index.php?rest_route=%2Fwp%2Fv2%2Fcategories&post=191670"},{"taxonomy":"post_tag","embeddable":true,"href":"https:\/\/diariodominicano.com\/index.php?rest_route=%2Fwp%2Fv2%2Ftags&post=191670"}],"curies":[{"name":"wp","href":"https:\/\/api.w.org\/{rel}","templated":true}]}}