{"id":191669,"date":"2008-01-11T20:27:04","date_gmt":"2008-01-11T20:27:04","guid":{"rendered":"http:\/\/diariodominicano.ddns.net\/?p=191669"},"modified":"2008-01-11T20:27:04","modified_gmt":"2008-01-11T20:27:04","slug":"jose-enrique-sued-acepto-la-candidatura-a-vice-junto-a-amable-aristy","status":"publish","type":"post","link":"https:\/\/diariodominicano.com\/?p=191669","title":{"rendered":"Jos\u00e9 Enrique Sued: Acepto la candidatura a Vice junto a Amable Aristy"},"content":{"rendered":"<p><body><\/p>\n<p class=\"titulogrande1\"><strong>Jos\u00e9 Enrique Sued: \u201cAcepto la candidatura a Vice con Amable Aristy<\/strong><\/p>\n<p>&#13;<\/p>\n<p align=\"justify\" class=\"text1noticias\"><strong><img loading=\"lazy\" decoding=\"async\" src=\"http:\/\/localhost:8080\/pictures\/jose enrique sued pic.jpg\" width=\"269\" height=\"269\" hspace=\"4\" align=\"left\" \/>MOCA.-<\/strong> El s\u00edndico  de Santiago, Jos\u00e9 Enrique Sued, dijo aqu\u00ed que acepta la propuesta de los principales  dirigentes del Partido Reformista Social Cristiano (PRSC) en las catorce  provincias del Cibao de presentarse como candidato vicepresidencial de esa  organizaci\u00f3n para las elecciones de mayo pr\u00f3ximo.<\/p>\n<p>&#13;<\/p>\n<p align=\"justify\" class=\"text1noticias\">Sued dijo que  despu\u00e9s de analizar la propuesta ha decidido aceptar ser el compa\u00f1ero de boleta  de Amable Aristy Castro, lo que a su juicio fortalecer\u00eda la candidatura  reformista en la regi\u00f3n del Cibao, especialmente en plazas electorales como  Santiago, La Vega,  Moca, San Francisco de Macor\u00eds y Puerto Plata.<\/p>\n<p>&#13;<\/p>\n<p align=\"justify\" class=\"text1noticias\">El s\u00edndico y  miembro de la comisi\u00f3n pol\u00edtica del PRSC dijo que se mantiene en contacto  permanente con la dirigencia reformista en las diferentes provincias de la  regi\u00f3n Norte, donde asegur\u00f3 tiene un gran liderazgo fruto del trabajo pol\u00edtico  de tantos a\u00f1os que ayudar\u00e1 al fortalecimiento y crecimiento de la candidatura  de Aristy Castro.<\/p>\n<p>&#13;<\/p>\n<p align=\"justify\" class=\"text1noticias\">Jos\u00e9 Enrique  Sued habl\u00f3 en esos t\u00e9rminos en el marco de un encuentro con la dirigencia  reformista en la provincia Espaillat en presencia del presidente del partido,  Federico Ant\u00fan Batlle, y los dirigentes nacionales Victor \u2013Ito- Bison\u00f3, V\u00edctor  Garc\u00eda Santos, Remberto Cruz, M\u00e1ximo Castro Silverio, Marino Collante, Benny  Metz, Papito Cruz, entre otros.<br \/>&#13;<br \/>\n  \u00a0<br \/>&#13;<br \/>\n  Resalt\u00f3 que su  gesti\u00f3n municipal, que ha sido muy bien valorada, sirve de ejemplo para  fortalecer la candidatura del Partido Reformista con miras a las elecciones de  mayo pr\u00f3ximo.<\/p>\n<p>&#13;<\/p>\n<p align=\"justify\" class=\"text1noticias\">Dijo asimismo  que el PRSC se encuentra en un momento estelar para volver al poder, con un  candidato que lleva un crecimiento sostenido en las preferencias electorales y  con la tasa de rechazo por el suelo.<\/p>\n<p>&#13;<\/p>\n<p align=\"justify\" class=\"text1noticias\">\u201cTenemos un buen  candidato y un partido decidido a librar la batalla electoral con un trabajo  pol\u00edtico a tiempo completo, pero sobre todo con fe y decisi\u00f3n de volver al  poder\u201d, agreg\u00f3.<\/p>\n<p>&#13;<\/p>\n<p align=\"justify\" class=\"text1noticias\">Sued dijo que  desde ya comenzar\u00e1 a engrasar su maquinaria electoral, que seg\u00fan explic\u00f3,  cuenta con un equipo de dirigentes \u201cgrandes ligas\u201d que han sido determinantes  en sus triunfos electorales.<\/p>\n<p>&#13;<\/p>\n<h6> 2008-01-11 20:27:04 <\/h6>\n<p><!--\n<link rel=\"stylesheet\" href=\"css\/bootstrap.min.css\">\n\n\n<ul class=\"pagination\">\n\t    \n\t\n\n<li >\n\t<a href='?page_no=34416'>Previous<\/a>\n\t<\/li>\n\n\n       \n    \n\n<li><a href='?page_no=1'>1<\/a><\/li>\n\n\n\n<li><a href='?page_no=2'>2<\/a><\/li>\n\n\n\n<li><a>...<\/a><\/li>\n\n\n\n<li><a href='?page_no=34415'>34415<\/a><\/li>\n\n\n\n<li><a href='?page_no=34416'>34416<\/a><\/li>\n\n\n\n<li class='active'><a>34417<\/a><\/li>\n\n\n\n<li><a href='?page_no=34418'>34418<\/a><\/li>\n\n\n\n<li><a href='?page_no=34419'>34419<\/a><\/li>\n\n\n\n<li><a>...<\/a><\/li>\n\n\n\n<li><a href='?page_no=36999'>36999<\/a><\/li>\n\n\n\n<li><a href='?page_no=37000'>37000<\/a><\/li>\n\n    \n\t\n\n<li >\n\t<a href='?page_no=34418'>Next<\/a>\n\t<\/li>\n\n\n    \n\n<li><a href='?page_no=37000'>Last &rsaquo;&rsaquo;<\/a><\/li>\n\n<\/ul>\n\n\n--><br \/>\n<\/body><\/p>\n","protected":false},"excerpt":{"rendered":"<p>Jos\u00e9 Enrique Sued: \u201cAcepto la candidatura a Vice con Amable Aristy &#13; MOCA.- El s\u00edndico de Santiago, Jos\u00e9 Enrique Sued, dijo aqu\u00ed que acepta la propuesta de los principales dirigentes del Partido Reformista Social Cristiano (PRSC) en las catorce provincias del Cibao de presentarse como candidato vicepresidencial de esa organizaci\u00f3n para las elecciones de mayo [&hellip;]<\/p>\n","protected":false},"author":3,"featured_media":0,"comment_status":"open","ping_status":"open","sticky":false,"template":"","format":"standard","meta":{"footnotes":""},"categories":[22],"tags":[],"class_list":["post-191669","post","type-post","status-publish","format-standard","hentry","category-politica"],"_links":{"self":[{"href":"https:\/\/diariodominicano.com\/index.php?rest_route=\/wp\/v2\/posts\/191669","targetHints":{"allow":["GET"]}}],"collection":[{"href":"https:\/\/diariodominicano.com\/index.php?rest_route=\/wp\/v2\/posts"}],"about":[{"href":"https:\/\/diariodominicano.com\/index.php?rest_route=\/wp\/v2\/types\/post"}],"author":[{"embeddable":true,"href":"https:\/\/diariodominicano.com\/index.php?rest_route=\/wp\/v2\/users\/3"}],"replies":[{"embeddable":true,"href":"https:\/\/diariodominicano.com\/index.php?rest_route=%2Fwp%2Fv2%2Fcomments&post=191669"}],"version-history":[{"count":0,"href":"https:\/\/diariodominicano.com\/index.php?rest_route=\/wp\/v2\/posts\/191669\/revisions"}],"wp:attachment":[{"href":"https:\/\/diariodominicano.com\/index.php?rest_route=%2Fwp%2Fv2%2Fmedia&parent=191669"}],"wp:term":[{"taxonomy":"category","embeddable":true,"href":"https:\/\/diariodominicano.com\/index.php?rest_route=%2Fwp%2Fv2%2Fcategories&post=191669"},{"taxonomy":"post_tag","embeddable":true,"href":"https:\/\/diariodominicano.com\/index.php?rest_route=%2Fwp%2Fv2%2Ftags&post=191669"}],"curies":[{"name":"wp","href":"https:\/\/api.w.org\/{rel}","templated":true}]}}