{"id":191668,"date":"2008-01-11T21:45:14","date_gmt":"2008-01-11T21:45:14","guid":{"rendered":"http:\/\/diariodominicano.ddns.net\/?p=191668"},"modified":"2008-01-11T21:45:14","modified_gmt":"2008-01-11T21:45:14","slug":"dr-leonel-fernandez-reinicia-actividades-proselitistas-con-recorrido-por-sectores-de-los-municipios-de-boca-chica-y-santo-domingo-este","status":"publish","type":"post","link":"https:\/\/diariodominicano.com\/?p=191668","title":{"rendered":"DR. Leonel Fern\u00e1ndez reinicia actividades proselitistas con recorrido por sectores de los municipios de Boca Chica y Santo Domingo Este"},"content":{"rendered":"<p><body><\/p>\n<p align=\"justify\" class=\"titulogrande1\"><strong>DR. Leonel Fern\u00e1ndez reinicia actividades proselitistas con recorrido por sectores de los municipios de Boca Chica y Santo Domingo Este <\/strong><\/p>\n<p>&#13;<\/p>\n<p align=\"justify\" class=\"text1noticias\"><strong><img loading=\"lazy\" decoding=\"async\" src=\"http:\/\/localhost:8080\/pictures\/leonel foto.jpg\" width=\"269\" height=\"427\" hspace=\"4\" align=\"left\" \/>Santo Domingo.- <\/strong>El  candidato presidencial del Partido de la Liberaci\u00f3n Dominicana  (PLD) y de la mayor coalici\u00f3n de partidos pol\u00edticos, doctor Leonel Fern\u00e1ndez, \u00a0reiniciar\u00e1 este s\u00e1bado sus actividades  proselitistas de cara a las elecciones del pr\u00f3ximo 16 de mayo con un recorrido \u00a0por los municipios de Boca Chica y Santo  Domingo Este<strong>. <\/strong><br \/>&#13;<br \/>\n  <br \/>&#13;<br \/>\n    El mandatario tiene previsto  recorrer un total de 50   kil\u00f3metros a travesando e intern\u00e1ndose por las calles  de\u00a0 los principales sectores de los  municipios de Boca Chica y Santo Domingo Este. <br \/>&#13;<br \/>\n    <br \/>&#13;<br \/>\n La  actividad est\u00e1 programada para comenzar a las 3:00 de la tarde, partiendo de la  intersecci\u00f3n de las calles Duarte con Ernesto Goyeneche, de la comunidad de  Andr\u00e9s, Boca Chica. <br \/>&#13;<br \/>\n<br \/>&#13;<br \/>\n Luego  visitar\u00e1 los sectores de la   Caleta, El Ure\u00f1a, San Bartolo, Kil\u00f3metro 12, Los Frailes I,  Mendoza y Juan Pablo Duarte. Adem\u00e1s, el recorrido incluye a Villa Faro, Los  Mina, Los Tres Brazos, para concluir en el ensanche Ozama, de la zona Oriental\u00a0\u00a0\u00a0 El candidato presidencial del Partido de la Liberaci\u00f3n Dominicana  (PLD) estar\u00e1 acompa\u00f1ado de los principales dirigentes que integran el Comit\u00e9  Nacional de la Campa\u00f1a. Asimismo,  de los l\u00edderes zonales y comunitarios del partido morado, fundado por el  profesor Juan Bosch.<br \/>&#13;<br \/>\n<br \/>&#13;<br \/>\n Adem\u00e1s, del  recorrido del mandatario, el partido morado desarrollar\u00e1 toques de banderas a  nivel nacional de cara a la inauguraci\u00f3n del Comando Nacional de Campa\u00f1a, que  tendr\u00e1 lugar el martes 15 de este mes y a la proclamaci\u00f3n oficial de la  candidatura presidencial del doctor Fern\u00e1ndez, pautada para el 27 de este  mes.<\/p>\n<p>&#13;<\/p>\n<h6> 2008-01-11 21:45:14 <\/h6>\n<p><!--\n<link rel=\"stylesheet\" href=\"css\/bootstrap.min.css\">\n\n\n<ul class=\"pagination\">\n\t    \n\t\n\n<li >\n\t<a href='?page_no=34415'>Previous<\/a>\n\t<\/li>\n\n\n       \n    \n\n<li><a href='?page_no=1'>1<\/a><\/li>\n\n\n\n<li><a href='?page_no=2'>2<\/a><\/li>\n\n\n\n<li><a>...<\/a><\/li>\n\n\n\n<li><a href='?page_no=34414'>34414<\/a><\/li>\n\n\n\n<li><a href='?page_no=34415'>34415<\/a><\/li>\n\n\n\n<li class='active'><a>34416<\/a><\/li>\n\n\n\n<li><a href='?page_no=34417'>34417<\/a><\/li>\n\n\n\n<li><a href='?page_no=34418'>34418<\/a><\/li>\n\n\n\n<li><a>...<\/a><\/li>\n\n\n\n<li><a href='?page_no=36999'>36999<\/a><\/li>\n\n\n\n<li><a href='?page_no=37000'>37000<\/a><\/li>\n\n    \n\t\n\n<li >\n\t<a href='?page_no=34417'>Next<\/a>\n\t<\/li>\n\n\n    \n\n<li><a href='?page_no=37000'>Last &rsaquo;&rsaquo;<\/a><\/li>\n\n<\/ul>\n\n\n--><br \/>\n<\/body><\/p>\n","protected":false},"excerpt":{"rendered":"<p>DR. Leonel Fern\u00e1ndez reinicia actividades proselitistas con recorrido por sectores de los municipios de Boca Chica y Santo Domingo Este &#13; Santo Domingo.- El candidato presidencial del Partido de la Liberaci\u00f3n Dominicana (PLD) y de la mayor coalici\u00f3n de partidos pol\u00edticos, doctor Leonel Fern\u00e1ndez, \u00a0reiniciar\u00e1 este s\u00e1bado sus actividades proselitistas de cara a las elecciones [&hellip;]<\/p>\n","protected":false},"author":3,"featured_media":0,"comment_status":"open","ping_status":"open","sticky":false,"template":"","format":"standard","meta":{"footnotes":""},"categories":[22],"tags":[],"class_list":["post-191668","post","type-post","status-publish","format-standard","hentry","category-politica"],"_links":{"self":[{"href":"https:\/\/diariodominicano.com\/index.php?rest_route=\/wp\/v2\/posts\/191668","targetHints":{"allow":["GET"]}}],"collection":[{"href":"https:\/\/diariodominicano.com\/index.php?rest_route=\/wp\/v2\/posts"}],"about":[{"href":"https:\/\/diariodominicano.com\/index.php?rest_route=\/wp\/v2\/types\/post"}],"author":[{"embeddable":true,"href":"https:\/\/diariodominicano.com\/index.php?rest_route=\/wp\/v2\/users\/3"}],"replies":[{"embeddable":true,"href":"https:\/\/diariodominicano.com\/index.php?rest_route=%2Fwp%2Fv2%2Fcomments&post=191668"}],"version-history":[{"count":0,"href":"https:\/\/diariodominicano.com\/index.php?rest_route=\/wp\/v2\/posts\/191668\/revisions"}],"wp:attachment":[{"href":"https:\/\/diariodominicano.com\/index.php?rest_route=%2Fwp%2Fv2%2Fmedia&parent=191668"}],"wp:term":[{"taxonomy":"category","embeddable":true,"href":"https:\/\/diariodominicano.com\/index.php?rest_route=%2Fwp%2Fv2%2Fcategories&post=191668"},{"taxonomy":"post_tag","embeddable":true,"href":"https:\/\/diariodominicano.com\/index.php?rest_route=%2Fwp%2Fv2%2Ftags&post=191668"}],"curies":[{"name":"wp","href":"https:\/\/api.w.org\/{rel}","templated":true}]}}