{"id":191667,"date":"2008-01-12T00:07:28","date_gmt":"2008-01-12T00:07:28","guid":{"rendered":"http:\/\/diariodominicano.ddns.net\/?p=191667"},"modified":"2008-01-12T00:07:28","modified_gmt":"2008-01-12T00:07:28","slug":"vargas-maldonado-dice-desde-la-presidencia-someteria-proyecto-prohibiendo-reeleccion","status":"publish","type":"post","link":"https:\/\/diariodominicano.com\/?p=191667","title":{"rendered":"Vargas Maldonado dice desde la Presidencia someter\u00eda proyecto prohibiendo reelecci\u00f3n"},"content":{"rendered":"<p><body><\/p>\n<p align=\"justify\" class=\"titulogrande1\">Vargas  Maldonado dice desde la   Presidencia someter\u00eda proyecto prohibiendo reelecci\u00f3n<\/p>\n<p>&#13;<\/p>\n<p align=\"justify\" class=\"text1noticias\"><strong><img loading=\"lazy\" decoding=\"async\" src=\"http:\/\/localhost:8080\/pictures\/maldonado derechos civiles 1.jpg\" width=\"269\" height=\"265\" hspace=\"4\" align=\"left\" \/>Santo Domingo.-<\/strong> El candidato  electoral, Miguel Vargas Maldonado, dijo estar dispuesto luego de obtener la  presidencia a trabajar con diferentes organizaciones nacionales e  internacionales a fin de establecer un proceso de desarrollo en el pa\u00eds a  corto, mediano y largo plazo que incluya un proyecto de no reelecci\u00f3n. <\/p>\n<p>&#13;<\/p>\n<p align=\"justify\" class=\"text1noticias\">Indic\u00f3 que est\u00e1 convencido de  lo da\u00f1ina y prejuiciosa que ha sido la reelecci\u00f3n para el pa\u00eds. Dijo que \u00a0\u00ablo vimos en el per\u00edodo del 2004 y lo  estamos viendo ahora con mayor \u00e9nfasis, a trav\u00e9s del uso y abuso de los  recursos del estado que es una situaci\u00f3n que est\u00e1 a la orden del d\u00eda\u00bb. <\/p>\n<p>&#13;<\/p>\n<p align=\"justify\" class=\"text1noticias\">Precis\u00f3 que insistir\u00e1 en el  sometimiento de los funcionarios responsables de distorsionar los recursos de  la naci\u00f3n al considerar que esas acciones van en detrimento de la democracia  dominicana.<\/p>\n<p>&#13;<\/p>\n<p align=\"justify\" class=\"text1noticias\">Revel\u00f3 que est\u00e1n trabajando  con acuerdos con el Partido de la Uni\u00f3n Dem\u00f3crata y otros contactos a fin\u00a0 de poder establecer compromisos basados en un  proyecto de naci\u00f3n y en un gobierno participativo.<\/p>\n<p>&#13;<\/p>\n<p align=\"justify\" class=\"text1noticias\">Asegur\u00f3 que de ser elegido  presidente de la Rep\u00fablica  en los pr\u00f3ximos comicios, trabajar\u00e1 con el sector p\u00fablico y privado para asumir  con responsabilidad los problemas b\u00e1sicos del pa\u00eds. <br \/>&#13;<br \/>\n  \u00a0<br \/>&#13;<br \/>\n  Aclar\u00f3 que de ser favorecido,  su gesti\u00f3n dar\u00e1 apertura y participaci\u00f3n en consenso, a las soluciones de los  princip\u00e1les d\u00e9ficit del pa\u00eds, para lo que dijo est\u00e1n desarrollando a un  programa de gobierno encaminado los ciudadanos de la naci\u00f3n.\u00a0 <\/p>\n<p>&#13;<\/p>\n<h6> 2008-01-12 00:07:28 <\/h6>\n<p><!--\n<link rel=\"stylesheet\" href=\"css\/bootstrap.min.css\">\n\n\n<ul class=\"pagination\">\n\t    \n\t\n\n<li >\n\t<a href='?page_no=34414'>Previous<\/a>\n\t<\/li>\n\n\n       \n    \n\n<li><a href='?page_no=1'>1<\/a><\/li>\n\n\n\n<li><a href='?page_no=2'>2<\/a><\/li>\n\n\n\n<li><a>...<\/a><\/li>\n\n\n\n<li><a href='?page_no=34413'>34413<\/a><\/li>\n\n\n\n<li><a href='?page_no=34414'>34414<\/a><\/li>\n\n\n\n<li class='active'><a>34415<\/a><\/li>\n\n\n\n<li><a href='?page_no=34416'>34416<\/a><\/li>\n\n\n\n<li><a href='?page_no=34417'>34417<\/a><\/li>\n\n\n\n<li><a>...<\/a><\/li>\n\n\n\n<li><a href='?page_no=36999'>36999<\/a><\/li>\n\n\n\n<li><a href='?page_no=37000'>37000<\/a><\/li>\n\n    \n\t\n\n<li >\n\t<a href='?page_no=34416'>Next<\/a>\n\t<\/li>\n\n\n    \n\n<li><a href='?page_no=37000'>Last &rsaquo;&rsaquo;<\/a><\/li>\n\n<\/ul>\n\n\n--><br \/>\n<\/body><\/p>\n","protected":false},"excerpt":{"rendered":"<p>Vargas Maldonado dice desde la Presidencia someter\u00eda proyecto prohibiendo reelecci\u00f3n &#13; Santo Domingo.- El candidato electoral, Miguel Vargas Maldonado, dijo estar dispuesto luego de obtener la presidencia a trabajar con diferentes organizaciones nacionales e internacionales a fin de establecer un proceso de desarrollo en el pa\u00eds a corto, mediano y largo plazo que incluya un [&hellip;]<\/p>\n","protected":false},"author":3,"featured_media":0,"comment_status":"open","ping_status":"open","sticky":false,"template":"","format":"standard","meta":{"footnotes":""},"categories":[22],"tags":[],"class_list":["post-191667","post","type-post","status-publish","format-standard","hentry","category-politica"],"_links":{"self":[{"href":"https:\/\/diariodominicano.com\/index.php?rest_route=\/wp\/v2\/posts\/191667","targetHints":{"allow":["GET"]}}],"collection":[{"href":"https:\/\/diariodominicano.com\/index.php?rest_route=\/wp\/v2\/posts"}],"about":[{"href":"https:\/\/diariodominicano.com\/index.php?rest_route=\/wp\/v2\/types\/post"}],"author":[{"embeddable":true,"href":"https:\/\/diariodominicano.com\/index.php?rest_route=\/wp\/v2\/users\/3"}],"replies":[{"embeddable":true,"href":"https:\/\/diariodominicano.com\/index.php?rest_route=%2Fwp%2Fv2%2Fcomments&post=191667"}],"version-history":[{"count":0,"href":"https:\/\/diariodominicano.com\/index.php?rest_route=\/wp\/v2\/posts\/191667\/revisions"}],"wp:attachment":[{"href":"https:\/\/diariodominicano.com\/index.php?rest_route=%2Fwp%2Fv2%2Fmedia&parent=191667"}],"wp:term":[{"taxonomy":"category","embeddable":true,"href":"https:\/\/diariodominicano.com\/index.php?rest_route=%2Fwp%2Fv2%2Fcategories&post=191667"},{"taxonomy":"post_tag","embeddable":true,"href":"https:\/\/diariodominicano.com\/index.php?rest_route=%2Fwp%2Fv2%2Ftags&post=191667"}],"curies":[{"name":"wp","href":"https:\/\/api.w.org\/{rel}","templated":true}]}}