{"id":191665,"date":"2008-01-12T01:02:53","date_gmt":"2008-01-12T01:02:53","guid":{"rendered":"http:\/\/diariodominicano.ddns.net\/?p=191665"},"modified":"2008-01-12T01:02:53","modified_gmt":"2008-01-12T01:02:53","slug":"pri-deplora-enfrentamientos-entre-senadores-y-diputados","status":"publish","type":"post","link":"https:\/\/diariodominicano.com\/?p=191665","title":{"rendered":"PRI deplora enfrentamientos entre senadores y diputados"},"content":{"rendered":"<p><body><\/p>\n<p class=\"titulogrande1\">PRI  deplora enfrentamientos entre senadores y diputados<\/p>\n<p>&#13;<\/p>\n<p align=\"justify\" class=\"text1noticias\"><strong>SANTO  DOMINGO.- <\/strong>El candidato presidencial del Partido Revolucionario Independiente  (PRI), Trajano Santana, deplor\u00f3\u00a0 el  enfrentamiento entre diputados y senadores en torno a la denuncia referente a  la asignaci\u00f3n de fondos millonarios en el Presupuesto Nacional para financiar  Organizaciones No Gubernamentales (ONGS) Fantasmas de legisladores  oficialistas.<\/p>\n<p>&#13;<\/p>\n<p align=\"justify\" class=\"text1noticias\">Manifest\u00f3  que ese enfrentamiento constituye una evidencia palpable de la falta de  institucionalidad\u00a0 que afecta al pa\u00eds y  los altos niveles de corrupci\u00f3n\u00a0 en el  Congreso Nacional y el Gobierno del presidente Leonel Fern\u00e1ndez.<\/p>\n<p>&#13;<\/p>\n<p align=\"justify\" class=\"text1noticias\">Consider\u00f3  inconcebible que la sociedad dominicana permanezca indiferente ante ese tipo de  esc\u00e1ndalo que, a su juicio, compromete los bienes del Estado, que son el  resultado de los impuestos que pagan todos los sectores de la poblaci\u00f3n.<\/p>\n<p>&#13;<\/p>\n<p align=\"justify\" class=\"text1noticias\">\u201cLa  sociedad dominicana debe exigir al Gobierno del presidente Leonel Fern\u00e1ndez y  al propio Congreso Nacional que explique la veracidad de esa denuncia, para que  establezca los correctivos de lugar\u201d, expres\u00f3 el candidato del PRI.<\/p>\n<p>&#13;<\/p>\n<p align=\"justify\" class=\"text1noticias\">Trajano  Santana se refiri\u00f3 a la denuncia del presidente de la C\u00e1mara de Diputados, Julio  C\u00e9sar Valent\u00edn y del diputado del Partido Popular Cristiano (PPC), por la  provincia Santo Domingo, Radham\u00e9s Castro, en torno a la existencia de Ongs  fantasmas, financiadas con m\u00e1s de mil millones de pesos, en el Presupuesto  Nacional, aprobado recientemente por el Congreso Nacional y\u00a0 promulgado el pasado jueves por el presidente  Leonel Fern\u00e1ndez.<\/p>\n<p>&#13;<\/p>\n<p align=\"justify\" class=\"text1noticias\">Castro  vincul\u00f3 a los senadores del Partido de la Liberaci\u00f3n Dominicana  (PLD) Cristina Lizardo, Charlie Mariotti, Di\u00f3nis S\u00e1nchez, Euclides S\u00e1nchez,  Tomny Gal\u00e1n, Diego Aquino Acosta, Orlando Mercedes de ser los administradores  de esas Ongs.<\/p>\n<p>&#13;<\/p>\n<p align=\"justify\" class=\"text1noticias\">Trajano  Santana dijo que el PLD\u00a0 y el presidente  Leonel Fern\u00e1ndez,\u00a0 deben ser coherentes  con sus pr\u00e9dicas, tras recordar que esa organizaci\u00f3n pol\u00edtica lleg\u00f3 a llamar  \u201cbasura\u201d a los congresistas.<br \/>&#13;<br \/>\n  <br \/>&#13;<br \/>\n  Consider\u00f3  que ahora que el Congreso est\u00e1 en manos del PLD, el Gobierno debe dar muestra  de coherencia y darle una explicaci\u00f3n al pa\u00eds sobre ese esc\u00e1ndalo.<\/p>\n<p>&#13;<\/p>\n<p align=\"justify\" class=\"text1noticias\">\u201cLos  congresistas del PLD est\u00e1n demostrando que el Congreso sigue siendo la misma  basura que cuando estaba en manos de otros partidos\u201d, precis\u00f3 Santana.<\/p>\n<p>&#13;<\/p>\n<h6> 2008-01-12 01:02:53 <\/h6>\n<p><!--\n<link rel=\"stylesheet\" href=\"css\/bootstrap.min.css\">\n\n\n<ul class=\"pagination\">\n\t    \n\t\n\n<li >\n\t<a href='?page_no=34412'>Previous<\/a>\n\t<\/li>\n\n\n       \n    \n\n<li><a href='?page_no=1'>1<\/a><\/li>\n\n\n\n<li><a href='?page_no=2'>2<\/a><\/li>\n\n\n\n<li><a>...<\/a><\/li>\n\n\n\n<li><a href='?page_no=34411'>34411<\/a><\/li>\n\n\n\n<li><a href='?page_no=34412'>34412<\/a><\/li>\n\n\n\n<li class='active'><a>34413<\/a><\/li>\n\n\n\n<li><a href='?page_no=34414'>34414<\/a><\/li>\n\n\n\n<li><a href='?page_no=34415'>34415<\/a><\/li>\n\n\n\n<li><a>...<\/a><\/li>\n\n\n\n<li><a href='?page_no=36999'>36999<\/a><\/li>\n\n\n\n<li><a href='?page_no=37000'>37000<\/a><\/li>\n\n    \n\t\n\n<li >\n\t<a href='?page_no=34414'>Next<\/a>\n\t<\/li>\n\n\n    \n\n<li><a href='?page_no=37000'>Last &rsaquo;&rsaquo;<\/a><\/li>\n\n<\/ul>\n\n\n--><br \/>\n<\/body><\/p>\n","protected":false},"excerpt":{"rendered":"<p>PRI deplora enfrentamientos entre senadores y diputados &#13; SANTO DOMINGO.- El candidato presidencial del Partido Revolucionario Independiente (PRI), Trajano Santana, deplor\u00f3\u00a0 el enfrentamiento entre diputados y senadores en torno a la denuncia referente a la asignaci\u00f3n de fondos millonarios en el Presupuesto Nacional para financiar Organizaciones No Gubernamentales (ONGS) Fantasmas de legisladores oficialistas. &#13; Manifest\u00f3 [&hellip;]<\/p>\n","protected":false},"author":3,"featured_media":0,"comment_status":"open","ping_status":"open","sticky":false,"template":"","format":"standard","meta":{"footnotes":""},"categories":[22],"tags":[],"class_list":["post-191665","post","type-post","status-publish","format-standard","hentry","category-politica"],"_links":{"self":[{"href":"https:\/\/diariodominicano.com\/index.php?rest_route=\/wp\/v2\/posts\/191665","targetHints":{"allow":["GET"]}}],"collection":[{"href":"https:\/\/diariodominicano.com\/index.php?rest_route=\/wp\/v2\/posts"}],"about":[{"href":"https:\/\/diariodominicano.com\/index.php?rest_route=\/wp\/v2\/types\/post"}],"author":[{"embeddable":true,"href":"https:\/\/diariodominicano.com\/index.php?rest_route=\/wp\/v2\/users\/3"}],"replies":[{"embeddable":true,"href":"https:\/\/diariodominicano.com\/index.php?rest_route=%2Fwp%2Fv2%2Fcomments&post=191665"}],"version-history":[{"count":0,"href":"https:\/\/diariodominicano.com\/index.php?rest_route=\/wp\/v2\/posts\/191665\/revisions"}],"wp:attachment":[{"href":"https:\/\/diariodominicano.com\/index.php?rest_route=%2Fwp%2Fv2%2Fmedia&parent=191665"}],"wp:term":[{"taxonomy":"category","embeddable":true,"href":"https:\/\/diariodominicano.com\/index.php?rest_route=%2Fwp%2Fv2%2Fcategories&post=191665"},{"taxonomy":"post_tag","embeddable":true,"href":"https:\/\/diariodominicano.com\/index.php?rest_route=%2Fwp%2Fv2%2Ftags&post=191665"}],"curies":[{"name":"wp","href":"https:\/\/api.w.org\/{rel}","templated":true}]}}