{"id":191664,"date":"2008-01-12T02:58:37","date_gmt":"2008-01-12T02:58:37","guid":{"rendered":"http:\/\/diariodominicano.ddns.net\/?p=191664"},"modified":"2008-01-12T02:58:37","modified_gmt":"2008-01-12T02:58:37","slug":"fiscalia-entrego-a-los-acusados-del-caso-del-maletin-las-pruebas-en-contra","status":"publish","type":"post","link":"https:\/\/diariodominicano.com\/?p=191664","title":{"rendered":"Fiscal\u00eda entreg\u00f3 a los acusados del \u00abcaso del malet\u00edn\u00bb las pruebas en contra"},"content":{"rendered":"<p><body><\/p>\n<h1 align=\"justify\" class=\"titulogrande1\">Fiscal\u00eda entreg\u00f3 a los acusados del \u00abcaso del malet\u00edn\u00bb las  pruebas en contra <\/h1>\n<p>&#13;<\/p>\n<p align=\"justify\"><strong>Son en total 41 grabaciones de audio y ocho de v\u00eddeo, fotos, objetos y  declaraciones que se produjeron tras los arrestos.<\/strong><\/p>\n<p>&#13;<\/p>\n<p align=\"justify\" class=\"text1noticias\"><strong><img loading=\"lazy\" decoding=\"async\" src=\"http:\/\/localhost:8080\/pictures\/carlos kauffmann.jpg\" width=\"269\" height=\"322\" hspace=\"4\" align=\"left\" \/>MIAMI.-<\/strong> Los imputados en el denominado \u00abcaso del malet\u00edn\u00bb, tres  venezolanos y un uruguayo, recibieron el jueves las pruebas que la Fiscal\u00eda utiliz\u00f3 en su  contra para acusarlos de conspirar y actuar en EE.UU. como agentes al servicio  de Venezuela, informaron hoy fuentes judiciales.<br \/>&#13;<br \/>\n  <br \/>&#13;<br \/>\n  Son en total 41 grabaciones de audio y ocho de v\u00eddeo, fotos, objetos y  declaraciones que se produjeron tras los arrestos y que la Fiscal\u00eda Federal  del distrito sur de Florida puso a disposici\u00f3n de los imputados.<br \/>&#13;<br \/>\n  <br \/>&#13;<br \/>\n  Los imputados son los venezolanos Carlos Kauffmann, de 35 a\u00f1os; Moises  Maionica, de 36, y Franklin Duran, de 40; y el uruguayo Rodolfo Edgardo  Wanseele Paciello, de 36 a\u00f1os.<br \/>&#13;<br \/>\n  <br \/>&#13;<br \/>\n  Un quinto acusado en el \u00abcaso del malet\u00edn\u00bb, Antonio Jos\u00e9 Canchica  G\u00f3mez, de 37 a\u00f1os y tambi\u00e9n de nacionalidad venezolana, se encuentra en  paradero desconocido.<br \/>&#13;<br \/>\n  <br \/>&#13;<br \/>\n  Se trata de un c\u00famulo de pruebas que apuntan a la presunta participaci\u00f3n de  los cuatro detenidos en el intento de encubrir el env\u00edo ilegal de 800.000  d\u00f3lares con destino a la campa\u00f1a electoral de la actual presidenta de Argentina,  Cristina Fern\u00e1ndez de Kirchner.<br \/>&#13;<br \/>\n  <br \/>&#13;<br \/>\n  En la acusaci\u00f3n formal se detallan las conversaciones telef\u00f3nicas y  reuniones que los acusados sostuvieron con el empresario venezolano Guido  Antonini Wilson, el llamado \u00abhombre del malet\u00edn\u00bb, para que guardara  silencio sobre el origen y destino de los 800.000 d\u00f3lares que \u00e9ste intent\u00f3  ingresar sin declarar en Argentina.<br \/>&#13;<br \/>\n  <br \/>&#13;<br \/>\n  En una de las grabaciones efectuadas por el FBI en agosto pasado se recoge  una conversaci\u00f3n en la que Dur\u00e1n le revel\u00f3 a Antonini Wilson la identidad de la  candidata a la presidencia argentina a la que estaban destinados los 800.000  d\u00f3lares.<br \/>&#13;<br \/>\n  <br \/>&#13;<br \/>\n  De hecho, fue el propio fiscal adjunto, Thomas Mulvhill, quien revel\u00f3 en una  audiencia celebrada en diciembre que el dinero iba destinado a financiar la  campa\u00f1a electoral de Cristina Fern\u00e1ndez, algo que fue negado con palabras  virulentas por ella.<br \/>&#13;<br \/>\n  <br \/>&#13;<br \/>\n  En esa misma grabaci\u00f3n se escucha a Dur\u00e1n espetarle a Antonini Wilson que  quiz\u00e1 llegue un momento en que \u00abnadie pueda salvarte el pellejo\u00bb, una  advertencia que fue grabada por las c\u00e1maras de v\u00eddeo.<br \/>&#13;<br \/>\n  <br \/>&#13;<br \/>\n  Lo que los cuatro detenidos desconoc\u00edan entonces era que Antonini Wilson  cooperaba ya con las autoridades estadounidenses y se hab\u00eda convertido en un  testigo del Gobierno de EE.UU.<br \/>&#13;<br \/>\n  <br \/>&#13;<br \/>\n  El pasado 4 de agosto Antonini Wilson viaj\u00f3 a la capital argentina en un  avi\u00f3n privado procedente de Caracas con altos cargos de Petr\u00f3leos de Venezuela  (PDVSA).<br \/>&#13;<br \/>\n  <br \/>&#13;<br \/>\n  A su llegada al aeropuerto, Antonini Wilson, que posee tambi\u00e9n nacionalidad  estadounidense, intent\u00f3 entrar en el pa\u00eds sin declarar los 800.000 d\u00f3lares, que  le fueron decomisados por el servicio de aduanas.<br \/>&#13;<br \/>\n  <br \/>&#13;<br \/>\n  Liberado horas despu\u00e9s, el empresario regres\u00f3 a Estados Unidos, pa\u00eds en el  que reside y donde decidi\u00f3 colaborar con la Oficina Federal de  Investigaciones (FBI) en la investigaci\u00f3n del caso.<br \/>&#13;<br \/>\n  <br \/>&#13;<br \/>\n  Los cuatro detenidos en el \u00abcaso del malet\u00edn\u00bb se han declarado  inocentes de los cargos que se les imputan.<br \/>&#13;<br \/>\n  <br \/>&#13;<br \/>\n  De ser hallados culpables, los tres venezolanos y el uruguayo podr\u00edan  recibir una sentencia m\u00e1xima de hasta diez a\u00f1os de prisi\u00f3n y una multa de  250.000 d\u00f3lares.<br \/>&#13;<br \/>\n  <br \/>&#13;<br \/>\n  Las conversaciones telef\u00f3nicas, reuniones y citas \u00absecretas\u00bb entre  los imputados y Antonini Wilson se produjeron desde el mes de agosto hasta el  11 de diciembre.<br \/>&#13;<br \/>\n  <br \/>&#13;<br \/>\n  <em>EFE<\/em><\/p>\n<p>&#13;<\/p>\n<h6> 2008-01-12 02:58:37 <\/h6>\n<p><!--\n<link rel=\"stylesheet\" href=\"css\/bootstrap.min.css\">\n\n\n<ul class=\"pagination\">\n\t    \n\t\n\n<li >\n\t<a href='?page_no=34411'>Previous<\/a>\n\t<\/li>\n\n\n       \n    \n\n<li><a href='?page_no=1'>1<\/a><\/li>\n\n\n\n<li><a href='?page_no=2'>2<\/a><\/li>\n\n\n\n<li><a>...<\/a><\/li>\n\n\n\n<li><a href='?page_no=34410'>34410<\/a><\/li>\n\n\n\n<li><a href='?page_no=34411'>34411<\/a><\/li>\n\n\n\n<li class='active'><a>34412<\/a><\/li>\n\n\n\n<li><a href='?page_no=34413'>34413<\/a><\/li>\n\n\n\n<li><a href='?page_no=34414'>34414<\/a><\/li>\n\n\n\n<li><a>...<\/a><\/li>\n\n\n\n<li><a href='?page_no=36999'>36999<\/a><\/li>\n\n\n\n<li><a href='?page_no=37000'>37000<\/a><\/li>\n\n    \n\t\n\n<li >\n\t<a href='?page_no=34413'>Next<\/a>\n\t<\/li>\n\n\n    \n\n<li><a href='?page_no=37000'>Last &rsaquo;&rsaquo;<\/a><\/li>\n\n<\/ul>\n\n\n--><br \/>\n<\/body><\/p>\n","protected":false},"excerpt":{"rendered":"<p>Fiscal\u00eda entreg\u00f3 a los acusados del \u00abcaso del malet\u00edn\u00bb las pruebas en contra &#13; Son en total 41 grabaciones de audio y ocho de v\u00eddeo, fotos, objetos y declaraciones que se produjeron tras los arrestos. &#13; MIAMI.- Los imputados en el denominado \u00abcaso del malet\u00edn\u00bb, tres venezolanos y un uruguayo, recibieron el jueves las pruebas [&hellip;]<\/p>\n","protected":false},"author":3,"featured_media":0,"comment_status":"open","ping_status":"open","sticky":false,"template":"","format":"standard","meta":{"footnotes":""},"categories":[22],"tags":[],"class_list":["post-191664","post","type-post","status-publish","format-standard","hentry","category-politica"],"_links":{"self":[{"href":"https:\/\/diariodominicano.com\/index.php?rest_route=\/wp\/v2\/posts\/191664","targetHints":{"allow":["GET"]}}],"collection":[{"href":"https:\/\/diariodominicano.com\/index.php?rest_route=\/wp\/v2\/posts"}],"about":[{"href":"https:\/\/diariodominicano.com\/index.php?rest_route=\/wp\/v2\/types\/post"}],"author":[{"embeddable":true,"href":"https:\/\/diariodominicano.com\/index.php?rest_route=\/wp\/v2\/users\/3"}],"replies":[{"embeddable":true,"href":"https:\/\/diariodominicano.com\/index.php?rest_route=%2Fwp%2Fv2%2Fcomments&post=191664"}],"version-history":[{"count":0,"href":"https:\/\/diariodominicano.com\/index.php?rest_route=\/wp\/v2\/posts\/191664\/revisions"}],"wp:attachment":[{"href":"https:\/\/diariodominicano.com\/index.php?rest_route=%2Fwp%2Fv2%2Fmedia&parent=191664"}],"wp:term":[{"taxonomy":"category","embeddable":true,"href":"https:\/\/diariodominicano.com\/index.php?rest_route=%2Fwp%2Fv2%2Fcategories&post=191664"},{"taxonomy":"post_tag","embeddable":true,"href":"https:\/\/diariodominicano.com\/index.php?rest_route=%2Fwp%2Fv2%2Ftags&post=191664"}],"curies":[{"name":"wp","href":"https:\/\/api.w.org\/{rel}","templated":true}]}}