{"id":191660,"date":"2008-01-12T21:39:36","date_gmt":"2008-01-12T21:39:36","guid":{"rendered":"http:\/\/diariodominicano.ddns.net\/?p=191660"},"modified":"2008-01-12T21:39:36","modified_gmt":"2008-01-12T21:39:36","slug":"pld-inaugura-local-direccion-nacional-electoral","status":"publish","type":"post","link":"https:\/\/diariodominicano.com\/?p=191660","title":{"rendered":"PLD inaugura local Direcci\u00f3n Nacional Electoral"},"content":{"rendered":"<p><body><\/p>\n<p class=\"titulogrande1\"><strong>PLD  inaugura local Direcci\u00f3n Nacional Electoral<\/strong> <\/p>\n<p>&#13;<\/p>\n<p align=\"justify\" class=\"text1noticias\"><img loading=\"lazy\" decoding=\"async\" src=\"http:\/\/localhost:8080\/pictures\/franklin almeyda1.jpg\" width=\"269\" height=\"378\" hspace=\"4\" align=\"left\" \/>El  Partido de la   Liberaci\u00f3n Dominicana est\u00e1 trabajando para ubicar y conocer a  cada votante que el pr\u00f3ximo 16 de mayo sufragar\u00e1 a favor de la candidatura  presidencial de esa organizaci\u00f3n pol\u00edtica en la persona del presidente Leonel  Fern\u00e1ndez. <\/p>\n<p>&#13;<\/p>\n<p align=\"justify\" class=\"text1noticias\"> As\u00ed  lo proclam\u00f3 <strong>Franklin Almeyda Rancier<\/strong>,  el titular de la   Direcci\u00f3n Nacional Electoral de Campa\u00f1a del partido morado  ante el mandatario y miembros de la direcci\u00f3n pol\u00edtica que acudieron la ma\u00f1ana  de este s\u00e1bado a la inauguraci\u00f3n del local donde funcionar\u00e1 dicha estructura. <br \/>&#13;<br \/>\n  <br \/>&#13;<br \/>\n En  ese escenario Almeyda Rancier manifest\u00f3 que en una primera fase se formar\u00e1n  275,000 padroncillos de 20 electores h\u00e1biles para un total de cinco millones y  medio de ciudadanos cedulados. <\/p>\n<p>&#13;<\/p>\n<p align=\"justify\" class=\"text1noticias\">\u00abEso  significa que aspiramos a que en los padroncillos est\u00e9n los votantes de todos  los partidos, porque este PLD es un partido moderno y debe saber qui\u00e9n vota por  qui\u00e9n\u00bb, enfatiz\u00f3 el dirigente pol\u00edtico en rese\u00f1a del acto divulgada por la Secretar\u00eda de  Comunicaciones pelede\u00edsta. <\/p>\n<p>&#13;<\/p>\n<p align=\"justify\" class=\"text1noticias\"> Al  estimar de suma importancia dicha informaci\u00f3n, Almeyda asegur\u00f3 que con ese  procedimiento la direcci\u00f3n de campa\u00f1a del PLD sabr\u00e1 con puntual exactitud su  caudal de votos propios y desarrollar estrategias para convencer a indecisos y  mermar las posibilidades de los adversarios. <\/p>\n<p>&#13;<\/p>\n<p align=\"justify\" class=\"text1noticias\"> Partiendo  de que la votaci\u00f3n tradicional del perredeismo-pepehachismo ronda el 33%, el  Director Electoral del PLD dijo aspirar que la candidatura que auspicia obtenga  el 67% restante. <\/p>\n<p>&#13;<\/p>\n<p align=\"justify\" class=\"text1noticias\">\u00abY  vamos a dejarle el 33% hasta donde sea posible, porque tambi\u00e9n vamos a  convencer algunos de esos\u00bb, acot\u00f3 el tambi\u00e9n integrante del Comit\u00e9  Pol\u00edtico del PLD. <\/p>\n<p>&#13;<\/p>\n<p align=\"justify\" class=\"text1noticias\"> Dirigi\u00e9ndose  al presidente Fern\u00e1ndez, Almeyda le inform\u00f3 que desde el local que estaba  inaugurando se hace el contacto directo con los dirigentes pelede\u00edsta que  completan los diferentes equipos electorales. <\/p>\n<p>&#13;<\/p>\n<p align=\"justify\" class=\"text1noticias\"> Agreg\u00f3  que hasta el momento se han celebrado 19 asambleas provinciales. <\/p>\n<p>&#13;<\/p>\n<p align=\"justify\" class=\"text1noticias\">\u00abEste  partido tiene deseo inmenso de trabajar y ha sido momento oportuno de que la  direcci\u00f3n del partido, dirigida por Usted, ha lanzado una embestida para  iniciar ya la campa\u00f1a electoral\u00bb, dijo Almeyda. <\/p>\n<p>&#13;<\/p>\n<p align=\"justify\" class=\"text1noticias\"> Refiri\u00f3  que en otra ubicaci\u00f3n de la ciudad capital la Direcci\u00f3n Nacional  Electoral del PLD instal\u00f3 un centro de inform\u00e1tica con conexi\u00f3n remota con el  local principal que funciona en la Avenida Independencia  casi esquina Pasteur. <br \/>&#13;<br \/>\n  <br \/>&#13;<br \/>\nExplic\u00f3  que la militancia pelede\u00edsta suministra los datos de sus respectivos  padroncillos a trav\u00e9s de l\u00edneas telef\u00f3nicas habilitadas para tales efectos o  mediante la Internet. <\/p>\n<p>&#13;<\/p>\n<p align=\"justify\" class=\"text1noticias\">\u00abEn  los procesos anteriores le entreg\u00e1bamos el padroncillo hecho. \u00a0\u00a0Esta vez los compa\u00f1eros nos van a entregar sus padroncillos, buscando  sus gentes entre las personas que ellos conocen; no importa la jurisdicci\u00f3n  electoral a que pertenezcan\u00bb, coment\u00f3 el Director Electoral de campa\u00f1a del  PLD. <\/p>\n<p>&#13;<\/p>\n<p align=\"justify\" class=\"text1noticias\"> Tras  dicho paso se procesar\u00e1 la informaci\u00f3n suministrada por cada titular de  padroncillo y se proceder\u00e1 a imprimir los listados. <\/p>\n<p>&#13;<\/p>\n<p align=\"justify\" class=\"text1noticias\"> Franklin  Almeyda adelant\u00f3 que la segunda fase concentrar\u00e1 el trabajo en las mesas  electorales seg\u00fan la distribuci\u00f3n de la Junta Central  Electoral, \u00aby otros aspectos que tienen que ver con toda la estructura  electoral\u00bb. <\/p>\n<p>&#13;<\/p>\n<p align=\"justify\" class=\"text1noticias\"> El  dirigente pelede\u00edsta concluy\u00f3 manifestando que corresponde al PLD recoger la  cosecha de votos que ha producido la gesti\u00f3n de gobierno del presidente Leonel  Fern\u00e1ndez. <\/p>\n<p>&#13;<\/p>\n<h6> 2008-01-12 21:39:36 <\/h6>\n<p><!--\n<link rel=\"stylesheet\" href=\"css\/bootstrap.min.css\">\n\n\n<ul class=\"pagination\">\n\t    \n\t\n\n<li >\n\t<a href='?page_no=34407'>Previous<\/a>\n\t<\/li>\n\n\n       \n    \n\n<li><a href='?page_no=1'>1<\/a><\/li>\n\n\n\n<li><a href='?page_no=2'>2<\/a><\/li>\n\n\n\n<li><a>...<\/a><\/li>\n\n\n\n<li><a href='?page_no=34406'>34406<\/a><\/li>\n\n\n\n<li><a href='?page_no=34407'>34407<\/a><\/li>\n\n\n\n<li class='active'><a>34408<\/a><\/li>\n\n\n\n<li><a href='?page_no=34409'>34409<\/a><\/li>\n\n\n\n<li><a href='?page_no=34410'>34410<\/a><\/li>\n\n\n\n<li><a>...<\/a><\/li>\n\n\n\n<li><a href='?page_no=36999'>36999<\/a><\/li>\n\n\n\n<li><a href='?page_no=37000'>37000<\/a><\/li>\n\n    \n\t\n\n<li >\n\t<a href='?page_no=34409'>Next<\/a>\n\t<\/li>\n\n\n    \n\n<li><a href='?page_no=37000'>Last &rsaquo;&rsaquo;<\/a><\/li>\n\n<\/ul>\n\n\n--><br \/>\n<\/body><\/p>\n","protected":false},"excerpt":{"rendered":"<p>PLD inaugura local Direcci\u00f3n Nacional Electoral &#13; El Partido de la Liberaci\u00f3n Dominicana est\u00e1 trabajando para ubicar y conocer a cada votante que el pr\u00f3ximo 16 de mayo sufragar\u00e1 a favor de la candidatura presidencial de esa organizaci\u00f3n pol\u00edtica en la persona del presidente Leonel Fern\u00e1ndez. &#13; As\u00ed lo proclam\u00f3 Franklin Almeyda Rancier, el titular [&hellip;]<\/p>\n","protected":false},"author":3,"featured_media":0,"comment_status":"open","ping_status":"open","sticky":false,"template":"","format":"standard","meta":{"footnotes":""},"categories":[22],"tags":[],"class_list":["post-191660","post","type-post","status-publish","format-standard","hentry","category-politica"],"_links":{"self":[{"href":"https:\/\/diariodominicano.com\/index.php?rest_route=\/wp\/v2\/posts\/191660","targetHints":{"allow":["GET"]}}],"collection":[{"href":"https:\/\/diariodominicano.com\/index.php?rest_route=\/wp\/v2\/posts"}],"about":[{"href":"https:\/\/diariodominicano.com\/index.php?rest_route=\/wp\/v2\/types\/post"}],"author":[{"embeddable":true,"href":"https:\/\/diariodominicano.com\/index.php?rest_route=\/wp\/v2\/users\/3"}],"replies":[{"embeddable":true,"href":"https:\/\/diariodominicano.com\/index.php?rest_route=%2Fwp%2Fv2%2Fcomments&post=191660"}],"version-history":[{"count":0,"href":"https:\/\/diariodominicano.com\/index.php?rest_route=\/wp\/v2\/posts\/191660\/revisions"}],"wp:attachment":[{"href":"https:\/\/diariodominicano.com\/index.php?rest_route=%2Fwp%2Fv2%2Fmedia&parent=191660"}],"wp:term":[{"taxonomy":"category","embeddable":true,"href":"https:\/\/diariodominicano.com\/index.php?rest_route=%2Fwp%2Fv2%2Fcategories&post=191660"},{"taxonomy":"post_tag","embeddable":true,"href":"https:\/\/diariodominicano.com\/index.php?rest_route=%2Fwp%2Fv2%2Ftags&post=191660"}],"curies":[{"name":"wp","href":"https:\/\/api.w.org\/{rel}","templated":true}]}}