{"id":191659,"date":"2008-01-12T21:45:46","date_gmt":"2008-01-12T21:45:46","guid":{"rendered":"http:\/\/diariodominicano.ddns.net\/?p=191659"},"modified":"2008-01-12T21:45:46","modified_gmt":"2008-01-12T21:45:46","slug":"amable-leonel-es-una-estrella-apagada","status":"publish","type":"post","link":"https:\/\/diariodominicano.com\/?p=191659","title":{"rendered":"Amable: \u201cLeonel es una estrella apagada\u201d"},"content":{"rendered":"<p><body><\/p>\n<p class=\"titulogrande1\"><strong>Amable: \u201cLeonel es una estrella apagada\u201d<\/strong><\/p>\n<p>&#13;<\/p>\n<p align=\"justify\" class=\"text1noticias\"><strong><img loading=\"lazy\" decoding=\"async\" src=\"http:\/\/localhost:8080\/pictures\/amable pic.jpg\" width=\"269\" height=\"409\" hspace=\"4\" align=\"left\" \/>NAVARRETE.-<\/strong> El candidato presidencial reformista, Amable Aristy  Castro, declar\u00f3 aqu\u00ed que el doctor Leonel Fern\u00e1ndez es una \u201cestrella apagada y  sin brillo\u201d producto del incumplimiento de sus promesas y el enga\u00f1o al pueblo  dominicano.<\/p>\n<p>&#13;<\/p>\n<p align=\"justify\" class=\"text1noticias\">\u201cLos dominicanos  no creen en Leonel. Perdieron la fe en \u00e9l. Ya no compran sus promesas, pues ya  van dos veces que los enga\u00f1a\u201d, dijo.<\/p>\n<p>&#13;<\/p>\n<p align=\"justify\" class=\"text1noticias\">Aristy Castro calific\u00f3  como una \u201cburla imperdonable\u201d el hecho de que los afectados de las tormentas  Noel y Olga no hayan recibidos la realizaci\u00f3n de una sola de las promesas que  el primer mandatario hizo personalmente.<\/p>\n<p>&#13;<\/p>\n<p align=\"justify\" class=\"text1noticias\">Critic\u00f3 que los  cheques entregados para rehabilitar los predios agr\u00edcolas y financiar a tasas  preferenciales a ganaderos, arroceros, productores de bananos y otros rubros no  tengan fondos.<\/p>\n<p>&#13;<\/p>\n<p align=\"justify\" class=\"text1noticias\">Dijo que igualmente  penoso es que los damnificados del Duey, en Villa Altagracia, tras casi cuatro  meses de haber sido afectados por el meteoro y del primer picazo dado por el  Jefe del Estado para dejar iniciado los trabajos de construcci\u00f3n de viviendas y  apartamentos no se haya hecho absolutamente nada.<\/p>\n<p>&#13;<\/p>\n<p align=\"justify\" class=\"text1noticias\">Aristy Castro  denunci\u00f3, adem\u00e1s, que damnificados de Bacu\u00ed, Ranchito, en La Vega, y el Bajo Yuna en la  provincia Duarte est\u00e1n siendo echados a las calles por los propietarios de las  viviendas alquiladas para los damnificados por la falta de pago del gobierno.<\/p>\n<p>&#13;<\/p>\n<p align=\"justify\" class=\"text1noticias\">El aspirante a la Presidencia de la Rep\u00fablica por el Partido  Reformista Social Cristiano (PRSC) habl\u00f3 en esos t\u00e9rminos al encabezar una  gigantesca marcha caravana que se prolong\u00f3 por varias horas, desde Navarrete \u00a0hasta Villa Gonz\u00e1lez.<\/p>\n<p>&#13;<\/p>\n<p align=\"justify\" class=\"text1noticias\">Despu\u00e9s de esa  actividad se traslad\u00f3 a los municipios de J\u00e1nico y San Jos\u00e9 de las Matas, donde  tambi\u00e9n recibi\u00f3 un amplio.<\/p>\n<p>&#13;<\/p>\n<p align=\"justify\" class=\"text1noticias\">El candidato  presidencial insisti\u00f3, refiri\u00e9ndose al presidente Fern\u00e1ndez: \u201cLo que fue una  estrella, hoy est\u00e1 totalmente opaco, apagado, sin luz ni encanto y sin cartas  bajo la manga porque su magia de enga\u00f1ar al pueblo se agot\u00f3\u201d.<\/p>\n<p>&#13;<\/p>\n<p align=\"justify\" class=\"text1noticias\">\u201cYa debe estar  recogiendo para irse del Palacio y despidi\u00e9ndose del pueblo que ya no le  quiere\u201d, agreg\u00f3.<\/p>\n<p>&#13;<\/p>\n<p align=\"justify\" class=\"text1noticias\">Aristy Castro  resalt\u00f3 asimismo que mientras los candidatos del PLD y el PRD se debaten de  donde sacaron sus fortunas, \u201cnosotros estamos empe\u00f1ados en c\u00f3mo liberar al  pueblo de la pobreza que las malas administraciones de ellos los han  condenado\u201d.<\/p>\n<p>&#13;<\/p>\n<p align=\"justify\" class=\"text1noticias\">Dijo que es  diferente a Leonel y Miguel Vargas y a los pol\u00edticos tradicionales por lo que  entiende encarna el cambio que aspira la sociedad dominicana.<\/p>\n<p>&#13;<\/p>\n<p align=\"justify\" class=\"text1noticias\">CARAVANA HERRERA<\/p>\n<p>&#13;<\/p>\n<p align=\"justify\" class=\"text1noticias\">Por otra parte,  el candidato presidencial reformista encabezar\u00e1 hoy domingo, a partir de las  diez y media de la ma\u00f1ana una marcha caravana por los diferentes barrios del  municipio Santo Domingo Oeste, que abarcar\u00e1 desde Herrera hasta Pedro Brand.<\/p>\n<p>&#13;<\/p>\n<h6> 2008-01-12 21:45:46 <\/h6>\n<p><!--\n<link rel=\"stylesheet\" href=\"css\/bootstrap.min.css\">\n\n\n<ul class=\"pagination\">\n\t    \n\t\n\n<li >\n\t<a href='?page_no=34406'>Previous<\/a>\n\t<\/li>\n\n\n       \n    \n\n<li><a href='?page_no=1'>1<\/a><\/li>\n\n\n\n<li><a href='?page_no=2'>2<\/a><\/li>\n\n\n\n<li><a>...<\/a><\/li>\n\n\n\n<li><a href='?page_no=34405'>34405<\/a><\/li>\n\n\n\n<li><a href='?page_no=34406'>34406<\/a><\/li>\n\n\n\n<li class='active'><a>34407<\/a><\/li>\n\n\n\n<li><a href='?page_no=34408'>34408<\/a><\/li>\n\n\n\n<li><a href='?page_no=34409'>34409<\/a><\/li>\n\n\n\n<li><a>...<\/a><\/li>\n\n\n\n<li><a href='?page_no=36999'>36999<\/a><\/li>\n\n\n\n<li><a href='?page_no=37000'>37000<\/a><\/li>\n\n    \n\t\n\n<li >\n\t<a href='?page_no=34408'>Next<\/a>\n\t<\/li>\n\n\n    \n\n<li><a href='?page_no=37000'>Last &rsaquo;&rsaquo;<\/a><\/li>\n\n<\/ul>\n\n\n--><br \/>\n<\/body><\/p>\n","protected":false},"excerpt":{"rendered":"<p>Amable: \u201cLeonel es una estrella apagada\u201d &#13; NAVARRETE.- El candidato presidencial reformista, Amable Aristy Castro, declar\u00f3 aqu\u00ed que el doctor Leonel Fern\u00e1ndez es una \u201cestrella apagada y sin brillo\u201d producto del incumplimiento de sus promesas y el enga\u00f1o al pueblo dominicano. &#13; \u201cLos dominicanos no creen en Leonel. Perdieron la fe en \u00e9l. Ya no [&hellip;]<\/p>\n","protected":false},"author":3,"featured_media":0,"comment_status":"open","ping_status":"open","sticky":false,"template":"","format":"standard","meta":{"footnotes":""},"categories":[22],"tags":[],"class_list":["post-191659","post","type-post","status-publish","format-standard","hentry","category-politica"],"_links":{"self":[{"href":"https:\/\/diariodominicano.com\/index.php?rest_route=\/wp\/v2\/posts\/191659","targetHints":{"allow":["GET"]}}],"collection":[{"href":"https:\/\/diariodominicano.com\/index.php?rest_route=\/wp\/v2\/posts"}],"about":[{"href":"https:\/\/diariodominicano.com\/index.php?rest_route=\/wp\/v2\/types\/post"}],"author":[{"embeddable":true,"href":"https:\/\/diariodominicano.com\/index.php?rest_route=\/wp\/v2\/users\/3"}],"replies":[{"embeddable":true,"href":"https:\/\/diariodominicano.com\/index.php?rest_route=%2Fwp%2Fv2%2Fcomments&post=191659"}],"version-history":[{"count":0,"href":"https:\/\/diariodominicano.com\/index.php?rest_route=\/wp\/v2\/posts\/191659\/revisions"}],"wp:attachment":[{"href":"https:\/\/diariodominicano.com\/index.php?rest_route=%2Fwp%2Fv2%2Fmedia&parent=191659"}],"wp:term":[{"taxonomy":"category","embeddable":true,"href":"https:\/\/diariodominicano.com\/index.php?rest_route=%2Fwp%2Fv2%2Fcategories&post=191659"},{"taxonomy":"post_tag","embeddable":true,"href":"https:\/\/diariodominicano.com\/index.php?rest_route=%2Fwp%2Fv2%2Ftags&post=191659"}],"curies":[{"name":"wp","href":"https:\/\/api.w.org\/{rel}","templated":true}]}}