{"id":191657,"date":"2008-01-13T00:07:03","date_gmt":"2008-01-13T00:07:03","guid":{"rendered":"http:\/\/diariodominicano.ddns.net\/?p=191657"},"modified":"2008-01-13T00:07:03","modified_gmt":"2008-01-13T00:07:03","slug":"presidente-fernandez-recibe-gran-respaldo-en-recorrido-por-sectores-de-la-provincia-santo-domingo","status":"publish","type":"post","link":"https:\/\/diariodominicano.com\/?p=191657","title":{"rendered":"Presidente Fern\u00e1ndez recibe gran respaldo en recorrido por sectores de la provincia Santo Domingo"},"content":{"rendered":"<p><body><\/p>\n<p align=\"justify\" class=\"titulogrande1\"><strong>Presidente Fern\u00e1ndez  recibe gran respaldo en recorrido por sectores de la provincia Santo Domingo <\/strong><\/p>\n<p>&#13;<\/p>\n<p align=\"justify\" class=\"text1noticias\"><strong><img loading=\"lazy\" decoding=\"async\" src=\"http:\/\/localhost:8080\/pictures\/leonel en recorrido.jpg\" width=\"269\" height=\"365\" hspace=\"4\" align=\"left\" \/>Santo Domingo.-<\/strong> El candidato presidencial del  Partido de la Liberaci\u00f3n Dominicana, doctor Leonel Fern\u00e1ndez, recorri\u00f3 este s\u00e1bado  13 barrios de la provincia de Santo Domingo, \u00a0en el reinicio de sus actividades  proselitistas para obtener el triunfo en las elecciones de mayo venidero.. <\/p>\n<p>&#13;<\/p>\n<p align=\"justify\" class=\"text1noticias\">Fern\u00e1ndez inici\u00f3 su caravana en el municipio de Boca Chica,  en la intersecci\u00f3n de la calle Duarte y Ernesto Goyeneche, donde lleg\u00f3 pasadas  las cuatro de la tarde y se abri\u00f3 paso entre una multitud de militantes  pelede\u00edstas y simpatizantes que respaldan sus aspiraciones de continuar  dirigiendo los destinos del pa\u00eds. <\/p>\n<p>&#13;<\/p>\n<p align=\"justify\" class=\"text1noticias\"> A su llegada el presidente candidato salud\u00f3 desde su veh\u00edculo  a decenas de los congregados en el lugar, quienes lo recibieron agitando  banderas y gorras moradas al tiempo que le expresaron su adhesi\u00f3n y su simpat\u00eda. <\/p>\n<p>&#13;<\/p>\n<p align=\"justify\" class=\"text1noticias\">Desde Boca Chica, la caravana se dirigi\u00f3 a la Caleta,  entrando por la calle Duarte esquina Mar\u00eda Trinidad S\u00e1nchez\u00a0 y recorri\u00f3 los barrios El Ure\u00f1a, San Bartolo  y los Frailes I, que bordean la autopista Las Am\u00e9ricas. A su paso por estos  puntos el presidente era recibido por cientos de personas que agitaban sus  banderas y a menudo transe\u00fantes y conductores se deten\u00edan a ambos lado de la  autopista para saludar y ver de cerca al mandatario. <\/p>\n<p>&#13;<\/p>\n<p align=\"justify\" class=\"text1noticias\">En su recorrido de 50 kil\u00f3metros, Fern\u00e1ndez estuvo  acompa\u00f1ado por coordinador nacional del Comit\u00e9 Nacional de Campa\u00f1a, Francisco Javier  Garc\u00eda; V\u00edctor D\u00edaz R\u00faa, Jos\u00e9 Ram\u00f3n Fadul; la Cristina Lizardo; el sindico Juan  de Los Santos, el gobernador de la provincia, Eladio Mart\u00ednez, entre otros. \u00a0<\/p>\n<p>&#13;<\/p>\n<p align=\"justify\" class=\"text1noticias\">El recorrido tambi\u00e9n toc\u00f3 los sectores Los Mina, Los tres  Brazos, Juan Pablo Duarte, Villa Faro y El Ensanche Ozama. A su llegada a la  intersecci\u00f3n de la avenida Charles de Gaulle con la Carretera de Mendoza,\u00a0 el mandatario encontr\u00f3 un mitin improvisado  por la gran cantidad de personas que estaban congregadas a ambos lado de la  avenida vociferando consignas a favor de su candidatura y proclamando que el  presidente \u00a8se mantenga en el poder para seguir en el progreso\u00a8<\/p>\n<p>&#13;<\/p>\n<p align=\"justify\" class=\"text1noticias\">Comando de Comunicaci\u00f3n <br \/>&#13;<br \/>\n  809 381 1052<br \/>&#13;<br \/>\n  Ext. 228<\/p>\n<p>&#13;<\/p>\n<h6> 2008-01-13 00:07:03 <\/h6>\n<p><!--\n<link rel=\"stylesheet\" href=\"css\/bootstrap.min.css\">\n\n\n<ul class=\"pagination\">\n\t    \n\t\n\n<li >\n\t<a href='?page_no=34404'>Previous<\/a>\n\t<\/li>\n\n\n       \n    \n\n<li><a href='?page_no=1'>1<\/a><\/li>\n\n\n\n<li><a href='?page_no=2'>2<\/a><\/li>\n\n\n\n<li><a>...<\/a><\/li>\n\n\n\n<li><a href='?page_no=34403'>34403<\/a><\/li>\n\n\n\n<li><a href='?page_no=34404'>34404<\/a><\/li>\n\n\n\n<li class='active'><a>34405<\/a><\/li>\n\n\n\n<li><a href='?page_no=34406'>34406<\/a><\/li>\n\n\n\n<li><a href='?page_no=34407'>34407<\/a><\/li>\n\n\n\n<li><a>...<\/a><\/li>\n\n\n\n<li><a href='?page_no=36999'>36999<\/a><\/li>\n\n\n\n<li><a href='?page_no=37000'>37000<\/a><\/li>\n\n    \n\t\n\n<li >\n\t<a href='?page_no=34406'>Next<\/a>\n\t<\/li>\n\n\n    \n\n<li><a href='?page_no=37000'>Last &rsaquo;&rsaquo;<\/a><\/li>\n\n<\/ul>\n\n\n--><br \/>\n<\/body><\/p>\n","protected":false},"excerpt":{"rendered":"<p>Presidente Fern\u00e1ndez recibe gran respaldo en recorrido por sectores de la provincia Santo Domingo &#13; Santo Domingo.- El candidato presidencial del Partido de la Liberaci\u00f3n Dominicana, doctor Leonel Fern\u00e1ndez, recorri\u00f3 este s\u00e1bado 13 barrios de la provincia de Santo Domingo, \u00a0en el reinicio de sus actividades proselitistas para obtener el triunfo en las elecciones de [&hellip;]<\/p>\n","protected":false},"author":3,"featured_media":0,"comment_status":"open","ping_status":"open","sticky":false,"template":"","format":"standard","meta":{"footnotes":""},"categories":[22],"tags":[],"class_list":["post-191657","post","type-post","status-publish","format-standard","hentry","category-politica"],"_links":{"self":[{"href":"https:\/\/diariodominicano.com\/index.php?rest_route=\/wp\/v2\/posts\/191657","targetHints":{"allow":["GET"]}}],"collection":[{"href":"https:\/\/diariodominicano.com\/index.php?rest_route=\/wp\/v2\/posts"}],"about":[{"href":"https:\/\/diariodominicano.com\/index.php?rest_route=\/wp\/v2\/types\/post"}],"author":[{"embeddable":true,"href":"https:\/\/diariodominicano.com\/index.php?rest_route=\/wp\/v2\/users\/3"}],"replies":[{"embeddable":true,"href":"https:\/\/diariodominicano.com\/index.php?rest_route=%2Fwp%2Fv2%2Fcomments&post=191657"}],"version-history":[{"count":0,"href":"https:\/\/diariodominicano.com\/index.php?rest_route=\/wp\/v2\/posts\/191657\/revisions"}],"wp:attachment":[{"href":"https:\/\/diariodominicano.com\/index.php?rest_route=%2Fwp%2Fv2%2Fmedia&parent=191657"}],"wp:term":[{"taxonomy":"category","embeddable":true,"href":"https:\/\/diariodominicano.com\/index.php?rest_route=%2Fwp%2Fv2%2Fcategories&post=191657"},{"taxonomy":"post_tag","embeddable":true,"href":"https:\/\/diariodominicano.com\/index.php?rest_route=%2Fwp%2Fv2%2Ftags&post=191657"}],"curies":[{"name":"wp","href":"https:\/\/api.w.org\/{rel}","templated":true}]}}