{"id":191656,"date":"2008-01-13T00:50:22","date_gmt":"2008-01-13T00:50:22","guid":{"rendered":"http:\/\/diariodominicano.ddns.net\/?p=191656"},"modified":"2008-01-13T00:50:22","modified_gmt":"2008-01-13T00:50:22","slug":"presidente-leonel-fernandez-inaugura-local-direccion-nacional-electoral-del-pld","status":"publish","type":"post","link":"https:\/\/diariodominicano.com\/?p=191656","title":{"rendered":"Presidente Leonel Fern\u00e1ndez inaugura local Direcci\u00f3n Nacional Electoral del PLD"},"content":{"rendered":"<p><body><\/p>\n<p align=\"justify\" class=\"titulogrande1\"><strong>Presidente Leonel Fern\u00e1ndez<\/strong> <strong>inaugura local Direcci\u00f3n Nacional Electoral del PLD<\/strong><\/p>\n<p>&#13;<\/p>\n<p align=\"justify\" class=\"text1noticias\"><strong><img loading=\"lazy\" decoding=\"async\" src=\"http:\/\/localhost:8080\/pictures\/local direccion nacional electoral.jpg\" width=\"269\" height=\"365\" hspace=\"4\" align=\"left\" \/>SANTO DOMINGO.- <\/strong>El  presidente Leonel Fern\u00e1ndez, candidato presidencial del Partido de la  Liberaci\u00f3n Dominicana (PLD), encabez\u00f3 este s\u00e1bado la inauguraci\u00f3n del local de  la Direcci\u00f3n Nacional Electoral (DNE), \u00f3rgano del partido morado que trabaja  para captar el n\u00famero de electores que garanticen el triunfo de Fern\u00e1ndez en la  primera vuelta.<\/p>\n<p>&#13;<\/p>\n<p align=\"justify\" class=\"text1noticias\">El mandatario cort\u00f3 la  cinta simb\u00f3lica, acompa\u00f1ado del doctor Franklin Almeyda, coordinador nacional  electoral del PLD; Francisco Javier Garc\u00eda, coordinador nacional de campa\u00f1a; y miembros  del Comit\u00e9 Pol\u00edtico.<\/p>\n<p>&#13;<\/p>\n<p align=\"justify\" class=\"text1noticias\"> Tras recibir explicaciones  de Almeyda, Fern\u00e1ndez realiz\u00f3 un recorrido por el interior del local, en el que  recibi\u00f3 explicaciones sobre el tipo de trabajo que se realizar\u00e1 en el mismo.<\/p>\n<p>&#13;<\/p>\n<p align=\"justify\" class=\"text1noticias\">El candidato presidencial  y presidente del PLD lleg\u00f3 al local nacional del DNE a las 11:26 de la ma\u00f1ana y  cinco minutos m\u00e1s tarde cort\u00f3 la cinta.<\/p>\n<p>&#13;<\/p>\n<p align=\"justify\" class=\"text1noticias\">El local est\u00e1 ubicada en  la avenida Independencia n\u00famero 310, pr\u00f3ximo a la calle Pasteur.<\/p>\n<p>&#13;<\/p>\n<p align=\"justify\" class=\"text1noticias\"><strong>Habla Almeyda<\/strong><\/p>\n<p>&#13;<\/p>\n<p align=\"justify\" class=\"text1noticias\">El doctor Almeyda explic\u00f3  al mandatario que en el l local se realizar\u00e1n los trabajos operativos de la  DNE, entre \u00e9stos de formaci\u00f3n, contactos directos, de padroncillo y otros.<\/p>\n<p>&#13;<\/p>\n<p align=\"justify\" class=\"text1noticias\">Agreg\u00f3 que el centro  inform\u00e1tico de la DNE est\u00e1 enlazado con otros ubicados en diferentes puntos del  pa\u00eds.<\/p>\n<p>&#13;<\/p>\n<p align=\"justify\" class=\"text1noticias\">Inform\u00f3 que el objetivo es  trabajar con 275 mil padroncillos con 20 electores cada uno, para un total de  5.5 millones de electores.<\/p>\n<p>&#13;<\/p>\n<p align=\"justify\" class=\"text1noticias\">Revel\u00f3 que la DNE ha  realizado 19 asambleas provinciales con el personal que laborar\u00e1 en los  comicios, de las cuales ocho se han realizado este a\u00f1o.<\/p>\n<p>&#13;<\/p>\n<p align=\"justify\" class=\"text1noticias\">Manifest\u00f3 que el objetivo  del trabajo con el padroncillo y el contacto directo, es lograr que el  presidente Fern\u00e1ndez sea reelecto por el pueblo dominicano con m\u00e1s del 60 por  ciento de los votos emitidos en las urnas.<\/p>\n<p>&#13;<\/p>\n<p align=\"justify\" class=\"text1noticias\">Resalt\u00f3 que el PLD realiza  un trabajo electoral de forma moderna, utilizando la tecnolog\u00eda.<\/p>\n<p>&#13;<\/p>\n<h6> 2008-01-13 00:50:22 <\/h6>\n<p><!--\n<link rel=\"stylesheet\" href=\"css\/bootstrap.min.css\">\n\n\n<ul class=\"pagination\">\n\t    \n\t\n\n<li >\n\t<a href='?page_no=34403'>Previous<\/a>\n\t<\/li>\n\n\n       \n    \n\n<li><a href='?page_no=1'>1<\/a><\/li>\n\n\n\n<li><a href='?page_no=2'>2<\/a><\/li>\n\n\n\n<li><a>...<\/a><\/li>\n\n\n\n<li><a href='?page_no=34402'>34402<\/a><\/li>\n\n\n\n<li><a href='?page_no=34403'>34403<\/a><\/li>\n\n\n\n<li class='active'><a>34404<\/a><\/li>\n\n\n\n<li><a href='?page_no=34405'>34405<\/a><\/li>\n\n\n\n<li><a href='?page_no=34406'>34406<\/a><\/li>\n\n\n\n<li><a>...<\/a><\/li>\n\n\n\n<li><a href='?page_no=36999'>36999<\/a><\/li>\n\n\n\n<li><a href='?page_no=37000'>37000<\/a><\/li>\n\n    \n\t\n\n<li >\n\t<a href='?page_no=34405'>Next<\/a>\n\t<\/li>\n\n\n    \n\n<li><a href='?page_no=37000'>Last &rsaquo;&rsaquo;<\/a><\/li>\n\n<\/ul>\n\n\n--><br \/>\n<\/body><\/p>\n","protected":false},"excerpt":{"rendered":"<p>Presidente Leonel Fern\u00e1ndez inaugura local Direcci\u00f3n Nacional Electoral del PLD &#13; SANTO DOMINGO.- El presidente Leonel Fern\u00e1ndez, candidato presidencial del Partido de la Liberaci\u00f3n Dominicana (PLD), encabez\u00f3 este s\u00e1bado la inauguraci\u00f3n del local de la Direcci\u00f3n Nacional Electoral (DNE), \u00f3rgano del partido morado que trabaja para captar el n\u00famero de electores que garanticen el triunfo [&hellip;]<\/p>\n","protected":false},"author":3,"featured_media":0,"comment_status":"open","ping_status":"open","sticky":false,"template":"","format":"standard","meta":{"footnotes":""},"categories":[22],"tags":[],"class_list":["post-191656","post","type-post","status-publish","format-standard","hentry","category-politica"],"_links":{"self":[{"href":"https:\/\/diariodominicano.com\/index.php?rest_route=\/wp\/v2\/posts\/191656","targetHints":{"allow":["GET"]}}],"collection":[{"href":"https:\/\/diariodominicano.com\/index.php?rest_route=\/wp\/v2\/posts"}],"about":[{"href":"https:\/\/diariodominicano.com\/index.php?rest_route=\/wp\/v2\/types\/post"}],"author":[{"embeddable":true,"href":"https:\/\/diariodominicano.com\/index.php?rest_route=\/wp\/v2\/users\/3"}],"replies":[{"embeddable":true,"href":"https:\/\/diariodominicano.com\/index.php?rest_route=%2Fwp%2Fv2%2Fcomments&post=191656"}],"version-history":[{"count":0,"href":"https:\/\/diariodominicano.com\/index.php?rest_route=\/wp\/v2\/posts\/191656\/revisions"}],"wp:attachment":[{"href":"https:\/\/diariodominicano.com\/index.php?rest_route=%2Fwp%2Fv2%2Fmedia&parent=191656"}],"wp:term":[{"taxonomy":"category","embeddable":true,"href":"https:\/\/diariodominicano.com\/index.php?rest_route=%2Fwp%2Fv2%2Fcategories&post=191656"},{"taxonomy":"post_tag","embeddable":true,"href":"https:\/\/diariodominicano.com\/index.php?rest_route=%2Fwp%2Fv2%2Ftags&post=191656"}],"curies":[{"name":"wp","href":"https:\/\/api.w.org\/{rel}","templated":true}]}}