{"id":191655,"date":"2008-01-13T19:22:23","date_gmt":"2008-01-13T19:22:23","guid":{"rendered":"http:\/\/diariodominicano.ddns.net\/?p=191655"},"modified":"2008-01-13T19:22:23","modified_gmt":"2008-01-13T19:22:23","slug":"el-presidente-del-partido-liberal-la-estructura-acuso-al-prd-de-ser-el-responsable-del-77-de-la-deuda-externa-del-pais-debido-a-sus-malos-gobiernos","status":"publish","type":"post","link":"https:\/\/diariodominicano.com\/?p=191655","title":{"rendered":"El Presidente del Partido Liberal La Estructura acus\u00f3 al PRD de ser el responsable del 77% de la Deuda Externa del pa\u00eds, debido a sus malos gobiernos"},"content":{"rendered":"<p><body><\/p>\n<p align=\"justify\" class=\"titulogrande1\"><strong>El Presidente del Partido Liberal La Estructura acus\u00f3 al PRD de ser el  responsable del 77% de la Deuda Externa del pa\u00eds, debido a sus malos gobiernos<\/strong><\/p>\n<p>&#13;<\/p>\n<p align=\"justify\"><span class=\"text1noticias\"><img loading=\"lazy\" decoding=\"async\" src=\"http:\/\/localhost:8080\/pictures\/partido liberal la estructura.jpg\" width=\"269\" height=\"363\" hspace=\"4\" align=\"left\" \/>Andr\u00e9s Van Der Horst  dijo que el Partido  Revolucionario Dominicano (PRD) es el responsable del 77% del total de la deuda  externa, desde la fundaci\u00f3n de la Rep\u00fablica, hasta el d\u00eda\u00a0 de hoy.<\/span><\/p>\n<p>&#13;<\/p>\n<p align=\"justify\" class=\"text1noticias\">Se\u00f1al\u00f3  que para este a\u00f1o 2008 el Estado Dominicano deber\u00e1 pagar unos\u00a0 RD$70 mil millones de pesos por concepto de Deuda  Externa,\u00a0 de los cuales RD$56 mil  millones fueron deudas contra\u00eddas por los gobiernos del PRD.<\/p>\n<p>&#13;<\/p>\n<p align=\"justify\" class=\"text1noticias\">El  Presidente de La Estructura afirm\u00f3 que en los \u00faltimos a\u00f1os el pa\u00eds ha firmado  dos acuerdos con el Fondo Monetario Internacional (FMI), debido al desastre  econ\u00f3mico heredado de los gobierno del PRD.<\/p>\n<p>&#13;<\/p>\n<p align=\"justify\" class=\"text1noticias\">\u201cEn  el a\u00f1o 1984, la crisis econ\u00f3mica causada por el PRD, le llevo la vida a m\u00e1s de  120 dominicanos que se tiraron a las calles a protestar por los altos precios  de los alimentos, situaci\u00f3n similar ocurri\u00f3 en el 2003, cuando colapso la  econom\u00eda dominicana\u201d aclar\u00f3 Van Der Horst.<\/p>\n<p>&#13;<\/p>\n<p align=\"justify\" class=\"text1noticias\">&#13;<br \/>\nDijo  que por esto y muchas otras razones el pa\u00eds tiene que votar por el doctor  Leonel Fern\u00e1ndez, quien ha saneado la econom\u00eda, estabiliz\u00f3 la moneda\u00a0 y devolvi\u00f3 la confianza a la poblaci\u00f3n  dominicana.\u00a0\u00a0\u00a0 <\/p>\n<p>&#13;<\/p>\n<p align=\"justify\" class=\"text1noticias\">El presidente del  Partido Liberal La Estructura, licenciado Andr\u00e9s Van Der Horst hablo ante m\u00e1s  de tres mil personas, que abarrotaron el Sal\u00f3n La Mancha del Hotel Lina, donde \u00a0escogieron al doctor Leonel Fern\u00e1ndez Reyna,  como candidato presidencial para las elecciones de mayo pr\u00f3ximo.\u00a0 <\/p>\n<p>&#13;<\/p>\n<p align=\"justify\" class=\"text1noticias\">Van Der Horst dijo  que la Comisi\u00f3n Ejecutiva del partido verde, resoluto en el marco de la d\u00e9cimo  segunda (XII) convenci\u00f3n anual, postular nueva vez al doctor Fern\u00e1ndez Reyna,  como candidato para las elecciones presidenciales de 2008.<\/p>\n<p>&#13;<\/p>\n<p align=\"justify\" class=\"text1noticias\">Adelant\u00f3 que solo el  Presidente Fern\u00e1ndez puede llevar al pa\u00eds por el rumbo de la paz y desarrollo  que anhela la poblaci\u00f3n dominicana.<\/p>\n<p>&#13;<\/p>\n<p align=\"justify\" class=\"text1noticias\">Van Der Horst  manifest\u00f3 que a la XII Convenci\u00f3n de La Estructura, asistieron delegados de las  principales fuerzas pol\u00edticas, as\u00ed como m\u00e1s de mil 200 delegados de cada uno de  los municipios del pa\u00eds.<\/p>\n<p>&#13;<\/p>\n<p align=\"justify\" class=\"text1noticias\">En el evento se otorg\u00f3  \u00a0poderes a la comisi\u00f3n pol\u00edtica para  firmar acuerdos y alianzas con los partidos que conforman el Bloque  Progresista, que lidera el Partido de la Liberaci\u00f3n Dominicana (PLD).<\/p>\n<p>&#13;<\/p>\n<p align=\"justify\" class=\"text1noticias\">El presidente de La  Estructura vaticin\u00f3 el triunfo del doctor Leonel Fern\u00e1ndez en la primera  vuelta, debido a que la Rep\u00fablica Dominicana no puede retroceder en el aspecto  pol\u00edtico, econ\u00f3mico y social.\u00a0 <\/p>\n<p>&#13;<\/p>\n<p align=\"justify\" class=\"text1noticias\">Van Der Horst se\u00f1al\u00f3  que la organizaci\u00f3n que dirige seguir\u00e1 aliada al PLD, apoyando la candidatura  del doctor Leonel Fern\u00e1ndez Reyna a la Presidencia de la Rep\u00fablica, por  considerar que la presente gesti\u00f3n ha devuelto la confianza y la tranquilidad a  la ciudadan\u00eda.<\/p>\n<p>&#13;<\/p>\n<p align=\"justify\" class=\"text1noticias\">El dirigente pol\u00edtico  expres\u00f3 que el Presidente Fern\u00e1ndez ha iniciado el camino hacia el desarrollo  social y econ\u00f3mico del pa\u00eds, por lo que la naci\u00f3n no puede volver al retroceso,  el caos y anarqu\u00eda que existi\u00f3 en el pasado.<\/p>\n<p>&#13;<\/p>\n<p align=\"justify\" class=\"text1noticias\">La XII Convenci\u00f3n  Anual del Partido Liberal, estuvo supervisada por delegados de la Junta Central  Electoral. De igual modo cont\u00f3 con la presencia de delegados del Partido de la  Liberaci\u00f3n Dominicana, El BIS, el PTD, APD, entre otras fuerzas que conforman  el Bloque Progresista.<\/p>\n<p>&#13;<\/p>\n<h6> 2008-01-13 19:22:23 <\/h6>\n<p><!--\n<link rel=\"stylesheet\" href=\"css\/bootstrap.min.css\">\n\n\n<ul class=\"pagination\">\n\t    \n\t\n\n<li >\n\t<a href='?page_no=34402'>Previous<\/a>\n\t<\/li>\n\n\n       \n    \n\n<li><a href='?page_no=1'>1<\/a><\/li>\n\n\n\n<li><a href='?page_no=2'>2<\/a><\/li>\n\n\n\n<li><a>...<\/a><\/li>\n\n\n\n<li><a href='?page_no=34401'>34401<\/a><\/li>\n\n\n\n<li><a href='?page_no=34402'>34402<\/a><\/li>\n\n\n\n<li class='active'><a>34403<\/a><\/li>\n\n\n\n<li><a href='?page_no=34404'>34404<\/a><\/li>\n\n\n\n<li><a href='?page_no=34405'>34405<\/a><\/li>\n\n\n\n<li><a>...<\/a><\/li>\n\n\n\n<li><a href='?page_no=36999'>36999<\/a><\/li>\n\n\n\n<li><a href='?page_no=37000'>37000<\/a><\/li>\n\n    \n\t\n\n<li >\n\t<a href='?page_no=34404'>Next<\/a>\n\t<\/li>\n\n\n    \n\n<li><a href='?page_no=37000'>Last &rsaquo;&rsaquo;<\/a><\/li>\n\n<\/ul>\n\n\n--><br \/>\n<\/body><\/p>\n","protected":false},"excerpt":{"rendered":"<p>El Presidente del Partido Liberal La Estructura acus\u00f3 al PRD de ser el responsable del 77% de la Deuda Externa del pa\u00eds, debido a sus malos gobiernos &#13; Andr\u00e9s Van Der Horst dijo que el Partido Revolucionario Dominicano (PRD) es el responsable del 77% del total de la deuda externa, desde la fundaci\u00f3n de la [&hellip;]<\/p>\n","protected":false},"author":3,"featured_media":0,"comment_status":"open","ping_status":"open","sticky":false,"template":"","format":"standard","meta":{"footnotes":""},"categories":[22],"tags":[],"class_list":["post-191655","post","type-post","status-publish","format-standard","hentry","category-politica"],"_links":{"self":[{"href":"https:\/\/diariodominicano.com\/index.php?rest_route=\/wp\/v2\/posts\/191655","targetHints":{"allow":["GET"]}}],"collection":[{"href":"https:\/\/diariodominicano.com\/index.php?rest_route=\/wp\/v2\/posts"}],"about":[{"href":"https:\/\/diariodominicano.com\/index.php?rest_route=\/wp\/v2\/types\/post"}],"author":[{"embeddable":true,"href":"https:\/\/diariodominicano.com\/index.php?rest_route=\/wp\/v2\/users\/3"}],"replies":[{"embeddable":true,"href":"https:\/\/diariodominicano.com\/index.php?rest_route=%2Fwp%2Fv2%2Fcomments&post=191655"}],"version-history":[{"count":0,"href":"https:\/\/diariodominicano.com\/index.php?rest_route=\/wp\/v2\/posts\/191655\/revisions"}],"wp:attachment":[{"href":"https:\/\/diariodominicano.com\/index.php?rest_route=%2Fwp%2Fv2%2Fmedia&parent=191655"}],"wp:term":[{"taxonomy":"category","embeddable":true,"href":"https:\/\/diariodominicano.com\/index.php?rest_route=%2Fwp%2Fv2%2Fcategories&post=191655"},{"taxonomy":"post_tag","embeddable":true,"href":"https:\/\/diariodominicano.com\/index.php?rest_route=%2Fwp%2Fv2%2Ftags&post=191655"}],"curies":[{"name":"wp","href":"https:\/\/api.w.org\/{rel}","templated":true}]}}